{"id":1968,"date":"2020-04-30T20:33:48","date_gmt":"2020-04-30T18:33:48","guid":{"rendered":"http:\/\/www.tvluetzelflueh.ch\/wp_2019_PSC\/?p=1968"},"modified":"2020-04-30T20:39:08","modified_gmt":"2020-04-30T18:39:08","slug":"informationen-trainingsstart-und-wettkaempfe","status":"publish","type":"post","link":"https:\/\/www.tvluetzelflueh.ch\/wp_2019_PSC\/informationen-trainingsstart-und-wettkaempfe\/","title":{"rendered":"Informationen Trainingsstart und Wettk\u00e4mpfe"},"content":{"rendered":"\t\t<div data-elementor-type=\"wp-post\" data-elementor-id=\"1968\" class=\"elementor elementor-1968\">\n\t\t\t\t\t\t<section class=\"elementor-section elementor-top-section elementor-element elementor-element-10f89eb elementor-section-boxed elementor-section-height-default elementor-section-height-default\" data-id=\"10f89eb\" data-element_type=\"section\" data-e-type=\"section\">\n\t\t\t\t\t\t<div class=\"elementor-container elementor-column-gap-default\">\n\t\t\t\t\t<div class=\"elementor-column elementor-col-100 elementor-top-column elementor-element elementor-element-dea00c0\" data-id=\"dea00c0\" data-element_type=\"column\" data-e-type=\"column\">\n\t\t\t<div class=\"elementor-widget-wrap elementor-element-populated\">\n\t\t\t\t\t\t<div class=\"elementor-element elementor-element-2f951aa elementor-widget elementor-widget-text-editor\" data-id=\"2f951aa\" data-element_type=\"widget\" data-e-type=\"widget\" data-widget_type=\"text-editor.default\">\n\t\t\t\t<div class=\"elementor-widget-container\">\n\t\t\t\t\t\t\t\t\t<p><strong>Mitteilung des Vorstands des TV L\u00fctzelfl\u00fch Athletics vom 30.04.2020<br \/><\/strong><\/p><p>Der Bundesrat hat am Mittwoch, 29. April \u00fcber weitere Lockerungen der im Zusammenhang mit der Coronavirus-Pandemie verh\u00e4ngten Massnahmen informiert. Diese betrifft unter anderem Vereinsaktivit\u00e4ten, die Schliessung von Sportanlagen und die Durchf\u00fchrung von Massenveranstaltungen.<\/p><p><u>Trainingsbeginn:<\/u><\/p><p>Damit wir den Trainingsbetrieb ab Kalenderwoche 20 wiederaufnehmen k\u00f6nnen, m\u00fcssen folgende Bedingungen erf\u00fcllt sein:<\/p><p>&#8211; Sportverb\u00e4nde (f\u00fcr uns relevant Swiss Athletics) m\u00fcssen ein Schutzkonzept ausarbeiten, welches vom BASPO abgesegnet wird. Swiss Athletics hat bereits am vergangenen Freitag ein solches Schutzkonzept eingereicht und rechnet nach dem Bundesratsentscheid vom Mittwoch mit einer raschen R\u00fcckmeldung der zust\u00e4ndigen Beh\u00f6rden. Sobald das Konzept plausibilisiert ist, wird Swiss Athletics dar\u00fcber informieren und das vollst\u00e4ndige Konzept ver\u00f6ffentlichen. Dieses Schutzkonzept muss dann auch vom TV L\u00fctzelfl\u00fch Athletics zwingend umgesetzt werden.<\/p><p>&#8211; Sportanlagen\/Sportst\u00e4tten (Sportplatz, Turnhalle) m\u00fcssen ge\u00f6ffnet sein. Dies liegt in der Kompetenz der Gemeinde. Noch fehlen uns diese Informationen der Gemeinde.<\/p><p>&#8211; Die Vorgaben, dass Gruppen von mehr als f\u00fcnf Personen verboten sind, und alle Anwesenden untereinander einen Mindestabstand von 2 Metern einhalten m\u00fcssen, gelten noch mindestens bis zum Sonntag, 7. Juni und m\u00fcssen ab Trainingsstart eingehalten werden. Wie dies genau in unseren Trainings umgesetzt werden soll, m\u00fcssen wir mit den Verb\u00e4nden kl\u00e4ren. Dies ist Teil des Schutzkonzeptes.<\/p><p>Da uns die genannten Informationen noch nicht bekannt sind, k\u00f6nnen wir noch keinen offiziellen Trainingsstart kommunizieren. Dies kann dann aber ab dem 11. Mai kurzfristig bekannt gegeben werden.<\/p><p><u>Schnellster L\u00fctzelfl\u00fcher \/ UBS Kids Cup L\u00fctzelfl\u00fch<\/u><\/p><p>Geplant war, dass wir unsere eigenen Sportevents \u00abSchnellster L\u00fctzelfl\u00fcher\u00bb und \u00abUBS Kids Cup\u00bb am Wochenende 30.\/31. Mai durchf\u00fchren wollen.<\/p><p>Nun ist es aber so, das Sport-Wettk\u00e4mpfe erst wieder ab 8. Juni zul\u00e4ssig sind. UBS Kids Cup hat auch bereits fr\u00fcher kommuniziert, dass alle Anl\u00e4sse vor dem genannten Datum gestrichen werden.<\/p><p>Aus diesem Grund lassen wir diese beiden Anl\u00e4sse schweren Herzens ausfallen. Es wird auch keinen Ersatztermin geben, da vor und nach den Sommerferien viele Ersatztermine von anderen wichtigen Anl\u00e4ssen bereits festgelegt sind und Terminkollisionen unvermeidbar w\u00e4ren.<\/p><p>Wir hoffen, dass dies eine einmalige Ausnahme sein wird und freuen uns auf ein hoffentlich erfreulicheres 2021.<\/p><p><u>Weitere Agenda<\/u><\/p><p>In K\u00fcrze werden wir auf der Agenda der Homepage die n\u00e4chsten Termine f\u00fcr Wettk\u00e4mpfe eintragen. Dies werden auch allf\u00e4llige Verschiebetermine sein. Einzelne sind schon bekannt, z.B. die Jugitage in B\u00e4tterkinden (neu am 22.\/23. August), einzelne noch nicht (z.B. Schnellster \u00c4mmitaler Langnau). Da es auch zu Terminkollisionen kommen kann, m\u00fcssen wir die Pl\u00e4ne gut anschauen.<\/p><p>Dies w\u00e4ren mal die aktuellen Informationen.<\/p><p>Sobald es weitere Infos betreffend Trainingsstart gibt, werden wir uns wieder melden.<\/p><p>Bis dahin\u2026 bleibt gesund und sportlich!<\/p><p>30.04.2020 \/ PSC<\/p><p>Quellen: Swiss Athletics, Baspo, TBOE<\/p>\t\t\t\t\t\t\t\t<\/div>\n\t\t\t\t<\/div>\n\t\t\t\t\t<\/div>\n\t\t<\/div>\n\t\t\t\t\t<\/div>\n\t\t<\/section>\n\t\t\t\t<section class=\"elementor-section elementor-top-section elementor-element elementor-element-b8f539d elementor-section-boxed elementor-section-height-default elementor-section-height-default\" data-id=\"b8f539d\" data-element_type=\"section\" data-e-type=\"section\">\n\t\t\t\t\t\t<div class=\"elementor-container elementor-column-gap-default\">\n\t\t\t\t\t<div class=\"elementor-column elementor-col-100 elementor-top-column elementor-element elementor-element-08c6d98\" data-id=\"08c6d98\" data-element_type=\"column\" data-e-type=\"column\">\n\t\t\t<div class=\"elementor-widget-wrap\">\n\t\t\t\t\t\t\t<\/div>\n\t\t<\/div>\n\t\t\t\t\t<\/div>\n\t\t<\/section>\n\t\t\t\t<\/div>\n\t\t","protected":false},"excerpt":{"rendered":"<p>Mitteilung des Vorstands des TV L\u00fctzelfl\u00fch Athletics vom 30.04.2020 Der Bundesrat hat am Mittwoch, 29. April \u00fcber weitere Lockerungen der im Zusammenhang mit der Coronavirus-Pandemie verh\u00e4ngten Massnahmen informiert. Diese betrifft unter anderem Vereinsaktivit\u00e4ten, die Schliessung von Sportanlagen und die Durchf\u00fchrung von Massenveranstaltungen. Trainingsbeginn: Damit wir den Trainingsbetrieb ab Kalenderwoche 20 wiederaufnehmen k\u00f6nnen, m\u00fcssen folgende Bedingungen [&hellip;]<\/p>\n","protected":false},"author":1,"featured_media":1933,"comment_status":"open","ping_status":"open","sticky":false,"template":"","format":"standard","meta":{"ocean_post_layout":"","ocean_both_sidebars_style":"","ocean_both_sidebars_content_width":0,"ocean_both_sidebars_sidebars_width":0,"ocean_sidebar":"0","ocean_second_sidebar":"0","ocean_disable_margins":"enable","ocean_add_body_class":"","ocean_shortcode_before_top_bar":"","ocean_shortcode_after_top_bar":"","ocean_shortcode_before_header":"","ocean_shortcode_after_header":"","ocean_has_shortcode":"","ocean_shortcode_after_title":"","ocean_shortcode_before_footer_widgets":"","ocean_shortcode_after_footer_widgets":"","ocean_shortcode_before_footer_bottom":"","ocean_shortcode_after_footer_bottom":"","ocean_display_top_bar":"default","ocean_display_header":"default","ocean_header_style":"","ocean_center_header_left_menu":"0","ocean_custom_header_template":"0","ocean_custom_logo":0,"ocean_custom_retina_logo":0,"ocean_custom_logo_max_width":0,"ocean_custom_logo_tablet_max_width":0,"ocean_custom_logo_mobile_max_width":0,"ocean_custom_logo_max_height":0,"ocean_custom_logo_tablet_max_height":0,"ocean_custom_logo_mobile_max_height":0,"ocean_header_custom_menu":"0","ocean_menu_typo_font_family":"0","ocean_menu_typo_font_subset":"","ocean_menu_typo_font_size":0,"ocean_menu_typo_font_size_tablet":0,"ocean_menu_typo_font_size_mobile":0,"ocean_menu_typo_font_size_unit":"px","ocean_menu_typo_font_weight":"","ocean_menu_typo_font_weight_tablet":"","ocean_menu_typo_font_weight_mobile":"","ocean_menu_typo_transform":"","ocean_menu_typo_transform_tablet":"","ocean_menu_typo_transform_mobile":"","ocean_menu_typo_line_height":0,"ocean_menu_typo_line_height_tablet":0,"ocean_menu_typo_line_height_mobile":0,"ocean_menu_typo_line_height_unit":"","ocean_menu_typo_spacing":0,"ocean_menu_typo_spacing_tablet":0,"ocean_menu_typo_spacing_mobile":0,"ocean_menu_typo_spacing_unit":"","ocean_menu_link_color":"","ocean_menu_link_color_hover":"","ocean_menu_link_color_active":"","ocean_menu_link_background":"","ocean_menu_link_hover_background":"","ocean_menu_link_active_background":"","ocean_menu_social_links_bg":"","ocean_menu_social_hover_links_bg":"","ocean_menu_social_links_color":"","ocean_menu_social_hover_links_color":"","ocean_disable_title":"default","ocean_disable_heading":"default","ocean_post_title":"","ocean_post_subheading":"","ocean_post_title_style":"","ocean_post_title_background_color":"","ocean_post_title_background":0,"ocean_post_title_bg_image_position":"","ocean_post_title_bg_image_attachment":"","ocean_post_title_bg_image_repeat":"","ocean_post_title_bg_image_size":"","ocean_post_title_height":0,"ocean_post_title_bg_overlay":0.5,"ocean_post_title_bg_overlay_color":"","ocean_disable_breadcrumbs":"default","ocean_breadcrumbs_color":"","ocean_breadcrumbs_separator_color":"","ocean_breadcrumbs_links_color":"","ocean_breadcrumbs_links_hover_color":"","ocean_display_footer_widgets":"default","ocean_display_footer_bottom":"default","ocean_custom_footer_template":"0","ocean_post_oembed":"","ocean_post_self_hosted_media":"","ocean_post_video_embed":"","ocean_link_format":"","ocean_link_format_target":"self","ocean_quote_format":"","ocean_quote_format_link":"post","ocean_gallery_link_images":"off","ocean_gallery_id":[],"footnotes":""},"categories":[1],"tags":[],"class_list":["post-1968","post","type-post","status-publish","format-standard","has-post-thumbnail","hentry","category-allgemein","entry","has-media"],"_links":{"self":[{"href":"https:\/\/www.tvluetzelflueh.ch\/wp_2019_PSC\/wp-json\/wp\/v2\/posts\/1968","targetHints":{"allow":["GET"]}}],"collection":[{"href":"https:\/\/www.tvluetzelflueh.ch\/wp_2019_PSC\/wp-json\/wp\/v2\/posts"}],"about":[{"href":"https:\/\/www.tvluetzelflueh.ch\/wp_2019_PSC\/wp-json\/wp\/v2\/types\/post"}],"author":[{"embeddable":true,"href":"https:\/\/www.tvluetzelflueh.ch\/wp_2019_PSC\/wp-json\/wp\/v2\/users\/1"}],"replies":[{"embeddable":true,"href":"https:\/\/www.tvluetzelflueh.ch\/wp_2019_PSC\/wp-json\/wp\/v2\/comments?post=1968"}],"version-history":[{"count":4,"href":"https:\/\/www.tvluetzelflueh.ch\/wp_2019_PSC\/wp-json\/wp\/v2\/posts\/1968\/revisions"}],"predecessor-version":[{"id":1972,"href":"https:\/\/www.tvluetzelflueh.ch\/wp_2019_PSC\/wp-json\/wp\/v2\/posts\/1968\/revisions\/1972"}],"wp:featuredmedia":[{"embeddable":true,"href":"https:\/\/www.tvluetzelflueh.ch\/wp_2019_PSC\/wp-json\/wp\/v2\/media\/1933"}],"wp:attachment":[{"href":"https:\/\/www.tvluetzelflueh.ch\/wp_2019_PSC\/wp-json\/wp\/v2\/media?parent=1968"}],"wp:term":[{"taxonomy":"category","embeddable":true,"href":"https:\/\/www.tvluetzelflueh.ch\/wp_2019_PSC\/wp-json\/wp\/v2\/categories?post=1968"},{"taxonomy":"post_tag","embeddable":true,"href":"https:\/\/www.tvluetzelflueh.ch\/wp_2019_PSC\/wp-json\/wp\/v2\/tags?post=1968"}],"curies":[{"name":"wp","href":"https:\/\/api.w.org\/{rel}","templated":true}]}}