{"id":2173,"date":"2020-08-24T18:03:04","date_gmt":"2020-08-24T16:03:04","guid":{"rendered":"http:\/\/www.tvluetzelflueh.ch\/wp_2019_PSC\/?p=2173"},"modified":"2020-08-24T18:08:00","modified_gmt":"2020-08-24T16:08:00","slug":"bericht-swiss-athletics-sprint-kantonalfinal-2020-huttwil","status":"publish","type":"post","link":"https:\/\/www.tvluetzelflueh.ch\/wp_2019_PSC\/bericht-swiss-athletics-sprint-kantonalfinal-2020-huttwil\/","title":{"rendered":"Bericht &#8211; Swiss Athletics Sprint Kantonalfinal 2020 Huttwil"},"content":{"rendered":"\t\t<div data-elementor-type=\"wp-post\" data-elementor-id=\"2173\" class=\"elementor elementor-2173\">\n\t\t\t\t\t\t<section class=\"elementor-section elementor-top-section elementor-element elementor-element-10f89eb elementor-section-boxed elementor-section-height-default elementor-section-height-default\" data-id=\"10f89eb\" data-element_type=\"section\" data-e-type=\"section\">\n\t\t\t\t\t\t<div class=\"elementor-container elementor-column-gap-default\">\n\t\t\t\t\t<div class=\"elementor-column elementor-col-100 elementor-top-column elementor-element elementor-element-dea00c0\" data-id=\"dea00c0\" data-element_type=\"column\" data-e-type=\"column\">\n\t\t\t<div class=\"elementor-widget-wrap elementor-element-populated\">\n\t\t\t\t\t\t<div class=\"elementor-element elementor-element-2f951aa elementor-widget elementor-widget-text-editor\" data-id=\"2f951aa\" data-element_type=\"widget\" data-e-type=\"widget\" data-widget_type=\"text-editor.default\">\n\t\t\t\t<div class=\"elementor-widget-container\">\n\t\t\t\t\t\t\t\t\t<p><strong>Swiss Athletics Sprint &#8211; Kantonalfinal 2020, Huttwil<br \/><\/strong><\/p><div><p><strong>Qualifikation f\u00fcr den Schweizerfinal durch Felix Todd Simon (U12)<\/strong><\/p><p>Bei anf\u00e4nglich leicht regnerischem und sp\u00e4ter sonnigem und warmem Wetter fand in Huttwil der Berner Kantonalfinal des swiss athletics Sprint statt. F\u00fcr den Schweizerfinal vom 19. September 2020 in Interlaken qualifizieren sich die jeweils 2 Schnellsten pro Kategorie\/Jahrgang.<\/p><p>Am schn\u00e4llsten \u00c4mmitaler konnten sich aus den Reihen\/Umfeld des TV L\u00fctzelfl\u00fch Athletics gleich 12 Athletinnen und Athleten f\u00fcr den Kantonalfinal qualifizieren (am Start waren dann deren 11).<\/p><p>Dabei konnten sich von der L\u00fctzelfl\u00fcher Delegation mehr als die H\u00e4lfte, n\u00e4mlich deren 6, f\u00fcr die Finall\u00e4ufe qualifizieren, welche direkt im Anschluss an die Vorl\u00e4ufe stattfanden.<\/p><p>Die beiden 10-j\u00e4hrigen Sprinter Felix Todd Simon und Livio Hauzenberger qualifizierten sich als Vorlauf-2. und -3. als einzige f\u00fcr den A-Final. Dort konnten sie sich mit denselben R\u00e4ngen behaupten und komplettierten das Podest neben dem siegreichen Julien Zimmer von der LV Thun. Der 2. Rang von Felix bedeutet gleichzeitig seine bereits zweite Qualifikation f\u00fcr einen Schweizerfinal (nebst dem UBS Kids Cup)! Mit der dort gelaufenen Zeit von 9.14 sec \u00fcber 60 m pulverisierte er erneut seine pers\u00f6nliche Bestzeit.<\/p><p>F\u00fcr den B-Final qualifizerten sich die beiden 9-j\u00e4hrigen Sprinter Lenny Hug und Colin Eggimann und erreichten dort die sehr guten Gesamtr\u00e4nge 8 (Lenny) und 12 (Colin).<\/p><p>Ebenfalls im B-Final standen die 8-j\u00e4hrige Alissa R\u00fcfenacht (konnte ihre Superzeit vom Vorlauf nicht ganz best\u00e4tigen \/ Gesamtrang 11) und die 7-j\u00e4hrige Nathalie Bichsel (mit 2 konstanten L\u00e4ufen erreichte sie den tollen 7. Gesamtrang).<\/p><p>Die Finall\u00e4ufe leider ganz knapp verfehlt haben die beiden 8-j\u00e4hrigen Mira Bernhard und Giuliano Mosimann (beide Gesamtrang 13).<\/p><p>Sehr viel Pech bekundete der 12-j\u00e4hrige Janik Eggimann, bei welchem im Vorlauf seine Fussverletzung wieder aufkam und dadurch beinahe st\u00fcrzte.<\/p><p>Die anwesenden Coaches Nicole Bernhard und Remo Liechti sowie die TVL-Supporter zeigten sich ab den mehrheitlich sehr guten Leistungen vollends zufrieden. Vor allem die neueren Mitglieder in der TVL-Familie, welche erst ihren 2. oder 3. Wettkampf absolvierten, wussten durch ihre Coolness und Konstanz zu \u00fcberzeugen. Weiter so! Herzliche Gratulation an alle, die am Start waren und sich vor der starken bernischen Konkurrenz nicht verstecken m\u00fcssen!<\/p><p>Falls wir am Regionalfinal im Mille Gruy\u00e8re 1000 m vom n\u00e4chsten Samstag \u00e4hnlich erfolgreich w\u00e4ren, dagegen h\u00e4tte wohl niemand etwas einzuwenden!<\/p><\/div><div><strong>Die Liste mit den Resultaten findet ihr untenstehend!<\/strong><\/div><div>\u00a0<\/div><div>Eine Auswahl an Fotos findet ihr auf der Flickr-Seite unter folgendem Link: <a href=\"https:\/\/flic.kr\/s\/aHsmQdvpCU\">FLICKR<\/a><\/div><div><div>Quelle Fotos:<\/div><div>TV L\u00fctzelfl\u00fch Athletics<\/div><div>\u00a0<\/div><\/div><div>23.08.2020 \/ RLI<\/div>\t\t\t\t\t\t\t\t<\/div>\n\t\t\t\t<\/div>\n\t\t\t\t\t<\/div>\n\t\t<\/div>\n\t\t\t\t\t<\/div>\n\t\t<\/section>\n\t\t\t\t<section class=\"elementor-section elementor-top-section elementor-element elementor-element-bb1e12c elementor-section-boxed elementor-section-height-default elementor-section-height-default\" data-id=\"bb1e12c\" data-element_type=\"section\" data-e-type=\"section\">\n\t\t\t\t\t\t<div class=\"elementor-container elementor-column-gap-default\">\n\t\t\t\t\t<div class=\"elementor-column elementor-col-100 elementor-top-column elementor-element elementor-element-2839d50\" data-id=\"2839d50\" data-element_type=\"column\" data-e-type=\"column\">\n\t\t\t<div class=\"elementor-widget-wrap elementor-element-populated\">\n\t\t\t\t\t\t<div class=\"elementor-element elementor-element-da9bd81 elementor-widget elementor-widget-image\" data-id=\"da9bd81\" data-element_type=\"widget\" data-e-type=\"widget\" data-widget_type=\"image.default\">\n\t\t\t\t<div class=\"elementor-widget-container\">\n\t\t\t\t\t\t\t\t\t\t\t\t\t\t\t<img fetchpriority=\"high\" decoding=\"async\" width=\"1024\" height=\"300\" src=\"https:\/\/www.tvluetzelflueh.ch\/wp_2019_PSC\/wp-content\/uploads\/2020\/08\/2020_08_22_Rangliste-1024x300.jpg\" class=\"attachment-large size-large wp-image-2176\" alt=\"\" srcset=\"https:\/\/www.tvluetzelflueh.ch\/wp_2019_PSC\/wp-content\/uploads\/2020\/08\/2020_08_22_Rangliste-1024x300.jpg 1024w, https:\/\/www.tvluetzelflueh.ch\/wp_2019_PSC\/wp-content\/uploads\/2020\/08\/2020_08_22_Rangliste-300x88.jpg 300w, https:\/\/www.tvluetzelflueh.ch\/wp_2019_PSC\/wp-content\/uploads\/2020\/08\/2020_08_22_Rangliste-768x225.jpg 768w, https:\/\/www.tvluetzelflueh.ch\/wp_2019_PSC\/wp-content\/uploads\/2020\/08\/2020_08_22_Rangliste.jpg 1347w\" sizes=\"(max-width: 1024px) 100vw, 1024px\" \/>\t\t\t\t\t\t\t\t\t\t\t\t\t\t\t<\/div>\n\t\t\t\t<\/div>\n\t\t\t\t\t<\/div>\n\t\t<\/div>\n\t\t\t\t\t<\/div>\n\t\t<\/section>\n\t\t\t\t<section class=\"elementor-section elementor-top-section elementor-element elementor-element-84edc6b elementor-section-boxed elementor-section-height-default elementor-section-height-default\" data-id=\"84edc6b\" data-element_type=\"section\" data-e-type=\"section\">\n\t\t\t\t\t\t<div class=\"elementor-container elementor-column-gap-default\">\n\t\t\t\t\t<div class=\"elementor-column elementor-col-100 elementor-top-column elementor-element elementor-element-6357cf7\" data-id=\"6357cf7\" data-element_type=\"column\" data-e-type=\"column\">\n\t\t\t<div class=\"elementor-widget-wrap elementor-element-populated\">\n\t\t\t\t\t\t<div class=\"elementor-element elementor-element-7c19d9f elementor-widget elementor-widget-image\" data-id=\"7c19d9f\" data-element_type=\"widget\" data-e-type=\"widget\" data-widget_type=\"image.default\">\n\t\t\t\t<div class=\"elementor-widget-container\">\n\t\t\t\t\t\t\t\t\t\t\t\t\t\t\t<img decoding=\"async\" width=\"1024\" height=\"768\" src=\"https:\/\/www.tvluetzelflueh.ch\/wp_2019_PSC\/wp-content\/uploads\/2020\/08\/IMG_6329-1024x768.jpeg\" class=\"attachment-large size-large wp-image-2177\" alt=\"\" srcset=\"https:\/\/www.tvluetzelflueh.ch\/wp_2019_PSC\/wp-content\/uploads\/2020\/08\/IMG_6329-1024x768.jpeg 1024w, https:\/\/www.tvluetzelflueh.ch\/wp_2019_PSC\/wp-content\/uploads\/2020\/08\/IMG_6329-300x225.jpeg 300w, https:\/\/www.tvluetzelflueh.ch\/wp_2019_PSC\/wp-content\/uploads\/2020\/08\/IMG_6329-768x576.jpeg 768w, https:\/\/www.tvluetzelflueh.ch\/wp_2019_PSC\/wp-content\/uploads\/2020\/08\/IMG_6329.jpeg 1280w\" sizes=\"(max-width: 1024px) 100vw, 1024px\" \/>\t\t\t\t\t\t\t\t\t\t\t\t\t\t\t<\/div>\n\t\t\t\t<\/div>\n\t\t\t\t\t<\/div>\n\t\t<\/div>\n\t\t\t\t\t<\/div>\n\t\t<\/section>\n\t\t\t\t<\/div>\n\t\t","protected":false},"excerpt":{"rendered":"<p>Swiss Athletics Sprint &#8211; Kantonalfinal 2020, Huttwil Qualifikation f\u00fcr den Schweizerfinal durch Felix Todd Simon (U12) Bei anf\u00e4nglich leicht regnerischem und sp\u00e4ter sonnigem und warmem Wetter fand in Huttwil der Berner Kantonalfinal des swiss athletics Sprint statt. F\u00fcr den Schweizerfinal vom 19. September 2020 in Interlaken qualifizieren sich die jeweils 2 Schnellsten pro Kategorie\/Jahrgang. Am [&hellip;]<\/p>\n","protected":false},"author":1,"featured_media":2174,"comment_status":"open","ping_status":"open","sticky":false,"template":"","format":"standard","meta":{"ocean_post_layout":"","ocean_both_sidebars_style":"","ocean_both_sidebars_content_width":0,"ocean_both_sidebars_sidebars_width":0,"ocean_sidebar":"0","ocean_second_sidebar":"0","ocean_disable_margins":"enable","ocean_add_body_class":"","ocean_shortcode_before_top_bar":"","ocean_shortcode_after_top_bar":"","ocean_shortcode_before_header":"","ocean_shortcode_after_header":"","ocean_has_shortcode":"","ocean_shortcode_after_title":"","ocean_shortcode_before_footer_widgets":"","ocean_shortcode_after_footer_widgets":"","ocean_shortcode_before_footer_bottom":"","ocean_shortcode_after_footer_bottom":"","ocean_display_top_bar":"default","ocean_display_header":"default","ocean_header_style":"","ocean_center_header_left_menu":"0","ocean_custom_header_template":"0","ocean_custom_logo":0,"ocean_custom_retina_logo":0,"ocean_custom_logo_max_width":0,"ocean_custom_logo_tablet_max_width":0,"ocean_custom_logo_mobile_max_width":0,"ocean_custom_logo_max_height":0,"ocean_custom_logo_tablet_max_height":0,"ocean_custom_logo_mobile_max_height":0,"ocean_header_custom_menu":"0","ocean_menu_typo_font_family":"0","ocean_menu_typo_font_subset":"","ocean_menu_typo_font_size":0,"ocean_menu_typo_font_size_tablet":0,"ocean_menu_typo_font_size_mobile":0,"ocean_menu_typo_font_size_unit":"px","ocean_menu_typo_font_weight":"","ocean_menu_typo_font_weight_tablet":"","ocean_menu_typo_font_weight_mobile":"","ocean_menu_typo_transform":"","ocean_menu_typo_transform_tablet":"","ocean_menu_typo_transform_mobile":"","ocean_menu_typo_line_height":0,"ocean_menu_typo_line_height_tablet":0,"ocean_menu_typo_line_height_mobile":0,"ocean_menu_typo_line_height_unit":"","ocean_menu_typo_spacing":0,"ocean_menu_typo_spacing_tablet":0,"ocean_menu_typo_spacing_mobile":0,"ocean_menu_typo_spacing_unit":"","ocean_menu_link_color":"","ocean_menu_link_color_hover":"","ocean_menu_link_color_active":"","ocean_menu_link_background":"","ocean_menu_link_hover_background":"","ocean_menu_link_active_background":"","ocean_menu_social_links_bg":"","ocean_menu_social_hover_links_bg":"","ocean_menu_social_links_color":"","ocean_menu_social_hover_links_color":"","ocean_disable_title":"default","ocean_disable_heading":"default","ocean_post_title":"","ocean_post_subheading":"","ocean_post_title_style":"","ocean_post_title_background_color":"","ocean_post_title_background":0,"ocean_post_title_bg_image_position":"","ocean_post_title_bg_image_attachment":"","ocean_post_title_bg_image_repeat":"","ocean_post_title_bg_image_size":"","ocean_post_title_height":0,"ocean_post_title_bg_overlay":0.5,"ocean_post_title_bg_overlay_color":"","ocean_disable_breadcrumbs":"default","ocean_breadcrumbs_color":"","ocean_breadcrumbs_separator_color":"","ocean_breadcrumbs_links_color":"","ocean_breadcrumbs_links_hover_color":"","ocean_display_footer_widgets":"default","ocean_display_footer_bottom":"default","ocean_custom_footer_template":"0","ocean_post_oembed":"","ocean_post_self_hosted_media":"","ocean_post_video_embed":"","ocean_link_format":"","ocean_link_format_target":"self","ocean_quote_format":"","ocean_quote_format_link":"post","ocean_gallery_link_images":"off","ocean_gallery_id":[],"footnotes":""},"categories":[1],"tags":[],"class_list":["post-2173","post","type-post","status-publish","format-standard","has-post-thumbnail","hentry","category-allgemein","entry","has-media"],"_links":{"self":[{"href":"https:\/\/www.tvluetzelflueh.ch\/wp_2019_PSC\/wp-json\/wp\/v2\/posts\/2173","targetHints":{"allow":["GET"]}}],"collection":[{"href":"https:\/\/www.tvluetzelflueh.ch\/wp_2019_PSC\/wp-json\/wp\/v2\/posts"}],"about":[{"href":"https:\/\/www.tvluetzelflueh.ch\/wp_2019_PSC\/wp-json\/wp\/v2\/types\/post"}],"author":[{"embeddable":true,"href":"https:\/\/www.tvluetzelflueh.ch\/wp_2019_PSC\/wp-json\/wp\/v2\/users\/1"}],"replies":[{"embeddable":true,"href":"https:\/\/www.tvluetzelflueh.ch\/wp_2019_PSC\/wp-json\/wp\/v2\/comments?post=2173"}],"version-history":[{"count":4,"href":"https:\/\/www.tvluetzelflueh.ch\/wp_2019_PSC\/wp-json\/wp\/v2\/posts\/2173\/revisions"}],"predecessor-version":[{"id":2180,"href":"https:\/\/www.tvluetzelflueh.ch\/wp_2019_PSC\/wp-json\/wp\/v2\/posts\/2173\/revisions\/2180"}],"wp:featuredmedia":[{"embeddable":true,"href":"https:\/\/www.tvluetzelflueh.ch\/wp_2019_PSC\/wp-json\/wp\/v2\/media\/2174"}],"wp:attachment":[{"href":"https:\/\/www.tvluetzelflueh.ch\/wp_2019_PSC\/wp-json\/wp\/v2\/media?parent=2173"}],"wp:term":[{"taxonomy":"category","embeddable":true,"href":"https:\/\/www.tvluetzelflueh.ch\/wp_2019_PSC\/wp-json\/wp\/v2\/categories?post=2173"},{"taxonomy":"post_tag","embeddable":true,"href":"https:\/\/www.tvluetzelflueh.ch\/wp_2019_PSC\/wp-json\/wp\/v2\/tags?post=2173"}],"curies":[{"name":"wp","href":"https:\/\/api.w.org\/{rel}","templated":true}]}}