{"id":2205,"date":"2020-09-12T22:22:15","date_gmt":"2020-09-12T20:22:15","guid":{"rendered":"http:\/\/www.tvluetzelflueh.ch\/wp_2019_PSC\/?p=2205"},"modified":"2020-09-12T22:28:34","modified_gmt":"2020-09-12T20:28:34","slug":"bericht-staffel-meeting-wankdorf-2020","status":"publish","type":"post","link":"https:\/\/www.tvluetzelflueh.ch\/wp_2019_PSC\/bericht-staffel-meeting-wankdorf-2020\/","title":{"rendered":"Bericht &#8211; Staffel-Meeting Wankdorf 2020"},"content":{"rendered":"\t\t<div data-elementor-type=\"wp-post\" data-elementor-id=\"2205\" class=\"elementor elementor-2205\">\n\t\t\t\t\t\t<section class=\"elementor-section elementor-top-section elementor-element elementor-element-10f89eb elementor-section-boxed elementor-section-height-default elementor-section-height-default\" data-id=\"10f89eb\" data-element_type=\"section\" data-e-type=\"section\">\n\t\t\t\t\t\t<div class=\"elementor-container elementor-column-gap-default\">\n\t\t\t\t\t<div class=\"elementor-column elementor-col-100 elementor-top-column elementor-element elementor-element-dea00c0\" data-id=\"dea00c0\" data-element_type=\"column\" data-e-type=\"column\">\n\t\t\t<div class=\"elementor-widget-wrap elementor-element-populated\">\n\t\t\t\t\t\t<div class=\"elementor-element elementor-element-2f951aa elementor-widget elementor-widget-text-editor\" data-id=\"2f951aa\" data-element_type=\"widget\" data-e-type=\"widget\" data-widget_type=\"text-editor.default\">\n\t\t\t\t<div class=\"elementor-widget-container\">\n\t\t\t\t\t\t\t\t\t<div><p><strong>Staffel-Meeting 2020, Wankdorf Stadion Bern<\/strong><\/p><p>Zu etwas ungewohnter Zeit fand sich am Freitagabend eine grosse Delegation des TV L\u00fctzelfl\u00fch Athletics zum Staffel-Meeting 2020 ein. Der von Buchsi und STB organisierte Anlass fand bei tollem Wetter im Leichtathletikstadion Wankdorf statt.<\/p><p>Unsere Delegation war unter den bekannten Vereinen STB, GGB, L\u00e4nggasse, LVThun nicht zu \u00fcbersehen. Gleich mit 31 Athletinnen und Athleten (Jahrg\u00e4nge 2001 bis 2012) sowie 4 Betreuern waren wir vor Ort, um uns mit den anderen Vereinen zu messen.<\/p><p>F\u00fcr uns auf dem Programm standen folgende Staffeln:<\/p><ul><li>U12M \u2013 6xfrei, mit Livio, Colin, Jonas, Adrian, Lenny und Marc<\/li><li>U12W \u2013 6xfrei, mit Julia, Alia, Malea, Leonie, Seraina und Janine<\/li><li>U12W \u2013 6xfrei, mit Mira, No\u00ebmi, Olivia, Amelie, Lindsey und Alissa<\/li><li>U14Mixed \u2013 5xfrei, mit Michelle, Jasmin, Silvan, Nils und Janik (in der M\u00e4nner-Gruppe gestartet!)<\/li><li>U16W \u2013 5xfrei, mit Selina, Livia, Elin, Steffi und Chiara<\/li><li>Am\u00e9ricaine 2000 \u2013 Mixed, mit Cedi, Sarina und Micha<\/li><li>Am\u00e9ricaine 2000 \u2013 W, mit Janine, Leonie und Seraina<\/li><li>Am\u00e9ricaine 2000 \u2013 W, mit Julia, Alissa und Mira<\/li><\/ul><p>Die beste Zeit bei den 400m Staffeln erreichten wie erwartet die U16-Girls, mit 0:56:05. Das U14-Mixed-Team war aber mit 0:58:43 nur sehr knapp langsamer und erreichten damit den guten 5. Platz von 8 Teams, wohlgemerkt in der M\u00e4nnerkategorie.<\/p><p>Die U12er Teams konnten mit ihren Zeiten 1:04:97 (M), 1:08:18 (W) und 1:10:82 (W) wichtige \u00abLehrbl\u00e4tze\u00bb f\u00fcr die Zukunft sammeln.<\/p><p>Leider reichte es f\u00fcr kein 400m-Staffelteam aufs Podest. Die namhafte Konkurrenz war einfach zu stark. F\u00fcr viele Athletinnen und Athleten war es aber auch die erste Teilnahme an einem Staffel-Rennen. Die gewonnenen Erfahrungen und Erinnerungen d\u00fcrfen daher h\u00f6her gewichtet werden.<\/p><p>Das Mixed-Am\u00e9ricaine-Team konnte das Podest ganz zuoberst in Beschlag nehmen. Mit einer Zeit von 5:15:22 \u00fcber 2000m waren die Drei von den anderen Team nicht zu schlagen. Leider war die Konkurrenz in dieser Kategorie sehr d\u00fcnn, was dem Rennen etwas den Anreiz nahm.<\/p><p>Anders war es bei unseren beiden Am\u00e9ricaine-U12-Girls. Gleich 14 Teams waren am Start. Team 1 konnte die 2000m mit 6:27:39 abschliessen. Team 2 konnte leider das Rennen nicht beenden, da eine L\u00e4uferin im Gedr\u00e4nge der Wechselzone st\u00fcrzte. Leider gab es ein paar Sch\u00fcrfwunden, aber zum Gl\u00fcck passierte nichts Ernsthaftes.<\/p><p>Als Fazit kann man sagen, dass der Anlass, mal abgesehen von den Sch\u00fcrfungen, ein voller Erfolg war. Ein Staffeltraining unter Wettkampfbedingungen ist absolut das Beste und gefallen hat es auch allen Anwesenden.<\/p><p>Bravo allen Teilnehmenden!<\/p><\/div><div>Die Liste mit den Resultaten findet ihr <a href=\"https:\/\/www.buchsi-athletics.ch\/staffel-meeting-bern-2020\/\">HIER (Homepage Buchsi)<\/a><\/div><div>\u00a0<\/div><div>Eine Auswahl an Fotos findet ihr auf der Flickr-Seite unter folgendem Link: <a href=\"https:\/\/flic.kr\/s\/aHsmQHwmY4\">FLICKR<\/a><\/div><div><div>Quelle Fotos:<\/div><div>TV L\u00fctzelfl\u00fch Athletics<\/div><div>\u00a0<\/div><\/div><div>12.09.2020 \/ PSC<\/div>\t\t\t\t\t\t\t\t<\/div>\n\t\t\t\t<\/div>\n\t\t\t\t\t<\/div>\n\t\t<\/div>\n\t\t\t\t\t<\/div>\n\t\t<\/section>\n\t\t\t\t<section class=\"elementor-section elementor-top-section elementor-element elementor-element-84edc6b elementor-section-boxed elementor-section-height-default elementor-section-height-default\" data-id=\"84edc6b\" data-element_type=\"section\" data-e-type=\"section\">\n\t\t\t\t\t\t<div class=\"elementor-container elementor-column-gap-default\">\n\t\t\t\t\t<div class=\"elementor-column elementor-col-100 elementor-top-column elementor-element elementor-element-6357cf7\" data-id=\"6357cf7\" data-element_type=\"column\" data-e-type=\"column\">\n\t\t\t<div class=\"elementor-widget-wrap elementor-element-populated\">\n\t\t\t\t\t\t<div class=\"elementor-element elementor-element-7c19d9f elementor-widget elementor-widget-image\" data-id=\"7c19d9f\" data-element_type=\"widget\" data-e-type=\"widget\" data-widget_type=\"image.default\">\n\t\t\t\t<div class=\"elementor-widget-container\">\n\t\t\t\t\t\t\t\t\t\t\t\t\t\t\t<img fetchpriority=\"high\" decoding=\"async\" width=\"1024\" height=\"768\" src=\"https:\/\/www.tvluetzelflueh.ch\/wp_2019_PSC\/wp-content\/uploads\/2020\/09\/IMG_6576-1024x768.jpg\" class=\"attachment-large size-large wp-image-2211\" alt=\"\" srcset=\"https:\/\/www.tvluetzelflueh.ch\/wp_2019_PSC\/wp-content\/uploads\/2020\/09\/IMG_6576-1024x768.jpg 1024w, https:\/\/www.tvluetzelflueh.ch\/wp_2019_PSC\/wp-content\/uploads\/2020\/09\/IMG_6576-300x225.jpg 300w, https:\/\/www.tvluetzelflueh.ch\/wp_2019_PSC\/wp-content\/uploads\/2020\/09\/IMG_6576-768x576.jpg 768w, https:\/\/www.tvluetzelflueh.ch\/wp_2019_PSC\/wp-content\/uploads\/2020\/09\/IMG_6576.jpg 1280w\" sizes=\"(max-width: 1024px) 100vw, 1024px\" \/>\t\t\t\t\t\t\t\t\t\t\t\t\t\t\t<\/div>\n\t\t\t\t<\/div>\n\t\t\t\t\t<\/div>\n\t\t<\/div>\n\t\t\t\t\t<\/div>\n\t\t<\/section>\n\t\t\t\t<\/div>\n\t\t","protected":false},"excerpt":{"rendered":"<p>Staffel-Meeting 2020, Wankdorf Stadion Bern Zu etwas ungewohnter Zeit fand sich am Freitagabend eine grosse Delegation des TV L\u00fctzelfl\u00fch Athletics zum Staffel-Meeting 2020 ein. Der von Buchsi und STB organisierte Anlass fand bei tollem Wetter im Leichtathletikstadion Wankdorf statt. Unsere Delegation war unter den bekannten Vereinen STB, GGB, L\u00e4nggasse, LVThun nicht zu \u00fcbersehen. Gleich mit [&hellip;]<\/p>\n","protected":false},"author":1,"featured_media":2206,"comment_status":"open","ping_status":"open","sticky":false,"template":"","format":"standard","meta":{"ocean_post_layout":"","ocean_both_sidebars_style":"","ocean_both_sidebars_content_width":0,"ocean_both_sidebars_sidebars_width":0,"ocean_sidebar":"0","ocean_second_sidebar":"0","ocean_disable_margins":"enable","ocean_add_body_class":"","ocean_shortcode_before_top_bar":"","ocean_shortcode_after_top_bar":"","ocean_shortcode_before_header":"","ocean_shortcode_after_header":"","ocean_has_shortcode":"","ocean_shortcode_after_title":"","ocean_shortcode_before_footer_widgets":"","ocean_shortcode_after_footer_widgets":"","ocean_shortcode_before_footer_bottom":"","ocean_shortcode_after_footer_bottom":"","ocean_display_top_bar":"default","ocean_display_header":"default","ocean_header_style":"","ocean_center_header_left_menu":"0","ocean_custom_header_template":"0","ocean_custom_logo":0,"ocean_custom_retina_logo":0,"ocean_custom_logo_max_width":0,"ocean_custom_logo_tablet_max_width":0,"ocean_custom_logo_mobile_max_width":0,"ocean_custom_logo_max_height":0,"ocean_custom_logo_tablet_max_height":0,"ocean_custom_logo_mobile_max_height":0,"ocean_header_custom_menu":"0","ocean_menu_typo_font_family":"0","ocean_menu_typo_font_subset":"","ocean_menu_typo_font_size":0,"ocean_menu_typo_font_size_tablet":0,"ocean_menu_typo_font_size_mobile":0,"ocean_menu_typo_font_size_unit":"px","ocean_menu_typo_font_weight":"","ocean_menu_typo_font_weight_tablet":"","ocean_menu_typo_font_weight_mobile":"","ocean_menu_typo_transform":"","ocean_menu_typo_transform_tablet":"","ocean_menu_typo_transform_mobile":"","ocean_menu_typo_line_height":0,"ocean_menu_typo_line_height_tablet":0,"ocean_menu_typo_line_height_mobile":0,"ocean_menu_typo_line_height_unit":"","ocean_menu_typo_spacing":0,"ocean_menu_typo_spacing_tablet":0,"ocean_menu_typo_spacing_mobile":0,"ocean_menu_typo_spacing_unit":"","ocean_menu_link_color":"","ocean_menu_link_color_hover":"","ocean_menu_link_color_active":"","ocean_menu_link_background":"","ocean_menu_link_hover_background":"","ocean_menu_link_active_background":"","ocean_menu_social_links_bg":"","ocean_menu_social_hover_links_bg":"","ocean_menu_social_links_color":"","ocean_menu_social_hover_links_color":"","ocean_disable_title":"default","ocean_disable_heading":"default","ocean_post_title":"","ocean_post_subheading":"","ocean_post_title_style":"","ocean_post_title_background_color":"","ocean_post_title_background":0,"ocean_post_title_bg_image_position":"","ocean_post_title_bg_image_attachment":"","ocean_post_title_bg_image_repeat":"","ocean_post_title_bg_image_size":"","ocean_post_title_height":0,"ocean_post_title_bg_overlay":0.5,"ocean_post_title_bg_overlay_color":"","ocean_disable_breadcrumbs":"default","ocean_breadcrumbs_color":"","ocean_breadcrumbs_separator_color":"","ocean_breadcrumbs_links_color":"","ocean_breadcrumbs_links_hover_color":"","ocean_display_footer_widgets":"default","ocean_display_footer_bottom":"default","ocean_custom_footer_template":"0","ocean_post_oembed":"","ocean_post_self_hosted_media":"","ocean_post_video_embed":"","ocean_link_format":"","ocean_link_format_target":"self","ocean_quote_format":"","ocean_quote_format_link":"post","ocean_gallery_link_images":"off","ocean_gallery_id":[],"footnotes":""},"categories":[1],"tags":[],"class_list":["post-2205","post","type-post","status-publish","format-standard","has-post-thumbnail","hentry","category-allgemein","entry","has-media"],"_links":{"self":[{"href":"https:\/\/www.tvluetzelflueh.ch\/wp_2019_PSC\/wp-json\/wp\/v2\/posts\/2205","targetHints":{"allow":["GET"]}}],"collection":[{"href":"https:\/\/www.tvluetzelflueh.ch\/wp_2019_PSC\/wp-json\/wp\/v2\/posts"}],"about":[{"href":"https:\/\/www.tvluetzelflueh.ch\/wp_2019_PSC\/wp-json\/wp\/v2\/types\/post"}],"author":[{"embeddable":true,"href":"https:\/\/www.tvluetzelflueh.ch\/wp_2019_PSC\/wp-json\/wp\/v2\/users\/1"}],"replies":[{"embeddable":true,"href":"https:\/\/www.tvluetzelflueh.ch\/wp_2019_PSC\/wp-json\/wp\/v2\/comments?post=2205"}],"version-history":[{"count":7,"href":"https:\/\/www.tvluetzelflueh.ch\/wp_2019_PSC\/wp-json\/wp\/v2\/posts\/2205\/revisions"}],"predecessor-version":[{"id":2214,"href":"https:\/\/www.tvluetzelflueh.ch\/wp_2019_PSC\/wp-json\/wp\/v2\/posts\/2205\/revisions\/2214"}],"wp:featuredmedia":[{"embeddable":true,"href":"https:\/\/www.tvluetzelflueh.ch\/wp_2019_PSC\/wp-json\/wp\/v2\/media\/2206"}],"wp:attachment":[{"href":"https:\/\/www.tvluetzelflueh.ch\/wp_2019_PSC\/wp-json\/wp\/v2\/media?parent=2205"}],"wp:term":[{"taxonomy":"category","embeddable":true,"href":"https:\/\/www.tvluetzelflueh.ch\/wp_2019_PSC\/wp-json\/wp\/v2\/categories?post=2205"},{"taxonomy":"post_tag","embeddable":true,"href":"https:\/\/www.tvluetzelflueh.ch\/wp_2019_PSC\/wp-json\/wp\/v2\/tags?post=2205"}],"curies":[{"name":"wp","href":"https:\/\/api.w.org\/{rel}","templated":true}]}}