{"id":3260,"date":"2022-02-28T13:49:31","date_gmt":"2022-02-28T12:49:31","guid":{"rendered":"https:\/\/www.tvluetzelflueh.ch\/wp_2019_PSC\/?p=3260"},"modified":"2022-02-28T13:57:23","modified_gmt":"2022-02-28T12:57:23","slug":"bericht-ubs-kids-cup-teams-langenthal","status":"publish","type":"post","link":"https:\/\/www.tvluetzelflueh.ch\/wp_2019_PSC\/bericht-ubs-kids-cup-teams-langenthal\/","title":{"rendered":"Bericht UBS Kids Cup Teams, Langenthal"},"content":{"rendered":"\t\t<div data-elementor-type=\"wp-post\" data-elementor-id=\"3260\" class=\"elementor elementor-3260\">\n\t\t\t\t\t\t<section class=\"elementor-section elementor-top-section elementor-element elementor-element-10f89eb elementor-section-boxed elementor-section-height-default elementor-section-height-default\" data-id=\"10f89eb\" data-element_type=\"section\" data-e-type=\"section\">\n\t\t\t\t\t\t<div class=\"elementor-container elementor-column-gap-default\">\n\t\t\t\t\t<div class=\"elementor-column elementor-col-100 elementor-top-column elementor-element elementor-element-dea00c0\" data-id=\"dea00c0\" data-element_type=\"column\" data-e-type=\"column\">\n\t\t\t<div class=\"elementor-widget-wrap elementor-element-populated\">\n\t\t\t\t\t\t<div class=\"elementor-element elementor-element-2f951aa elementor-widget elementor-widget-text-editor\" data-id=\"2f951aa\" data-element_type=\"widget\" data-e-type=\"widget\" data-widget_type=\"text-editor.default\">\n\t\t\t\t<div class=\"elementor-widget-container\">\n\t\t\t\t\t\t\t\t\t<p><strong>Regionale Ausscheidung Kids Cup Teams vom 27. Februar 2022 in Langenthal<\/strong><\/p><p><u>Vormittag<\/u><\/p><p>Am Sonntag, 27. Februar 2022 war es Zeit f\u00fcr die letzte regionale Ausscheidung Kids Cup Team vor dem kommenden Regionalfinal in Burgdorf. Um 06.20 Uhr in der Fr\u00fch startete der Tag f\u00fcr neun motivierte Athlet:innen in L\u00fctzelfl\u00fch. In Langenthal angekommen war die Begeisterung f\u00fcrs Einlaufen in der beissenden K\u00e4lte schwer zu finden. Rechtzeitig zum Wettkampfstart um 08.00 Uhr waren aber alle parat und top fit. Das U16 mixed Team mit Nils, Janik, Silvan und Jael startete nur zu viert, da eine Athletin kurzfristig krank geworden war. Dieses Team hatte sich allerdings schon in Herzogenbuchsee qualifiziert u startete sowieso ausser Konkurrenz. Den Anfang machte aber das U14 mixed Team mit Janine, Julia, Leonie, Seraina und Livio bei der Sprungchallenge. Es wurde ein solides Resultat erzielt, wobei vielleicht noch ein, zwei Punkte mehr drinngelegen w\u00e4ren. In der anschliessenden H\u00fcrdenstaffette gelang dem Team ein sehr schneller Lauf, leider gab es aber auf Grund von gefallenen H\u00fcrden zwei Strafsekunden. Nach diesen ersten zwei Disziplinen lag das U14 Team punktgleich mit 3 anderen Teams auf Zwischenrang 3. Mit einem guten Biathlon und Teamcross w\u00e4re also alles noch m\u00f6glich. Das U16 Team startete mit dem Stabweitsprung und wechselte anschliessend zum Risikosprint. Ihnen gelangen gute Leistungen, mit einer Athletin weniger und ausser Konkurrenz startend wurden sie aber nicht mit Rangpunkten auf der Zwischenrangliste gef\u00fchrt. Beim anschliessenden Biathlon legte das U16 Team eine Steilvorlage. Ihnen fehlte nur ein Punkt auf das beste Team, auch hier mit einer Athletin weniger, wohlgemerkt. F\u00fcr den kommenden Regionalfinal ist das eine vielversprechende Ausgangslage. Der Biathlon der U14er verlief dann aber nicht ganz wunschgem\u00e4ss. Die H\u00fctchen der oberen Reihe wollten einfach nicht runterfallen. So resultierte der vierte Zwischenrang vor der letzten Disziplin, allerdings mit einem betr\u00e4chtlichen R\u00fcckstand auf das Podest. Wie immer war der Teamcross ein harter Fight. Die U16er legten nach einem \u201eAbdr\u00e4nger\u201c mit Sturzfolge kurz nach dem Start eine fulminante Aufholjagd hin. Auch die U14er f\u00fchrten harte K\u00e4mpfe, verloren und machten immer wieder Pl\u00e4tze gut. Am Schluss resultierte in beiden L\u00e4ufen der vierte Rang. Auch als Schlussrang resultierte f\u00fcr das U14 mixed Team der vierte Platz.<\/p><p><u>Nachmittag:<\/u><\/p><p>Mit etwas Versp\u00e4tung traten die Athletinnen und Athleten der Mixed Teams U12 und U10 am Mittag die Fahrt nach Langenthal an. Statt wie geplant mit dem Bus reisten wir mit drei PWs an. Trotz der Versp\u00e4tung hatten wir ausreichend Zeit. Die einzigen gestressten waren vermutlich Budi, Nicole und Martina. Die Athletinnen und Athleten zeigten sich motiviert und gespr\u00e4chig. In Langenthal angekommen, ging es sofort mit dem Aufw\u00e4rmen los. Anschlie\u00dfend folgte das \u00dcben in der jeweiligen Sprint- und Sprungdisziplin. Im Ringlisprint erreichte das U12 Mixed Team ausgezeichnete 24 Punkte und verbesserte sich damit um ganze vier Punkte, dass obwohl etwas kontrovers ein Punkt nicht gegeben wurde. Auch im Zonenweitsprung konnte sich das Team verbessern und erreichte gro\u00dfartige 20 Punkte. Nach den ersten zwei Disziplinen lagen Adrian, Mira, Alissa, Giuliano, Lindsey und Collin auf Rang vier. Am Kids Cup in Langenthal hatte es harte Konkurrenz. Das U10 Mixed Team bestehend aus Sophie, Lina, Mehmet, Andrin, L\u00e9onie und Valentina erreichte im Weltklasse Sprung 19 Punkte und holte damit die bisher meisten Punkte in der laufenden Saison. Dass das Team damit auf dem siebten Rang landete, spricht f\u00fcr die Leistungen der anderen Mannschaften in der Kategorie. Nach zwei Stabfehler im UBS Gold Sprint befand sich das Team auf dem 8. Platz. Nach den zwei ersten Disziplinen folgten f\u00fcr beide Mixed Teams der Biathlon und der Teamcross. Beim Biathlon, wo wir in mit unseren U10 und U12 Teams in der bisherigen Saison eigentlich immer gl\u00e4nzen konnten, wollten dieses Mal die Pylonen einfach nicht fallen. Das U12 Mixed Team fiel als Folge dessen auf den f\u00fcnften Rang zur\u00fcck, das U10 Mixed Team konnte seinen Rang behalten. Tapfer schlugen sich die Athletinnen und Athleten im Teamcross. Das U12 Mixed Team landete dabei aus unserer Sicht \u00fcberraschend auf dem 5. statt dem 4. Rang. Am Ende sind es jedoch nicht unsere Augen, die \u00fcber die Rangierung entscheiden. Gl\u00fcck im Ungl\u00fcck, auch mit dem 4. Platz im Teamcross h\u00e4tte sich das Team nicht f\u00fcr den Regionalfinal qualifiziert. Am Ende holte sich das U12 Mixed Team den 5. Rang, ein erfreuliches Resultat, wenn die Leistung der Konkurrenz sowie die Anzahl der teilnehmenden Mannschaften ber\u00fccksichtigt wird. Das Gl\u00fcck war dieses Mal mehrfach nicht auf unserer Seite. Sehr erfreulich sind die geholten Punkte in der Sprint- und der Sprungdisziplin. Das U10 Mixed Team beendete den Wettkampf auf dem 8. Rang, auch hier war die Verbesserung in der Sprungdisziplin sehr erfreulich. Erzielt wurden Resultate auf, welche die Athletinnen und Athleten in Anbetracht der harten Konkurrenz sehr stolz sein k\u00f6nnen. Herzliche Gratulation an die Teilnehmenden.<\/p><p>28.02.2022 \/ Celina (VoMi), Martina (NaMi)<\/p>\t\t\t\t\t\t\t\t<\/div>\n\t\t\t\t<\/div>\n\t\t\t\t<div class=\"elementor-element elementor-element-50e1225 elementor-align-center elementor-widget elementor-widget-button\" data-id=\"50e1225\" data-element_type=\"widget\" data-e-type=\"widget\" data-widget_type=\"button.default\">\n\t\t\t\t<div class=\"elementor-widget-container\">\n\t\t\t\t\t\t\t\t\t<div class=\"elementor-button-wrapper\">\n\t\t\t\t\t<a class=\"elementor-button elementor-button-link elementor-size-sm\" href=\"https:\/\/flic.kr\/s\/aHBqjzE2te\" target=\"_blank\">\n\t\t\t\t\t\t<span class=\"elementor-button-content-wrapper\">\n\t\t\t\t\t\t\t\t\t<span class=\"elementor-button-text\">Link zu Fotos auf Flickr<\/span>\n\t\t\t\t\t<\/span>\n\t\t\t\t\t<\/a>\n\t\t\t\t<\/div>\n\t\t\t\t\t\t\t\t<\/div>\n\t\t\t\t<\/div>\n\t\t\t\t<div class=\"elementor-element elementor-element-b949a40 elementor-align-center elementor-widget elementor-widget-button\" data-id=\"b949a40\" data-element_type=\"widget\" data-e-type=\"widget\" data-widget_type=\"button.default\">\n\t\t\t\t<div class=\"elementor-widget-container\">\n\t\t\t\t\t\t\t\t\t<div class=\"elementor-button-wrapper\">\n\t\t\t\t\t<a class=\"elementor-button elementor-button-link elementor-size-sm\" href=\"https:\/\/www.ubs-kidscup.ch\/fileadmin\/ubskidscup\/ubs_kids_cup_team\/downloads\/20220227_Rangliste_UbsKidsCupTeam_Vormittag.pdf\" target=\"_blank\">\n\t\t\t\t\t\t<span class=\"elementor-button-content-wrapper\">\n\t\t\t\t\t\t\t\t\t<span class=\"elementor-button-text\">Link zu den Endresultaten Vormittag<\/span>\n\t\t\t\t\t<\/span>\n\t\t\t\t\t<\/a>\n\t\t\t\t<\/div>\n\t\t\t\t\t\t\t\t<\/div>\n\t\t\t\t<\/div>\n\t\t\t\t<div class=\"elementor-element elementor-element-5d6d9bc elementor-align-center elementor-widget elementor-widget-button\" data-id=\"5d6d9bc\" data-element_type=\"widget\" data-e-type=\"widget\" data-widget_type=\"button.default\">\n\t\t\t\t<div class=\"elementor-widget-container\">\n\t\t\t\t\t\t\t\t\t<div class=\"elementor-button-wrapper\">\n\t\t\t\t\t<a class=\"elementor-button elementor-button-link elementor-size-sm\" href=\"https:\/\/www.ubs-kidscup.ch\/fileadmin\/ubskidscup\/ubs_kids_cup_team\/downloads\/20220227_Rangliste_UbsKidsCupTeam_Nachmittag.pdf\" target=\"_blank\">\n\t\t\t\t\t\t<span class=\"elementor-button-content-wrapper\">\n\t\t\t\t\t\t\t\t\t<span class=\"elementor-button-text\">Link zu den Endresultaten Nachmittag<\/span>\n\t\t\t\t\t<\/span>\n\t\t\t\t\t<\/a>\n\t\t\t\t<\/div>\n\t\t\t\t\t\t\t\t<\/div>\n\t\t\t\t<\/div>\n\t\t\t\t\t<\/div>\n\t\t<\/div>\n\t\t\t\t\t<\/div>\n\t\t<\/section>\n\t\t\t\t<section class=\"elementor-section elementor-top-section elementor-element elementor-element-89e2583 elementor-section-boxed elementor-section-height-default elementor-section-height-default\" data-id=\"89e2583\" data-element_type=\"section\" data-e-type=\"section\">\n\t\t\t\t\t\t<div class=\"elementor-container elementor-column-gap-default\">\n\t\t\t\t\t<div class=\"elementor-column elementor-col-100 elementor-top-column elementor-element elementor-element-6b526f5\" data-id=\"6b526f5\" data-element_type=\"column\" data-e-type=\"column\">\n\t\t\t<div class=\"elementor-widget-wrap\">\n\t\t\t\t\t\t\t<\/div>\n\t\t<\/div>\n\t\t\t\t\t<\/div>\n\t\t<\/section>\n\t\t\t\t<\/div>\n\t\t","protected":false},"excerpt":{"rendered":"<p>Regionale Ausscheidung Kids Cup Teams vom 27. Februar 2022 in Langenthal Vormittag Am Sonntag, 27. Februar 2022 war es Zeit f\u00fcr die letzte regionale Ausscheidung Kids Cup Team vor dem kommenden Regionalfinal in Burgdorf. Um 06.20 Uhr in der Fr\u00fch startete der Tag f\u00fcr neun motivierte Athlet:innen in L\u00fctzelfl\u00fch. In Langenthal angekommen war die Begeisterung [&hellip;]<\/p>\n","protected":false},"author":1,"featured_media":3261,"comment_status":"open","ping_status":"open","sticky":false,"template":"","format":"standard","meta":{"ocean_post_layout":"","ocean_both_sidebars_style":"","ocean_both_sidebars_content_width":0,"ocean_both_sidebars_sidebars_width":0,"ocean_sidebar":"0","ocean_second_sidebar":"0","ocean_disable_margins":"enable","ocean_add_body_class":"","ocean_shortcode_before_top_bar":"","ocean_shortcode_after_top_bar":"","ocean_shortcode_before_header":"","ocean_shortcode_after_header":"","ocean_has_shortcode":"","ocean_shortcode_after_title":"","ocean_shortcode_before_footer_widgets":"","ocean_shortcode_after_footer_widgets":"","ocean_shortcode_before_footer_bottom":"","ocean_shortcode_after_footer_bottom":"","ocean_display_top_bar":"default","ocean_display_header":"default","ocean_header_style":"","ocean_center_header_left_menu":"0","ocean_custom_header_template":"0","ocean_custom_logo":0,"ocean_custom_retina_logo":0,"ocean_custom_logo_max_width":0,"ocean_custom_logo_tablet_max_width":0,"ocean_custom_logo_mobile_max_width":0,"ocean_custom_logo_max_height":0,"ocean_custom_logo_tablet_max_height":0,"ocean_custom_logo_mobile_max_height":0,"ocean_header_custom_menu":"0","ocean_menu_typo_font_family":"0","ocean_menu_typo_font_subset":"","ocean_menu_typo_font_size":0,"ocean_menu_typo_font_size_tablet":0,"ocean_menu_typo_font_size_mobile":0,"ocean_menu_typo_font_size_unit":"px","ocean_menu_typo_font_weight":"","ocean_menu_typo_font_weight_tablet":"","ocean_menu_typo_font_weight_mobile":"","ocean_menu_typo_transform":"","ocean_menu_typo_transform_tablet":"","ocean_menu_typo_transform_mobile":"","ocean_menu_typo_line_height":0,"ocean_menu_typo_line_height_tablet":0,"ocean_menu_typo_line_height_mobile":0,"ocean_menu_typo_line_height_unit":"","ocean_menu_typo_spacing":0,"ocean_menu_typo_spacing_tablet":0,"ocean_menu_typo_spacing_mobile":0,"ocean_menu_typo_spacing_unit":"","ocean_menu_link_color":"","ocean_menu_link_color_hover":"","ocean_menu_link_color_active":"","ocean_menu_link_background":"","ocean_menu_link_hover_background":"","ocean_menu_link_active_background":"","ocean_menu_social_links_bg":"","ocean_menu_social_hover_links_bg":"","ocean_menu_social_links_color":"","ocean_menu_social_hover_links_color":"","ocean_disable_title":"default","ocean_disable_heading":"default","ocean_post_title":"","ocean_post_subheading":"","ocean_post_title_style":"","ocean_post_title_background_color":"","ocean_post_title_background":0,"ocean_post_title_bg_image_position":"","ocean_post_title_bg_image_attachment":"","ocean_post_title_bg_image_repeat":"","ocean_post_title_bg_image_size":"","ocean_post_title_height":0,"ocean_post_title_bg_overlay":0.5,"ocean_post_title_bg_overlay_color":"","ocean_disable_breadcrumbs":"default","ocean_breadcrumbs_color":"","ocean_breadcrumbs_separator_color":"","ocean_breadcrumbs_links_color":"","ocean_breadcrumbs_links_hover_color":"","ocean_display_footer_widgets":"default","ocean_display_footer_bottom":"default","ocean_custom_footer_template":"0","ocean_post_oembed":"","ocean_post_self_hosted_media":"","ocean_post_video_embed":"","ocean_link_format":"","ocean_link_format_target":"self","ocean_quote_format":"","ocean_quote_format_link":"post","ocean_gallery_link_images":"off","ocean_gallery_id":[],"footnotes":""},"categories":[1],"tags":[],"class_list":["post-3260","post","type-post","status-publish","format-standard","has-post-thumbnail","hentry","category-allgemein","entry","has-media"],"_links":{"self":[{"href":"https:\/\/www.tvluetzelflueh.ch\/wp_2019_PSC\/wp-json\/wp\/v2\/posts\/3260","targetHints":{"allow":["GET"]}}],"collection":[{"href":"https:\/\/www.tvluetzelflueh.ch\/wp_2019_PSC\/wp-json\/wp\/v2\/posts"}],"about":[{"href":"https:\/\/www.tvluetzelflueh.ch\/wp_2019_PSC\/wp-json\/wp\/v2\/types\/post"}],"author":[{"embeddable":true,"href":"https:\/\/www.tvluetzelflueh.ch\/wp_2019_PSC\/wp-json\/wp\/v2\/users\/1"}],"replies":[{"embeddable":true,"href":"https:\/\/www.tvluetzelflueh.ch\/wp_2019_PSC\/wp-json\/wp\/v2\/comments?post=3260"}],"version-history":[{"count":11,"href":"https:\/\/www.tvluetzelflueh.ch\/wp_2019_PSC\/wp-json\/wp\/v2\/posts\/3260\/revisions"}],"predecessor-version":[{"id":3272,"href":"https:\/\/www.tvluetzelflueh.ch\/wp_2019_PSC\/wp-json\/wp\/v2\/posts\/3260\/revisions\/3272"}],"wp:featuredmedia":[{"embeddable":true,"href":"https:\/\/www.tvluetzelflueh.ch\/wp_2019_PSC\/wp-json\/wp\/v2\/media\/3261"}],"wp:attachment":[{"href":"https:\/\/www.tvluetzelflueh.ch\/wp_2019_PSC\/wp-json\/wp\/v2\/media?parent=3260"}],"wp:term":[{"taxonomy":"category","embeddable":true,"href":"https:\/\/www.tvluetzelflueh.ch\/wp_2019_PSC\/wp-json\/wp\/v2\/categories?post=3260"},{"taxonomy":"post_tag","embeddable":true,"href":"https:\/\/www.tvluetzelflueh.ch\/wp_2019_PSC\/wp-json\/wp\/v2\/tags?post=3260"}],"curies":[{"name":"wp","href":"https:\/\/api.w.org\/{rel}","templated":true}]}}