{"id":3274,"date":"2022-03-13T21:56:16","date_gmt":"2022-03-13T20:56:16","guid":{"rendered":"https:\/\/www.tvluetzelflueh.ch\/wp_2019_PSC\/?p=3274"},"modified":"2022-03-13T22:00:53","modified_gmt":"2022-03-13T21:00:53","slug":"bericht-ubs-kids-cup-teams-regionalfinal-2022-burgdorf","status":"publish","type":"post","link":"https:\/\/www.tvluetzelflueh.ch\/wp_2019_PSC\/bericht-ubs-kids-cup-teams-regionalfinal-2022-burgdorf\/","title":{"rendered":"Bericht UBS Kids Cup Teams, Regionalfinal 2022 Burgdorf"},"content":{"rendered":"\t\t<div data-elementor-type=\"wp-post\" data-elementor-id=\"3274\" class=\"elementor elementor-3274\">\n\t\t\t\t\t\t<section class=\"elementor-section elementor-top-section elementor-element elementor-element-10f89eb elementor-section-boxed elementor-section-height-default elementor-section-height-default\" data-id=\"10f89eb\" data-element_type=\"section\" data-e-type=\"section\">\n\t\t\t\t\t\t<div class=\"elementor-container elementor-column-gap-default\">\n\t\t\t\t\t<div class=\"elementor-column elementor-col-100 elementor-top-column elementor-element elementor-element-dea00c0\" data-id=\"dea00c0\" data-element_type=\"column\" data-e-type=\"column\">\n\t\t\t<div class=\"elementor-widget-wrap elementor-element-populated\">\n\t\t\t\t\t\t<div class=\"elementor-element elementor-element-2f951aa elementor-widget elementor-widget-text-editor\" data-id=\"2f951aa\" data-element_type=\"widget\" data-e-type=\"widget\" data-widget_type=\"text-editor.default\">\n\t\t\t\t<div class=\"elementor-widget-container\">\n\t\t\t\t\t\t\t\t\t<p><strong><u> Ein 6. und ein 7. Platz am UBS Kids Cup Team Regionalfinal 2022<\/u><\/strong><\/p><p><span style=\"text-decoration: underline;\">Vormittag:<\/span><\/p><p>Wenn man sich zu fr\u00fcher Stunde am Treffpunkt trifft, um gemeinsam zum UBS Kid Cup Teams Wettkampf zu fahren und es dabei bereits hell und temperaturm\u00e4ssig angenehm ist, dann neigt sich die Teams-Saison langsam dem Ende zu. Die Qualifikationen wurden bereits im Februar abgeschlossen, nun am Sonntag, 13. M\u00e4rz 2022 schlossen wir das Ganze mit dem Regionalfinal ab.<\/p><p>Der TV L\u00fctzelfl\u00fch Athletics konnte sich mit zwei Teams qualifizieren. Einem U16- und einem U10-Mixed-Team. Bisher war die Konkurrenz bei den Kantonalfinals immer gross. Heute war die Aufgabe sogar noch etwas delikater, da es sich in dieser Saison um einen \u00abRegionalfinal\u00bb handelte. Heisst, es waren qualifizierte Teams aus den Kantonen Bern, Luzern und Aargau dabei. Und wie bisher konnten sich nur die zwei Besten f\u00fcr den Schweizerfinal qualifizieren.<\/p><p>Den Vormittag bestritten die U16er mit Janik, Nils, Jael, Janine und Jasmin. Hier mussten wir kurzfristig einen Personalwechsel vornehmen, da sich Silvan Gerber verletzt hatte. Dies war nat\u00fcrlich f\u00fcr Silvan schade, da er ja aktiv beim Erreichen der Qualifikation mitgeholfen hat. Auf diesem Weg, nochmals gute Besserung. Zu unserem Gl\u00fcck konnten wir aber sehr spontan einen super Ersatz einwechseln. Janine Schifferli vom U12er Team war sofort bereit einzuspringen, wir mussten aber zuerst noch einen Stab-Weitsprung-Crashkurs organisieren (welchen sie perfekt meisterte).<\/p><p>Das Team startete dann auch gleich mit Stabweitsprung. Die F\u00fcnf lieferten dabei solide Arbeit ab. Trotzdem reichte es \u00abnur\u00bb zum 7. Platz. Beim Risiko-Sprint lief es etwas ungl\u00fccklich. Immer wieder fehlten nur wenige Zentimeter um die n\u00f6tigen Punkte zu ergattern. Damit blieben wir auf dem 7. Zwischenplatz. Am folgenden Biathlon drehten die wackeren F\u00fcnf nochmals auf. Runde um Runde wurde abgearbeitet und fast alle Pylonen fielen zu Boden. Vor dem abschliessenden Cross konnten wir uns auf den 6. Platz vorarbeiten, nur 2 Punkte hinter dem 5. Platz. Und die Leistung konnte nochmals gesteigert werden. Unsere Schlussl\u00e4uferin lief als 5. \u00fcber die Ziellinie.<\/p><p>Wir konnten uns damit noch bis auf einen einzigen Punkt an den 5. Platzierten heranschieben, aber leider konnten wir nicht mehr \u00fcberholen. Damit erreichten wir den sehr guten 6. Platz und beendeten damit die Teams-Saison. Der Schweizerfinal muss nun halt ohne TV L\u00fctzelfl\u00fch Athletics auskommen. Wir konnten Burgdorf mit erhobenem Haupte in Richtung L\u00fctzelfl\u00fch verlassen.<\/p><p><span style=\"text-decoration: underline;\">Nachmittag:<\/span><\/p><p>Wir starten nach dem Mittagessen in Richtung Burgdorf an den UBS Kids Cup Regionalfinal. Die Ausgangslage mit den Teilnehmern aus mehreren Kantonen war dieselbe wie am Vormittag.<\/p><p>Als wir in Burgdorf ankamen merkte man, dass sich die Kinder riesig freuten, aber auch sehr nerv\u00f6s waren. Jaelle, Nathalie, Noah, Andrin und Eliane starten gleich mit dem Weltklasse-Sprung, bei welchem sie 22 Punkte erreichten. Der Wettkampf ging weiter mit dem UBS Gold Sprint. Hier merkte man die Nervosit\u00e4t der Kids noch mehr. Es unterliefen ihnen mehrere Stabfehler. Nach den ersten zwei Disziplinen waren wir auf dem 7. Rang.\u00a0 Die Kinder wollten im Biathlon ein gutes Resultat erzielen, um wieder R\u00e4nge gut zu machen. Dies gelang ihnen auch hervorragend. Sie liefen 36 Runden und warfen 10 Pylonen herunter. So wurden sie nach dem Biathlon auf dem 5. Rang klassiert. Zum Schluss stand dann noch der Teamcross auf dem Programm. Auch hier schlugen sich die Kids sehr gut und wurden ohne Verletzungen auf dem 8. Rang klassiert. So standen wir in der Schlussrangliste des ganzen Tages auf Rang 7.<\/p><p>Das Team des TV L\u00fctzelfl\u00fch Athletics ist sehr stolz auf die erreichten Leistungen der Sportlerinnen und Sportler der ganzen UBS Kids Cup Teams-Saison. Bravo.<\/p><p>13.03.2022 \/ P\u00e4scu (VoMi), Nicole (NaMi)<\/p>\t\t\t\t\t\t\t\t<\/div>\n\t\t\t\t<\/div>\n\t\t\t\t<div class=\"elementor-element elementor-element-50e1225 elementor-align-center elementor-widget elementor-widget-button\" data-id=\"50e1225\" data-element_type=\"widget\" data-e-type=\"widget\" data-widget_type=\"button.default\">\n\t\t\t\t<div class=\"elementor-widget-container\">\n\t\t\t\t\t\t\t\t\t<div class=\"elementor-button-wrapper\">\n\t\t\t\t\t<a class=\"elementor-button elementor-button-link elementor-size-sm\" href=\"https:\/\/flic.kr\/s\/aHBqjzFD1G\" target=\"_blank\">\n\t\t\t\t\t\t<span class=\"elementor-button-content-wrapper\">\n\t\t\t\t\t\t\t\t\t<span class=\"elementor-button-text\">Link zu Fotos auf Flickr<\/span>\n\t\t\t\t\t<\/span>\n\t\t\t\t\t<\/a>\n\t\t\t\t<\/div>\n\t\t\t\t\t\t\t\t<\/div>\n\t\t\t\t<\/div>\n\t\t\t\t<div class=\"elementor-element elementor-element-b949a40 elementor-align-center elementor-widget elementor-widget-button\" data-id=\"b949a40\" data-element_type=\"widget\" data-e-type=\"widget\" data-widget_type=\"button.default\">\n\t\t\t\t<div class=\"elementor-widget-container\">\n\t\t\t\t\t\t\t\t\t<div class=\"elementor-button-wrapper\">\n\t\t\t\t\t<a class=\"elementor-button elementor-button-link elementor-size-sm\" href=\"http:\/\/lck.ch\/images\/UKC_Team_Gesamtrangliste.pdf\" target=\"_blank\">\n\t\t\t\t\t\t<span class=\"elementor-button-content-wrapper\">\n\t\t\t\t\t\t\t\t\t<span class=\"elementor-button-text\">Link zu den Endresultaten<\/span>\n\t\t\t\t\t<\/span>\n\t\t\t\t\t<\/a>\n\t\t\t\t<\/div>\n\t\t\t\t\t\t\t\t<\/div>\n\t\t\t\t<\/div>\n\t\t\t\t\t<\/div>\n\t\t<\/div>\n\t\t\t\t\t<\/div>\n\t\t<\/section>\n\t\t\t\t<section class=\"elementor-section elementor-top-section elementor-element elementor-element-89e2583 elementor-section-boxed elementor-section-height-default elementor-section-height-default\" data-id=\"89e2583\" data-element_type=\"section\" data-e-type=\"section\">\n\t\t\t\t\t\t<div class=\"elementor-container elementor-column-gap-default\">\n\t\t\t\t\t<div class=\"elementor-column elementor-col-100 elementor-top-column elementor-element elementor-element-6b526f5\" data-id=\"6b526f5\" data-element_type=\"column\" data-e-type=\"column\">\n\t\t\t<div class=\"elementor-widget-wrap\">\n\t\t\t\t\t\t\t<\/div>\n\t\t<\/div>\n\t\t\t\t\t<\/div>\n\t\t<\/section>\n\t\t\t\t<\/div>\n\t\t","protected":false},"excerpt":{"rendered":"<p>Ein 6. und ein 7. Platz am UBS Kids Cup Team Regionalfinal 2022 Vormittag: Wenn man sich zu fr\u00fcher Stunde am Treffpunkt trifft, um gemeinsam zum UBS Kid Cup Teams Wettkampf zu fahren und es dabei bereits hell und temperaturm\u00e4ssig angenehm ist, dann neigt sich die Teams-Saison langsam dem Ende zu. Die Qualifikationen wurden bereits [&hellip;]<\/p>\n","protected":false},"author":1,"featured_media":3275,"comment_status":"open","ping_status":"open","sticky":false,"template":"","format":"standard","meta":{"ocean_post_layout":"","ocean_both_sidebars_style":"","ocean_both_sidebars_content_width":0,"ocean_both_sidebars_sidebars_width":0,"ocean_sidebar":"0","ocean_second_sidebar":"0","ocean_disable_margins":"enable","ocean_add_body_class":"","ocean_shortcode_before_top_bar":"","ocean_shortcode_after_top_bar":"","ocean_shortcode_before_header":"","ocean_shortcode_after_header":"","ocean_has_shortcode":"","ocean_shortcode_after_title":"","ocean_shortcode_before_footer_widgets":"","ocean_shortcode_after_footer_widgets":"","ocean_shortcode_before_footer_bottom":"","ocean_shortcode_after_footer_bottom":"","ocean_display_top_bar":"default","ocean_display_header":"default","ocean_header_style":"","ocean_center_header_left_menu":"0","ocean_custom_header_template":"0","ocean_custom_logo":0,"ocean_custom_retina_logo":0,"ocean_custom_logo_max_width":0,"ocean_custom_logo_tablet_max_width":0,"ocean_custom_logo_mobile_max_width":0,"ocean_custom_logo_max_height":0,"ocean_custom_logo_tablet_max_height":0,"ocean_custom_logo_mobile_max_height":0,"ocean_header_custom_menu":"0","ocean_menu_typo_font_family":"0","ocean_menu_typo_font_subset":"","ocean_menu_typo_font_size":0,"ocean_menu_typo_font_size_tablet":0,"ocean_menu_typo_font_size_mobile":0,"ocean_menu_typo_font_size_unit":"px","ocean_menu_typo_font_weight":"","ocean_menu_typo_font_weight_tablet":"","ocean_menu_typo_font_weight_mobile":"","ocean_menu_typo_transform":"","ocean_menu_typo_transform_tablet":"","ocean_menu_typo_transform_mobile":"","ocean_menu_typo_line_height":0,"ocean_menu_typo_line_height_tablet":0,"ocean_menu_typo_line_height_mobile":0,"ocean_menu_typo_line_height_unit":"","ocean_menu_typo_spacing":0,"ocean_menu_typo_spacing_tablet":0,"ocean_menu_typo_spacing_mobile":0,"ocean_menu_typo_spacing_unit":"","ocean_menu_link_color":"","ocean_menu_link_color_hover":"","ocean_menu_link_color_active":"","ocean_menu_link_background":"","ocean_menu_link_hover_background":"","ocean_menu_link_active_background":"","ocean_menu_social_links_bg":"","ocean_menu_social_hover_links_bg":"","ocean_menu_social_links_color":"","ocean_menu_social_hover_links_color":"","ocean_disable_title":"default","ocean_disable_heading":"default","ocean_post_title":"","ocean_post_subheading":"","ocean_post_title_style":"","ocean_post_title_background_color":"","ocean_post_title_background":0,"ocean_post_title_bg_image_position":"","ocean_post_title_bg_image_attachment":"","ocean_post_title_bg_image_repeat":"","ocean_post_title_bg_image_size":"","ocean_post_title_height":0,"ocean_post_title_bg_overlay":0.5,"ocean_post_title_bg_overlay_color":"","ocean_disable_breadcrumbs":"default","ocean_breadcrumbs_color":"","ocean_breadcrumbs_separator_color":"","ocean_breadcrumbs_links_color":"","ocean_breadcrumbs_links_hover_color":"","ocean_display_footer_widgets":"default","ocean_display_footer_bottom":"default","ocean_custom_footer_template":"0","ocean_post_oembed":"","ocean_post_self_hosted_media":"","ocean_post_video_embed":"","ocean_link_format":"","ocean_link_format_target":"self","ocean_quote_format":"","ocean_quote_format_link":"post","ocean_gallery_link_images":"off","ocean_gallery_id":[],"footnotes":""},"categories":[1],"tags":[],"class_list":["post-3274","post","type-post","status-publish","format-standard","has-post-thumbnail","hentry","category-allgemein","entry","has-media"],"_links":{"self":[{"href":"https:\/\/www.tvluetzelflueh.ch\/wp_2019_PSC\/wp-json\/wp\/v2\/posts\/3274","targetHints":{"allow":["GET"]}}],"collection":[{"href":"https:\/\/www.tvluetzelflueh.ch\/wp_2019_PSC\/wp-json\/wp\/v2\/posts"}],"about":[{"href":"https:\/\/www.tvluetzelflueh.ch\/wp_2019_PSC\/wp-json\/wp\/v2\/types\/post"}],"author":[{"embeddable":true,"href":"https:\/\/www.tvluetzelflueh.ch\/wp_2019_PSC\/wp-json\/wp\/v2\/users\/1"}],"replies":[{"embeddable":true,"href":"https:\/\/www.tvluetzelflueh.ch\/wp_2019_PSC\/wp-json\/wp\/v2\/comments?post=3274"}],"version-history":[{"count":5,"href":"https:\/\/www.tvluetzelflueh.ch\/wp_2019_PSC\/wp-json\/wp\/v2\/posts\/3274\/revisions"}],"predecessor-version":[{"id":3280,"href":"https:\/\/www.tvluetzelflueh.ch\/wp_2019_PSC\/wp-json\/wp\/v2\/posts\/3274\/revisions\/3280"}],"wp:featuredmedia":[{"embeddable":true,"href":"https:\/\/www.tvluetzelflueh.ch\/wp_2019_PSC\/wp-json\/wp\/v2\/media\/3275"}],"wp:attachment":[{"href":"https:\/\/www.tvluetzelflueh.ch\/wp_2019_PSC\/wp-json\/wp\/v2\/media?parent=3274"}],"wp:term":[{"taxonomy":"category","embeddable":true,"href":"https:\/\/www.tvluetzelflueh.ch\/wp_2019_PSC\/wp-json\/wp\/v2\/categories?post=3274"},{"taxonomy":"post_tag","embeddable":true,"href":"https:\/\/www.tvluetzelflueh.ch\/wp_2019_PSC\/wp-json\/wp\/v2\/tags?post=3274"}],"curies":[{"name":"wp","href":"https:\/\/api.w.org\/{rel}","templated":true}]}}