{"id":3315,"date":"2022-03-28T21:53:39","date_gmt":"2022-03-28T19:53:39","guid":{"rendered":"https:\/\/www.tvluetzelflueh.ch\/wp_2019_PSC\/?p=3315"},"modified":"2022-03-28T22:00:23","modified_gmt":"2022-03-28T20:00:23","slug":"bericht-quer-duer-wohle","status":"publish","type":"post","link":"https:\/\/www.tvluetzelflueh.ch\/wp_2019_PSC\/bericht-quer-duer-wohle\/","title":{"rendered":"Bericht Quer d\u00fcr Wohle"},"content":{"rendered":"\t\t<div data-elementor-type=\"wp-post\" data-elementor-id=\"3315\" class=\"elementor elementor-3315\">\n\t\t\t\t\t\t<section class=\"elementor-section elementor-top-section elementor-element elementor-element-10f89eb elementor-section-boxed elementor-section-height-default elementor-section-height-default\" data-id=\"10f89eb\" data-element_type=\"section\" data-e-type=\"section\">\n\t\t\t\t\t\t<div class=\"elementor-container elementor-column-gap-default\">\n\t\t\t\t\t<div class=\"elementor-column elementor-col-100 elementor-top-column elementor-element elementor-element-dea00c0\" data-id=\"dea00c0\" data-element_type=\"column\" data-e-type=\"column\">\n\t\t\t<div class=\"elementor-widget-wrap elementor-element-populated\">\n\t\t\t\t\t\t<div class=\"elementor-element elementor-element-2f951aa elementor-widget elementor-widget-text-editor\" data-id=\"2f951aa\" data-element_type=\"widget\" data-e-type=\"widget\" data-widget_type=\"text-editor.default\">\n\t\t\t\t<div class=\"elementor-widget-container\">\n\t\t\t\t\t\t\t\t\t<p><strong>Ausgezeichnete Saisoner\u00f6ffnung f\u00fcr den TV L\u00fctzelfl\u00fch Athetics<\/strong><\/p><p>Mit insgesamt 5 Staffeln trat der TV L\u00fctzelfl\u00fch Athletics in Wohlen zur traditionellen Saisoner\u00f6ffnung beim \u00abQuer durch Wohlen\u00bb an. Nach den Corona bedingten Absagen in den Jahren 2020 und 2021 konnten am Samstag den 26. M\u00e4rz bei besten \u00e4usseren Bedingungen sowohl Staffel-Wettk\u00e4mpfe als auch Einzell\u00e4ufe \u00fcber einen Kilometer ausgetragen werden.<\/p><p>F\u00fcr viele unserer j\u00fcngsten Teilnehmer (ab Jahrgang 2014), welche durch Nicole Bernhard, Lino Stalder und Hanspeter W\u00fcthrich betreut wurden, war es der 1. Wettkampf dieser Art und die Nervosit\u00e4t war einigen Athletinnen und Athleten vor dem Start anzumerken.<\/p><p>Die Resultate waren dann jedoch sehr gut:<\/p><p>In der Kategorie Piccolo Mixed (Jg. 2013 und j\u00fcnger) erreichten Ayleen Burkhalter, Eliane Suter, Leonie Hug, Sophie Hug und Ziva Lehmann den 5. Platz von insgesamt 15 Staffeln.<\/p><p>Bei den Sch\u00fclern B Mixed (Jg. 2011 und 2012) gl\u00e4nzte unsere Staffel mit Mira Bernhard, Amelie Suter, Adrian Fl\u00fckiger, Lenny Hug und Alissa R\u00fcfenacht. Dieses Team liess keiner der anderen 10 Staffeln eine Chance und siegte in einer sehr guten Zeit von 2:55.30 Min.<\/p><p>In der Kategorie Sch\u00fcler Mixed A (Jg. 2009 und 2011) erreichte unser Team in der Besetzung Seraina Sch\u00fctz, Jonas B\u00e4rtschi, Crispin Krause, Leonie Bernhard und Janine Schifferli den 8. Rang. Eine bessere Klassierung verhinderte leider ein Stabfehler, sonst w\u00e4re sicher eine Platzierung unter den besten 5 Staffeln m\u00f6glich gewesen.<\/p><p>Auch bei den Aktiven war der TV L\u00fctzelfl\u00fch Athletics mit 2 Staffeln vertreten. In der Kategorie \u00abStaffel m\u00e4nnlich\u00bb konnte ein Podestplatz bejubelt werden. In der Besetzung Marcel Nyffeler, Micha von Allmen, Matthew Haldimann, Nick Sch\u00f6ni und Jan Buess erreichte der TVL den 3. Rang.<\/p><p>Bei \u00abAm\u00e9ricaine Mixed\u00bb \u00fcber 3 Runden verpasste unser Team diesen Podestrang knapp. In der Besetzung Nick Sch\u00f6ni, Eva Senn, Sarina Rothenb\u00fchler, Micha von Allmen, Jan Buess und Marcel Nyffeler erreichte der TVL den 4. Rang.<\/p><p>\u00a0<\/p><p>Auch in den Einzelrennen \u00fcber einen Kilometer erreichte der TV L\u00fctzelfl\u00fch Athletics hervorragende Resultate:<\/p><p>Bei den \u00abPiccolos weiblich\u00bb konnte der TVL einem ungef\u00e4hrdeten Doppelsieg von Ayleen Burkhalter vor Ziva Lehmann feiern. Im gleichen Rennen erreichte Sophie und Leonie Hug die guten Pl\u00e4tze 8 und 20 bei insgesamt 37 Teilnehmerinnen.<\/p><p>In der Kategorie Sch\u00fclerinnen (Jg. 2009-2012) konnten auch zwei Podestpl\u00e4tze bejubelt werden. Janine Schifferli klassierte sich als 2. und Seraina Sch\u00fctz wurde 3. Diese ausgezeichneten Klassierungen wurden durch den 8. Platz von Alissa R\u00fcfenacht erg\u00e4nzt.<\/p><p>Alissa war ausserdem die beste Athletin mit Jahrgang 2012 von insgesamt 43 Teilnehmerinnen.<\/p><p>Bei den Sch\u00fclern klassierte sich Crispin Krause auf dem undankbaren 4. Rang. Gleichzeit war er bei den Athleten mir Jahrgang 2012 mit Abstand der Schnellste. Weiter erreichten Lenny Hug und Adrian Fl\u00fckiger die guten R\u00e4nge 8 und 17.<\/p><p>Herzliche Gratulation f\u00fcr all diese ausgezeichneten Leistungen an diesem Anlass.<\/p><p>\u00a0<\/p><p>27.03.2022 \/ Hanspeter<\/p>\t\t\t\t\t\t\t\t<\/div>\n\t\t\t\t<\/div>\n\t\t\t\t<div class=\"elementor-element elementor-element-50e1225 elementor-align-center elementor-widget elementor-widget-button\" data-id=\"50e1225\" data-element_type=\"widget\" data-e-type=\"widget\" data-widget_type=\"button.default\">\n\t\t\t\t<div class=\"elementor-widget-container\">\n\t\t\t\t\t\t\t\t\t<div class=\"elementor-button-wrapper\">\n\t\t\t\t\t<a class=\"elementor-button elementor-button-link elementor-size-sm\" href=\"https:\/\/flic.kr\/s\/aHBqjzHuCq\" target=\"_blank\">\n\t\t\t\t\t\t<span class=\"elementor-button-content-wrapper\">\n\t\t\t\t\t\t\t\t\t<span class=\"elementor-button-text\">Link zu Fotos auf Flickr<\/span>\n\t\t\t\t\t<\/span>\n\t\t\t\t\t<\/a>\n\t\t\t\t<\/div>\n\t\t\t\t\t\t\t\t<\/div>\n\t\t\t\t<\/div>\n\t\t\t\t<div class=\"elementor-element elementor-element-b949a40 elementor-align-center elementor-widget elementor-widget-button\" data-id=\"b949a40\" data-element_type=\"widget\" data-e-type=\"widget\" data-widget_type=\"button.default\">\n\t\t\t\t<div class=\"elementor-widget-container\">\n\t\t\t\t\t\t\t\t\t<div class=\"elementor-button-wrapper\">\n\t\t\t\t\t<a class=\"elementor-button elementor-button-link elementor-size-sm\" href=\"http:\/\/lac-wohlen.ch\/images\/Rangliste\/Rangliste_2022.pdf\" target=\"_blank\">\n\t\t\t\t\t\t<span class=\"elementor-button-content-wrapper\">\n\t\t\t\t\t\t\t\t\t<span class=\"elementor-button-text\">Link zu den Endresultaten<\/span>\n\t\t\t\t\t<\/span>\n\t\t\t\t\t<\/a>\n\t\t\t\t<\/div>\n\t\t\t\t\t\t\t\t<\/div>\n\t\t\t\t<\/div>\n\t\t\t\t\t<\/div>\n\t\t<\/div>\n\t\t\t\t\t<\/div>\n\t\t<\/section>\n\t\t\t\t<section class=\"elementor-section elementor-top-section elementor-element elementor-element-89e2583 elementor-section-boxed elementor-section-height-default elementor-section-height-default\" data-id=\"89e2583\" data-element_type=\"section\" data-e-type=\"section\">\n\t\t\t\t\t\t<div class=\"elementor-container elementor-column-gap-default\">\n\t\t\t\t\t<div class=\"elementor-column elementor-col-100 elementor-top-column elementor-element elementor-element-6b526f5\" data-id=\"6b526f5\" data-element_type=\"column\" data-e-type=\"column\">\n\t\t\t<div class=\"elementor-widget-wrap\">\n\t\t\t\t\t\t\t<\/div>\n\t\t<\/div>\n\t\t\t\t\t<\/div>\n\t\t<\/section>\n\t\t\t\t<\/div>\n\t\t","protected":false},"excerpt":{"rendered":"<p>Ausgezeichnete Saisoner\u00f6ffnung f\u00fcr den TV L\u00fctzelfl\u00fch Athetics Mit insgesamt 5 Staffeln trat der TV L\u00fctzelfl\u00fch Athletics in Wohlen zur traditionellen Saisoner\u00f6ffnung beim \u00abQuer durch Wohlen\u00bb an. Nach den Corona bedingten Absagen in den Jahren 2020 und 2021 konnten am Samstag den 26. M\u00e4rz bei besten \u00e4usseren Bedingungen sowohl Staffel-Wettk\u00e4mpfe als auch Einzell\u00e4ufe \u00fcber einen Kilometer [&hellip;]<\/p>\n","protected":false},"author":1,"featured_media":3316,"comment_status":"open","ping_status":"open","sticky":false,"template":"","format":"standard","meta":{"ocean_post_layout":"","ocean_both_sidebars_style":"","ocean_both_sidebars_content_width":0,"ocean_both_sidebars_sidebars_width":0,"ocean_sidebar":"0","ocean_second_sidebar":"0","ocean_disable_margins":"enable","ocean_add_body_class":"","ocean_shortcode_before_top_bar":"","ocean_shortcode_after_top_bar":"","ocean_shortcode_before_header":"","ocean_shortcode_after_header":"","ocean_has_shortcode":"","ocean_shortcode_after_title":"","ocean_shortcode_before_footer_widgets":"","ocean_shortcode_after_footer_widgets":"","ocean_shortcode_before_footer_bottom":"","ocean_shortcode_after_footer_bottom":"","ocean_display_top_bar":"default","ocean_display_header":"default","ocean_header_style":"","ocean_center_header_left_menu":"0","ocean_custom_header_template":"0","ocean_custom_logo":0,"ocean_custom_retina_logo":0,"ocean_custom_logo_max_width":0,"ocean_custom_logo_tablet_max_width":0,"ocean_custom_logo_mobile_max_width":0,"ocean_custom_logo_max_height":0,"ocean_custom_logo_tablet_max_height":0,"ocean_custom_logo_mobile_max_height":0,"ocean_header_custom_menu":"0","ocean_menu_typo_font_family":"0","ocean_menu_typo_font_subset":"","ocean_menu_typo_font_size":0,"ocean_menu_typo_font_size_tablet":0,"ocean_menu_typo_font_size_mobile":0,"ocean_menu_typo_font_size_unit":"px","ocean_menu_typo_font_weight":"","ocean_menu_typo_font_weight_tablet":"","ocean_menu_typo_font_weight_mobile":"","ocean_menu_typo_transform":"","ocean_menu_typo_transform_tablet":"","ocean_menu_typo_transform_mobile":"","ocean_menu_typo_line_height":0,"ocean_menu_typo_line_height_tablet":0,"ocean_menu_typo_line_height_mobile":0,"ocean_menu_typo_line_height_unit":"","ocean_menu_typo_spacing":0,"ocean_menu_typo_spacing_tablet":0,"ocean_menu_typo_spacing_mobile":0,"ocean_menu_typo_spacing_unit":"","ocean_menu_link_color":"","ocean_menu_link_color_hover":"","ocean_menu_link_color_active":"","ocean_menu_link_background":"","ocean_menu_link_hover_background":"","ocean_menu_link_active_background":"","ocean_menu_social_links_bg":"","ocean_menu_social_hover_links_bg":"","ocean_menu_social_links_color":"","ocean_menu_social_hover_links_color":"","ocean_disable_title":"default","ocean_disable_heading":"default","ocean_post_title":"","ocean_post_subheading":"","ocean_post_title_style":"","ocean_post_title_background_color":"","ocean_post_title_background":0,"ocean_post_title_bg_image_position":"","ocean_post_title_bg_image_attachment":"","ocean_post_title_bg_image_repeat":"","ocean_post_title_bg_image_size":"","ocean_post_title_height":0,"ocean_post_title_bg_overlay":0.5,"ocean_post_title_bg_overlay_color":"","ocean_disable_breadcrumbs":"default","ocean_breadcrumbs_color":"","ocean_breadcrumbs_separator_color":"","ocean_breadcrumbs_links_color":"","ocean_breadcrumbs_links_hover_color":"","ocean_display_footer_widgets":"default","ocean_display_footer_bottom":"default","ocean_custom_footer_template":"0","ocean_post_oembed":"","ocean_post_self_hosted_media":"","ocean_post_video_embed":"","ocean_link_format":"","ocean_link_format_target":"self","ocean_quote_format":"","ocean_quote_format_link":"post","ocean_gallery_link_images":"off","ocean_gallery_id":[],"footnotes":""},"categories":[1],"tags":[],"class_list":["post-3315","post","type-post","status-publish","format-standard","has-post-thumbnail","hentry","category-allgemein","entry","has-media"],"_links":{"self":[{"href":"https:\/\/www.tvluetzelflueh.ch\/wp_2019_PSC\/wp-json\/wp\/v2\/posts\/3315","targetHints":{"allow":["GET"]}}],"collection":[{"href":"https:\/\/www.tvluetzelflueh.ch\/wp_2019_PSC\/wp-json\/wp\/v2\/posts"}],"about":[{"href":"https:\/\/www.tvluetzelflueh.ch\/wp_2019_PSC\/wp-json\/wp\/v2\/types\/post"}],"author":[{"embeddable":true,"href":"https:\/\/www.tvluetzelflueh.ch\/wp_2019_PSC\/wp-json\/wp\/v2\/users\/1"}],"replies":[{"embeddable":true,"href":"https:\/\/www.tvluetzelflueh.ch\/wp_2019_PSC\/wp-json\/wp\/v2\/comments?post=3315"}],"version-history":[{"count":5,"href":"https:\/\/www.tvluetzelflueh.ch\/wp_2019_PSC\/wp-json\/wp\/v2\/posts\/3315\/revisions"}],"predecessor-version":[{"id":3321,"href":"https:\/\/www.tvluetzelflueh.ch\/wp_2019_PSC\/wp-json\/wp\/v2\/posts\/3315\/revisions\/3321"}],"wp:featuredmedia":[{"embeddable":true,"href":"https:\/\/www.tvluetzelflueh.ch\/wp_2019_PSC\/wp-json\/wp\/v2\/media\/3316"}],"wp:attachment":[{"href":"https:\/\/www.tvluetzelflueh.ch\/wp_2019_PSC\/wp-json\/wp\/v2\/media?parent=3315"}],"wp:term":[{"taxonomy":"category","embeddable":true,"href":"https:\/\/www.tvluetzelflueh.ch\/wp_2019_PSC\/wp-json\/wp\/v2\/categories?post=3315"},{"taxonomy":"post_tag","embeddable":true,"href":"https:\/\/www.tvluetzelflueh.ch\/wp_2019_PSC\/wp-json\/wp\/v2\/tags?post=3315"}],"curies":[{"name":"wp","href":"https:\/\/api.w.org\/{rel}","templated":true}]}}