{"id":3503,"date":"2022-05-16T22:21:16","date_gmt":"2022-05-16T20:21:16","guid":{"rendered":"https:\/\/www.tvluetzelflueh.ch\/wp_2019_PSC\/?p=3503"},"modified":"2022-08-10T14:49:40","modified_gmt":"2022-08-10T12:49:40","slug":"40-grand-prix-von-bern","status":"publish","type":"post","link":"https:\/\/www.tvluetzelflueh.ch\/wp_2019_PSC\/40-grand-prix-von-bern\/","title":{"rendered":"40. Grand-Prix von Bern"},"content":{"rendered":"\t\t<div data-elementor-type=\"wp-post\" data-elementor-id=\"3503\" class=\"elementor elementor-3503\">\n\t\t\t\t\t\t<section class=\"elementor-section elementor-top-section elementor-element elementor-element-10f89eb elementor-section-boxed elementor-section-height-default elementor-section-height-default\" data-id=\"10f89eb\" data-element_type=\"section\" data-e-type=\"section\">\n\t\t\t\t\t\t<div class=\"elementor-container elementor-column-gap-default\">\n\t\t\t\t\t<div class=\"elementor-column elementor-col-100 elementor-top-column elementor-element elementor-element-dea00c0\" data-id=\"dea00c0\" data-element_type=\"column\" data-e-type=\"column\">\n\t\t\t<div class=\"elementor-widget-wrap elementor-element-populated\">\n\t\t\t\t\t\t<div class=\"elementor-element elementor-element-2f951aa elementor-widget elementor-widget-text-editor\" data-id=\"2f951aa\" data-element_type=\"widget\" data-e-type=\"widget\" data-widget_type=\"text-editor.default\">\n\t\t\t\t<div class=\"elementor-widget-container\">\n\t\t\t\t\t\t\t\t\t<p style=\"text-align: center;\"><strong>Viele Teilnehmer des TV L\u00fctzelfl\u00fch Athletics am Start des 40. Grand Prix von Bern 2022<br \/><\/strong><\/p><p>Am Samstag, 14. Mai 2022 konnte nach virenbedingter Pause endlich mal wieder zu einem Grand-Prix von Bern gestartet werden. 18&#8217;833 L\u00e4uferinnen und L\u00e4ufer nahmen die 40. Ausgabe dieses traditionellen Laufwettbewerbs unter ihre Laufschuhe. Petrus begl\u00fcckte die Laufmassen mit wundersch\u00f6nem Wetter. Leider musste er es vor lauter Freude grad ein bisschen \u00fcbertreiben, denn die Temperaturen erinnerten schon eher an einen Sp\u00e4tsommertag, als an einen Fr\u00fchlingstag. Das machte es nicht einfacher, eine schnelle Zeit zu laufen.<\/p><p>Das Wetter war schlussendlich aber nebens\u00e4chlich. Die Freude am Event, das Laufen gegen die Uhr, der Sport im Wettkampfmodus, den K\u00f6rper voll belasten oder mit vielen Gleichgesinnten gem\u00fchtlich durch die Altstadt laufen &#8230; alles konnte bewundert werden.<\/p><p>Auch viele Mitglieder des TV L\u00fctzelfl\u00fch Athletics nahmen am GP teil. Eine tolle Mischung aus vielen Altersklassen traten gegen die Uhr an. Einzelne starteten unter dem TV L\u00fctzelfl\u00fch, einzelne reisten mit der Schule an. Wir konnten L\u00e4ufer auf den 16.1 km des Hauptlaufs beobachten, sowie viele auf dem 4.7km Altstadt-GP und auf dem 1.6km B\u00e4ren-GP.<\/p><p>Unsere Sportlerinnen und Sportler zeigten dabei ihre Klasse. Alle Gestarteten haben unseren Respekt verdient, unabh\u00e4ngig von der gelaufenen Zeit oder der Rangierung. Bei diesem Wettkampf muss man zuerst den Mut aufbringen, sich \u00fcberhaupt in das Get\u00fcmmel zu st\u00fcrzen und die Nervosit\u00e4t zu \u00fcberwinden.<\/p><p style=\"text-align: center;\">***<\/p><p>Trotzdem kommt man einfach nicht drumherum zu erw\u00e4hnen, dass einzelne Topzeiten gelaufen wurden, wo man als &#8222;Nicht-Mitlaufender&#8220; nur den Hut ziehen kann.<\/p><p>Nachfolgend habe ich versucht, der offiziellen Rangliste des Grand-Prix alle Namen unserer Mitglieder zu entlocken. Das war gar nicht so einfach und ich hoffe, ich habe alle erwischt. Wenn jemand fehlen sollte, bitte dies unbedingt melden. Die Namen sind nach Laufl\u00e4nge und Zeit sortiert, aber man muss immer die Alterskategorie mitber\u00fccksichtigen.<\/p><p>Im Namen des TV L\u00fctzelfl\u00fch Athletics gratuliere ich nochmals allen Teilnehmern zu ihrem pers\u00f6nlichen tollen Lauf. Ich hoffe, die Freude am Laufen ist damit geweckt oder sogar noch gest\u00e4rkt worden und wir k\u00f6nnen uns noch auf weitere tolle Resultate freuen! Es gibt noch weitere tolle Laufevents im 2022.<\/p><p>PS: Die Fotos auf Flickr habe ich zum Teil selber gemacht oder wurden mir zur Verf\u00fcgung gestellt. Wenn noch weitere Fotos von L\u00e4uferinnen und L\u00e4ufern auftauchen, k\u00f6nnt ihr mir diese gerne zusenden. Danke.<\/p><p>16.05.2022 \/ P\u00e4scu<\/p>\t\t\t\t\t\t\t\t<\/div>\n\t\t\t\t<\/div>\n\t\t\t\t<div class=\"elementor-element elementor-element-79a5f39 elementor-widget elementor-widget-image\" data-id=\"79a5f39\" data-element_type=\"widget\" data-e-type=\"widget\" data-widget_type=\"image.default\">\n\t\t\t\t<div class=\"elementor-widget-container\">\n\t\t\t\t\t\t\t\t\t\t\t\t\t\t\t<img fetchpriority=\"high\" decoding=\"async\" width=\"965\" height=\"760\" src=\"https:\/\/www.tvluetzelflueh.ch\/wp_2019_PSC\/wp-content\/uploads\/2022\/05\/Screenshot-Rangliste-TVL.png\" class=\"attachment-large size-large wp-image-3506\" alt=\"\" srcset=\"https:\/\/www.tvluetzelflueh.ch\/wp_2019_PSC\/wp-content\/uploads\/2022\/05\/Screenshot-Rangliste-TVL.png 965w, https:\/\/www.tvluetzelflueh.ch\/wp_2019_PSC\/wp-content\/uploads\/2022\/05\/Screenshot-Rangliste-TVL-300x236.png 300w, https:\/\/www.tvluetzelflueh.ch\/wp_2019_PSC\/wp-content\/uploads\/2022\/05\/Screenshot-Rangliste-TVL-768x605.png 768w\" sizes=\"(max-width: 965px) 100vw, 965px\" \/>\t\t\t\t\t\t\t\t\t\t\t\t\t\t\t<\/div>\n\t\t\t\t<\/div>\n\t\t\t\t<div class=\"elementor-element elementor-element-d1b27f9 elementor-align-center elementor-widget elementor-widget-button\" data-id=\"d1b27f9\" data-element_type=\"widget\" data-e-type=\"widget\" data-widget_type=\"button.default\">\n\t\t\t\t<div class=\"elementor-widget-container\">\n\t\t\t\t\t\t\t\t\t<div class=\"elementor-button-wrapper\">\n\t\t\t\t\t<a class=\"elementor-button elementor-button-link elementor-size-sm\" href=\"https:\/\/flic.kr\/s\/aHBqjzQe8B\" target=\"_blank\">\n\t\t\t\t\t\t<span class=\"elementor-button-content-wrapper\">\n\t\t\t\t\t\t\t\t\t<span class=\"elementor-button-text\">Link zu Fotos auf Flickr (TVL)<\/span>\n\t\t\t\t\t<\/span>\n\t\t\t\t\t<\/a>\n\t\t\t\t<\/div>\n\t\t\t\t\t\t\t\t<\/div>\n\t\t\t\t<\/div>\n\t\t\t\t\t<\/div>\n\t\t<\/div>\n\t\t\t\t\t<\/div>\n\t\t<\/section>\n\t\t\t\t<\/div>\n\t\t","protected":false},"excerpt":{"rendered":"<p>Viele Teilnehmer des TV L\u00fctzelfl\u00fch Athletics am Start des 40. Grand Prix von Bern 2022 Am Samstag, 14. Mai 2022 konnte nach virenbedingter Pause endlich mal wieder zu einem Grand-Prix von Bern gestartet werden. 18&#8217;833 L\u00e4uferinnen und L\u00e4ufer nahmen die 40. Ausgabe dieses traditionellen Laufwettbewerbs unter ihre Laufschuhe. Petrus begl\u00fcckte die Laufmassen mit wundersch\u00f6nem Wetter. [&hellip;]<\/p>\n","protected":false},"author":1,"featured_media":3504,"comment_status":"open","ping_status":"open","sticky":false,"template":"","format":"standard","meta":{"ocean_post_layout":"","ocean_both_sidebars_style":"","ocean_both_sidebars_content_width":0,"ocean_both_sidebars_sidebars_width":0,"ocean_sidebar":"0","ocean_second_sidebar":"0","ocean_disable_margins":"enable","ocean_add_body_class":"","ocean_shortcode_before_top_bar":"","ocean_shortcode_after_top_bar":"","ocean_shortcode_before_header":"","ocean_shortcode_after_header":"","ocean_has_shortcode":"","ocean_shortcode_after_title":"","ocean_shortcode_before_footer_widgets":"","ocean_shortcode_after_footer_widgets":"","ocean_shortcode_before_footer_bottom":"","ocean_shortcode_after_footer_bottom":"","ocean_display_top_bar":"default","ocean_display_header":"default","ocean_header_style":"","ocean_center_header_left_menu":"0","ocean_custom_header_template":"0","ocean_custom_logo":0,"ocean_custom_retina_logo":0,"ocean_custom_logo_max_width":0,"ocean_custom_logo_tablet_max_width":0,"ocean_custom_logo_mobile_max_width":0,"ocean_custom_logo_max_height":0,"ocean_custom_logo_tablet_max_height":0,"ocean_custom_logo_mobile_max_height":0,"ocean_header_custom_menu":"0","ocean_menu_typo_font_family":"0","ocean_menu_typo_font_subset":"","ocean_menu_typo_font_size":0,"ocean_menu_typo_font_size_tablet":0,"ocean_menu_typo_font_size_mobile":0,"ocean_menu_typo_font_size_unit":"px","ocean_menu_typo_font_weight":"","ocean_menu_typo_font_weight_tablet":"","ocean_menu_typo_font_weight_mobile":"","ocean_menu_typo_transform":"","ocean_menu_typo_transform_tablet":"","ocean_menu_typo_transform_mobile":"","ocean_menu_typo_line_height":0,"ocean_menu_typo_line_height_tablet":0,"ocean_menu_typo_line_height_mobile":0,"ocean_menu_typo_line_height_unit":"","ocean_menu_typo_spacing":0,"ocean_menu_typo_spacing_tablet":0,"ocean_menu_typo_spacing_mobile":0,"ocean_menu_typo_spacing_unit":"","ocean_menu_link_color":"","ocean_menu_link_color_hover":"","ocean_menu_link_color_active":"","ocean_menu_link_background":"","ocean_menu_link_hover_background":"","ocean_menu_link_active_background":"","ocean_menu_social_links_bg":"","ocean_menu_social_hover_links_bg":"","ocean_menu_social_links_color":"","ocean_menu_social_hover_links_color":"","ocean_disable_title":"default","ocean_disable_heading":"default","ocean_post_title":"","ocean_post_subheading":"","ocean_post_title_style":"","ocean_post_title_background_color":"","ocean_post_title_background":0,"ocean_post_title_bg_image_position":"","ocean_post_title_bg_image_attachment":"","ocean_post_title_bg_image_repeat":"","ocean_post_title_bg_image_size":"","ocean_post_title_height":0,"ocean_post_title_bg_overlay":0.5,"ocean_post_title_bg_overlay_color":"","ocean_disable_breadcrumbs":"default","ocean_breadcrumbs_color":"","ocean_breadcrumbs_separator_color":"","ocean_breadcrumbs_links_color":"","ocean_breadcrumbs_links_hover_color":"","ocean_display_footer_widgets":"default","ocean_display_footer_bottom":"default","ocean_custom_footer_template":"0","ocean_post_oembed":"","ocean_post_self_hosted_media":"","ocean_post_video_embed":"","ocean_link_format":"","ocean_link_format_target":"self","ocean_quote_format":"","ocean_quote_format_link":"post","ocean_gallery_link_images":"off","ocean_gallery_id":[],"footnotes":""},"categories":[1],"tags":[],"class_list":["post-3503","post","type-post","status-publish","format-standard","has-post-thumbnail","hentry","category-allgemein","entry","has-media"],"_links":{"self":[{"href":"https:\/\/www.tvluetzelflueh.ch\/wp_2019_PSC\/wp-json\/wp\/v2\/posts\/3503","targetHints":{"allow":["GET"]}}],"collection":[{"href":"https:\/\/www.tvluetzelflueh.ch\/wp_2019_PSC\/wp-json\/wp\/v2\/posts"}],"about":[{"href":"https:\/\/www.tvluetzelflueh.ch\/wp_2019_PSC\/wp-json\/wp\/v2\/types\/post"}],"author":[{"embeddable":true,"href":"https:\/\/www.tvluetzelflueh.ch\/wp_2019_PSC\/wp-json\/wp\/v2\/users\/1"}],"replies":[{"embeddable":true,"href":"https:\/\/www.tvluetzelflueh.ch\/wp_2019_PSC\/wp-json\/wp\/v2\/comments?post=3503"}],"version-history":[{"count":27,"href":"https:\/\/www.tvluetzelflueh.ch\/wp_2019_PSC\/wp-json\/wp\/v2\/posts\/3503\/revisions"}],"predecessor-version":[{"id":3705,"href":"https:\/\/www.tvluetzelflueh.ch\/wp_2019_PSC\/wp-json\/wp\/v2\/posts\/3503\/revisions\/3705"}],"wp:featuredmedia":[{"embeddable":true,"href":"https:\/\/www.tvluetzelflueh.ch\/wp_2019_PSC\/wp-json\/wp\/v2\/media\/3504"}],"wp:attachment":[{"href":"https:\/\/www.tvluetzelflueh.ch\/wp_2019_PSC\/wp-json\/wp\/v2\/media?parent=3503"}],"wp:term":[{"taxonomy":"category","embeddable":true,"href":"https:\/\/www.tvluetzelflueh.ch\/wp_2019_PSC\/wp-json\/wp\/v2\/categories?post=3503"},{"taxonomy":"post_tag","embeddable":true,"href":"https:\/\/www.tvluetzelflueh.ch\/wp_2019_PSC\/wp-json\/wp\/v2\/tags?post=3503"}],"curies":[{"name":"wp","href":"https:\/\/api.w.org\/{rel}","templated":true}]}}