{"id":3620,"date":"2022-07-06T19:37:46","date_gmt":"2022-07-06T17:37:46","guid":{"rendered":"https:\/\/www.tvluetzelflueh.ch\/wp_2019_PSC\/?p=3620"},"modified":"2022-08-10T14:47:27","modified_gmt":"2022-08-10T12:47:27","slug":"bericht-kantonalfinal-visana-sprint-2022","status":"publish","type":"post","link":"https:\/\/www.tvluetzelflueh.ch\/wp_2019_PSC\/bericht-kantonalfinal-visana-sprint-2022\/","title":{"rendered":"Bericht Kantonalfinal Visana Sprint 2022"},"content":{"rendered":"\t\t<div data-elementor-type=\"wp-post\" data-elementor-id=\"3620\" class=\"elementor elementor-3620\">\n\t\t\t\t\t\t<section class=\"elementor-section elementor-top-section elementor-element elementor-element-10f89eb elementor-section-boxed elementor-section-height-default elementor-section-height-default\" data-id=\"10f89eb\" data-element_type=\"section\" data-e-type=\"section\">\n\t\t\t\t\t\t<div class=\"elementor-container elementor-column-gap-default\">\n\t\t\t\t\t<div class=\"elementor-column elementor-col-100 elementor-top-column elementor-element elementor-element-dea00c0\" data-id=\"dea00c0\" data-element_type=\"column\" data-e-type=\"column\">\n\t\t\t<div class=\"elementor-widget-wrap elementor-element-populated\">\n\t\t\t\t\t\t<div class=\"elementor-element elementor-element-2f951aa elementor-widget elementor-widget-text-editor\" data-id=\"2f951aa\" data-element_type=\"widget\" data-e-type=\"widget\" data-widget_type=\"text-editor.default\">\n\t\t\t\t<div class=\"elementor-widget-container\">\n\t\t\t\t\t\t\t\t\t<p><span style=\"text-decoration: underline;\"><strong>Doppelsieg f\u00fcr die 8-j\u00e4hrigen Sprintraketen des TV L\u00fctzelfl\u00fch Athletics<\/strong><\/span><\/p><p>3 Athletinnen und 5 Athleten des TV L\u00fctzelfl\u00fch Athletics konnten sich in regionalen Ausscheidungen f\u00fcr den diesj\u00e4hrigen Berner Kantonalfinal des Visana Sprint qualifizieren. Bei hochsommerlichen Temperaturen gelangen vorab unseren M\u00e4dchen hervorragende Resultate: Nachdem sowohl Sophie Hug, als auch Ziva Lehmann und Valentina Mosimann (alle W08) ihre Vorl\u00e4ufe \u00fcber 50m gewonnen hatten, waren Ziva und Sophie auch in den Halbfinals nicht zu stoppen. Leider verpasste Valentina den Finaleinzug als Dritte ihres Halbfinals knapp (8. Schlussrang). Im Finallauf, welcher jeweils von den vier zeitschnellsten L\u00e4uferinnen bestritten wurde, waren Sophie und Ziva nicht zu schlagen und konnten mit Zeiten von 8,47s und 8,50s einen ungef\u00e4hrdeten Doppelsieg f\u00fcr den TV L\u00fctzelfl\u00fch Athletics feiern!<\/p><p>Souver\u00e4n f\u00fcr die Halbfinals \u00fcber 60m qualifizieren konnte sich der 10-j\u00e4hrige Crispin Krause, wo er seine pers\u00f6nliche Bestzeit von 9,42s egalisieren konnte, was ihm von 19 startenden Sprintern den guten 7. Rang einbrachte.<\/p><p>Etwas weniger Gl\u00fcck hatte Lenny Hug bei den 11-j\u00e4hrigen Knaben. Er konnte sich leider nicht f\u00fcr die Halbfinals qualifizieren. An dieser Stelle muss jedoch gesagt werden, dass allein die Qualifikation f\u00fcr den Berner Kantonalfinal eine Auszeichnung ist.<\/p><p>Bei den 12-j\u00e4hrigen Knaben konnten sich mit Livio Hauzenberger und Elia Nyffenegger zwei Sprinter des TV L\u00fctzelfl\u00fch Athletics f\u00fcr diesen Anlass qualifizieren. Aus gesundheitlichen Gr\u00fcnden konnte Elia nicht zum Wettkampf antreten. Livio Hauzenberger hingegen gewann seinen Vorlauf \u00fcber 60m. In den Halbfinals musste er sich trotz pers\u00f6nlicher Bestzeit von 8,81s der starken Konkurrenz geschlagen geben (Schlussrang 8).<\/p><p>Am fr\u00fchen Abend trat noch der 14-j\u00e4hrige Janik Eggimann zum Vorlauf \u00fcber 80m an, in welchem er sich in 10,99s trotz der von ihm ungeliebten Hitze f\u00fcr die Halbfinals qualifizieren konnte. Dort konnte er sich dann zeitlich nicht mehr verbessern und erreichte den 12. Schlussrang.<\/p><p>04.07.2022 \/ Hanspeter und Remo<\/p>\t\t\t\t\t\t\t\t<\/div>\n\t\t\t\t<\/div>\n\t\t\t\t\t<\/div>\n\t\t<\/div>\n\t\t\t\t\t<\/div>\n\t\t<\/section>\n\t\t\t\t<section class=\"elementor-section elementor-top-section elementor-element elementor-element-e5c9634 elementor-section-boxed elementor-section-height-default elementor-section-height-default\" data-id=\"e5c9634\" data-element_type=\"section\" data-e-type=\"section\">\n\t\t\t\t\t\t<div class=\"elementor-container elementor-column-gap-default\">\n\t\t\t\t\t<div class=\"elementor-column elementor-col-100 elementor-top-column elementor-element elementor-element-543b4e4\" data-id=\"543b4e4\" data-element_type=\"column\" data-e-type=\"column\">\n\t\t\t<div class=\"elementor-widget-wrap elementor-element-populated\">\n\t\t\t\t\t\t<div class=\"elementor-element elementor-element-6c5b638 elementor-widget elementor-widget-image\" data-id=\"6c5b638\" data-element_type=\"widget\" data-e-type=\"widget\" data-widget_type=\"image.default\">\n\t\t\t\t<div class=\"elementor-widget-container\">\n\t\t\t\t\t\t\t\t\t\t\t\t\t\t\t<img fetchpriority=\"high\" decoding=\"async\" width=\"1024\" height=\"768\" src=\"https:\/\/www.tvluetzelflueh.ch\/wp_2019_PSC\/wp-content\/uploads\/2022\/07\/Sohie-Hug-und-Ziva-Lehmann-W08-1.-2.-Rang-1024x768.jpeg\" class=\"attachment-large size-large wp-image-3626\" alt=\"\" srcset=\"https:\/\/www.tvluetzelflueh.ch\/wp_2019_PSC\/wp-content\/uploads\/2022\/07\/Sohie-Hug-und-Ziva-Lehmann-W08-1.-2.-Rang-1024x768.jpeg 1024w, https:\/\/www.tvluetzelflueh.ch\/wp_2019_PSC\/wp-content\/uploads\/2022\/07\/Sohie-Hug-und-Ziva-Lehmann-W08-1.-2.-Rang-300x225.jpeg 300w, https:\/\/www.tvluetzelflueh.ch\/wp_2019_PSC\/wp-content\/uploads\/2022\/07\/Sohie-Hug-und-Ziva-Lehmann-W08-1.-2.-Rang-768x576.jpeg 768w, https:\/\/www.tvluetzelflueh.ch\/wp_2019_PSC\/wp-content\/uploads\/2022\/07\/Sohie-Hug-und-Ziva-Lehmann-W08-1.-2.-Rang-1536x1152.jpeg 1536w, https:\/\/www.tvluetzelflueh.ch\/wp_2019_PSC\/wp-content\/uploads\/2022\/07\/Sohie-Hug-und-Ziva-Lehmann-W08-1.-2.-Rang.jpeg 2000w\" sizes=\"(max-width: 1024px) 100vw, 1024px\" \/>\t\t\t\t\t\t\t\t\t\t\t\t\t\t\t<\/div>\n\t\t\t\t<\/div>\n\t\t\t\t\t<\/div>\n\t\t<\/div>\n\t\t\t\t\t<\/div>\n\t\t<\/section>\n\t\t\t\t<\/div>\n\t\t","protected":false},"excerpt":{"rendered":"<p>Doppelsieg f\u00fcr die 8-j\u00e4hrigen Sprintraketen des TV L\u00fctzelfl\u00fch Athletics 3 Athletinnen und 5 Athleten des TV L\u00fctzelfl\u00fch Athletics konnten sich in regionalen Ausscheidungen f\u00fcr den diesj\u00e4hrigen Berner Kantonalfinal des Visana Sprint qualifizieren. Bei hochsommerlichen Temperaturen gelangen vorab unseren M\u00e4dchen hervorragende Resultate: Nachdem sowohl Sophie Hug, als auch Ziva Lehmann und Valentina Mosimann (alle W08) ihre [&hellip;]<\/p>\n","protected":false},"author":1,"featured_media":3621,"comment_status":"open","ping_status":"open","sticky":false,"template":"","format":"standard","meta":{"ocean_post_layout":"","ocean_both_sidebars_style":"","ocean_both_sidebars_content_width":0,"ocean_both_sidebars_sidebars_width":0,"ocean_sidebar":"0","ocean_second_sidebar":"0","ocean_disable_margins":"enable","ocean_add_body_class":"","ocean_shortcode_before_top_bar":"","ocean_shortcode_after_top_bar":"","ocean_shortcode_before_header":"","ocean_shortcode_after_header":"","ocean_has_shortcode":"","ocean_shortcode_after_title":"","ocean_shortcode_before_footer_widgets":"","ocean_shortcode_after_footer_widgets":"","ocean_shortcode_before_footer_bottom":"","ocean_shortcode_after_footer_bottom":"","ocean_display_top_bar":"default","ocean_display_header":"default","ocean_header_style":"","ocean_center_header_left_menu":"0","ocean_custom_header_template":"0","ocean_custom_logo":0,"ocean_custom_retina_logo":0,"ocean_custom_logo_max_width":0,"ocean_custom_logo_tablet_max_width":0,"ocean_custom_logo_mobile_max_width":0,"ocean_custom_logo_max_height":0,"ocean_custom_logo_tablet_max_height":0,"ocean_custom_logo_mobile_max_height":0,"ocean_header_custom_menu":"0","ocean_menu_typo_font_family":"0","ocean_menu_typo_font_subset":"","ocean_menu_typo_font_size":0,"ocean_menu_typo_font_size_tablet":0,"ocean_menu_typo_font_size_mobile":0,"ocean_menu_typo_font_size_unit":"px","ocean_menu_typo_font_weight":"","ocean_menu_typo_font_weight_tablet":"","ocean_menu_typo_font_weight_mobile":"","ocean_menu_typo_transform":"","ocean_menu_typo_transform_tablet":"","ocean_menu_typo_transform_mobile":"","ocean_menu_typo_line_height":0,"ocean_menu_typo_line_height_tablet":0,"ocean_menu_typo_line_height_mobile":0,"ocean_menu_typo_line_height_unit":"","ocean_menu_typo_spacing":0,"ocean_menu_typo_spacing_tablet":0,"ocean_menu_typo_spacing_mobile":0,"ocean_menu_typo_spacing_unit":"","ocean_menu_link_color":"","ocean_menu_link_color_hover":"","ocean_menu_link_color_active":"","ocean_menu_link_background":"","ocean_menu_link_hover_background":"","ocean_menu_link_active_background":"","ocean_menu_social_links_bg":"","ocean_menu_social_hover_links_bg":"","ocean_menu_social_links_color":"","ocean_menu_social_hover_links_color":"","ocean_disable_title":"default","ocean_disable_heading":"default","ocean_post_title":"","ocean_post_subheading":"","ocean_post_title_style":"","ocean_post_title_background_color":"","ocean_post_title_background":0,"ocean_post_title_bg_image_position":"","ocean_post_title_bg_image_attachment":"","ocean_post_title_bg_image_repeat":"","ocean_post_title_bg_image_size":"","ocean_post_title_height":0,"ocean_post_title_bg_overlay":0.5,"ocean_post_title_bg_overlay_color":"","ocean_disable_breadcrumbs":"default","ocean_breadcrumbs_color":"","ocean_breadcrumbs_separator_color":"","ocean_breadcrumbs_links_color":"","ocean_breadcrumbs_links_hover_color":"","ocean_display_footer_widgets":"default","ocean_display_footer_bottom":"default","ocean_custom_footer_template":"0","ocean_post_oembed":"","ocean_post_self_hosted_media":"","ocean_post_video_embed":"","ocean_link_format":"","ocean_link_format_target":"self","ocean_quote_format":"","ocean_quote_format_link":"post","ocean_gallery_link_images":"off","ocean_gallery_id":[],"footnotes":""},"categories":[1],"tags":[],"class_list":["post-3620","post","type-post","status-publish","format-standard","has-post-thumbnail","hentry","category-allgemein","entry","has-media"],"_links":{"self":[{"href":"https:\/\/www.tvluetzelflueh.ch\/wp_2019_PSC\/wp-json\/wp\/v2\/posts\/3620","targetHints":{"allow":["GET"]}}],"collection":[{"href":"https:\/\/www.tvluetzelflueh.ch\/wp_2019_PSC\/wp-json\/wp\/v2\/posts"}],"about":[{"href":"https:\/\/www.tvluetzelflueh.ch\/wp_2019_PSC\/wp-json\/wp\/v2\/types\/post"}],"author":[{"embeddable":true,"href":"https:\/\/www.tvluetzelflueh.ch\/wp_2019_PSC\/wp-json\/wp\/v2\/users\/1"}],"replies":[{"embeddable":true,"href":"https:\/\/www.tvluetzelflueh.ch\/wp_2019_PSC\/wp-json\/wp\/v2\/comments?post=3620"}],"version-history":[{"count":12,"href":"https:\/\/www.tvluetzelflueh.ch\/wp_2019_PSC\/wp-json\/wp\/v2\/posts\/3620\/revisions"}],"predecessor-version":[{"id":3689,"href":"https:\/\/www.tvluetzelflueh.ch\/wp_2019_PSC\/wp-json\/wp\/v2\/posts\/3620\/revisions\/3689"}],"wp:featuredmedia":[{"embeddable":true,"href":"https:\/\/www.tvluetzelflueh.ch\/wp_2019_PSC\/wp-json\/wp\/v2\/media\/3621"}],"wp:attachment":[{"href":"https:\/\/www.tvluetzelflueh.ch\/wp_2019_PSC\/wp-json\/wp\/v2\/media?parent=3620"}],"wp:term":[{"taxonomy":"category","embeddable":true,"href":"https:\/\/www.tvluetzelflueh.ch\/wp_2019_PSC\/wp-json\/wp\/v2\/categories?post=3620"},{"taxonomy":"post_tag","embeddable":true,"href":"https:\/\/www.tvluetzelflueh.ch\/wp_2019_PSC\/wp-json\/wp\/v2\/tags?post=3620"}],"curies":[{"name":"wp","href":"https:\/\/api.w.org\/{rel}","templated":true}]}}