{"id":3714,"date":"2022-08-18T21:54:11","date_gmt":"2022-08-18T19:54:11","guid":{"rendered":"https:\/\/www.tvluetzelflueh.ch\/wp_2019_PSC\/?p=3714"},"modified":"2022-08-18T22:20:14","modified_gmt":"2022-08-18T20:20:14","slug":"bericht-emmenlauf-2022-in-utzenstorf","status":"publish","type":"post","link":"https:\/\/www.tvluetzelflueh.ch\/wp_2019_PSC\/bericht-emmenlauf-2022-in-utzenstorf\/","title":{"rendered":"Bericht Emmenlauf 2022 in Utzenstorf"},"content":{"rendered":"\t\t<div data-elementor-type=\"wp-post\" data-elementor-id=\"3714\" class=\"elementor elementor-3714\">\n\t\t\t\t\t\t<section class=\"elementor-section elementor-top-section elementor-element elementor-element-10f89eb elementor-section-boxed elementor-section-height-default elementor-section-height-default\" data-id=\"10f89eb\" data-element_type=\"section\" data-e-type=\"section\">\n\t\t\t\t\t\t<div class=\"elementor-container elementor-column-gap-default\">\n\t\t\t\t\t<div class=\"elementor-column elementor-col-100 elementor-top-column elementor-element elementor-element-dea00c0\" data-id=\"dea00c0\" data-element_type=\"column\" data-e-type=\"column\">\n\t\t\t<div class=\"elementor-widget-wrap elementor-element-populated\">\n\t\t\t\t\t\t<div class=\"elementor-element elementor-element-2f951aa elementor-widget elementor-widget-text-editor\" data-id=\"2f951aa\" data-element_type=\"widget\" data-e-type=\"widget\" data-widget_type=\"text-editor.default\">\n\t\t\t\t<div class=\"elementor-widget-container\">\n\t\t\t\t\t\t\t\t\t<p><strong>Bericht Emmenlauf Utzenstorf 2022<\/strong><\/p><p>Juhui&#8230; Die Saison der Herbstl\u00e4ufe 2022 ist lanciert! Am Mittwochabend des 17. August 2022 fand nach l\u00e4ngerer Pause der traditionelle Emmenlauf in Utzenstorf, bzw. B\u00e4tterkinden statt. Der Wetterdienst des Bundes versprach nach langer D\u00fcrreperiode auf seiner Wetterapp eine anst\u00e4ndige Dusche.<\/p><p>Um es vorweg zu nehmen &#8211; die Dusche blieb aus. Die letzten L\u00e4uferinnen und L\u00e4ufer hatten die Szenerie bereits verlassen, als der Regen einsetzte.<\/p><p>Der Emmenlauf besteht aus zwei Hauptl\u00e4ufen, 5,5km und 10,5km, sowie aus diversen Sch\u00fclerl\u00e4ufen mit Distanzen zwischen 0,5 bis 3km. Bei den Hauptl\u00e4ufen gibt keine Abstufung, zwischen Jugendlichen und Erwachsenen. Heisst, die Motivation f\u00fcr die Jugendlichen ist gross, die Erwachsenen mal so richtig &#8222;abzutrocknen&#8220;.<\/p><p><span style=\"text-decoration: underline;\"><strong>Hauptlauf 5,5km:<\/strong><\/span><\/p><p>Gut traininert aus LA-Training und Laufgruppe &#8222;Kids&#8220;, sowie mit der Motivation, es den Erwachsenen mal so richtig zu zeigen, nahmen Janine, Seraina und Nils die 5,5km unter die Laufschuhe. F\u00fcr Seraina war es der erste Lauf \u00fcber diese Distanz. Weit vorne eingereiht ging es vom Start an z\u00fcgig los.<\/p><p>Die Strecke des Emmenlauf f\u00fchrt flach der Emme entlang, man macht also keine H\u00f6henmeter. Dies versprach ein schnelles Rennen. Bereits nach 19 Minuten tauchte der erste Mann im Ziel auf. Nach ein paar weiteren M\u00e4nnern tauchten dann auch die schnellsten Frauen auf. Ich fand es faszinierend, mit welchem Tempo die L\u00e4uferinnen und L\u00e4ufer diese 5,5km gelaufen waren und ausgesehen haben, als h\u00e4tten sie noch gar nichts gemacht. Ich h\u00e4tte schon nach 1km ein Sauerstoffzelt gebraucht.<\/p><p>Drei Frauen (mit Jahrg\u00e4ngen 1982-2002) hatten die Ziellinie bereits passiert, da tauchten auf der Br\u00fccke bereits zwei TVL-Trikots auf. Janine und Seraina sprinteten hintereinander die letzten Meter ins Ziel. Platz 4 und 5 !!! Kurz danach sprintete auch bereits Nils ins Ziel.<\/p><p>Bei den Frauen starteten 40 Teilnehmerinnen. Unsere beiden &#8222;Raketen&#8220; waren mit Jahrgang 2010 mit Abstand die j\u00fcngsten L\u00e4uferinnen. Bei den M\u00e4nnern starteten 43 Teilnehmer. Nils erreichte eine \u00e4hnlich gute Zeit wie die Girls, bei den Herren reichte dies f\u00fcr den tollen Rang 21.<\/p><p><span style=\"text-decoration: underline;\"><strong>Sch\u00fclerl\u00e4ufe:<\/strong><\/span><\/p><p>Nicole liess ihr Mittwoch-Training f\u00fcr den Emmenlauf sausen. Daf\u00fcr reiste sie mit starker TVL-Besetzung, mit dem Bus in Utzenstorf an. Mit dabei waren Julia, Lenny, Crispin, Giuliano, Adrian, Mira, Lindsey, G\u00fclciya, Andrin, Ziva, Sophie, L\u00e9onie und Riana.<\/p><p>Julia startete bei den Girls im 3km Lauf. Julia lief ein perfektes Rennen. Auf der Zielgeraden lief sie auf dem zweiten Platz dem Ziel entgegen, im Windschatten der Konkurrenz. Die Spitzenl\u00e4uferin in Reichweite. Julia konnte noch einmal Energie bereitstellen und \u00fcbersprintete ihre Konkurrentin auf den lezten Meter. Sieg f\u00fcr Julia und ein verdienter Platz auf dem obersten Treppchen!<\/p><p>Bei den Rock-L\u00e4ufen \u00fcber 1,6km war die TVL-interne Konkurrenz etwas gr\u00f6sser. 7 TVL-Kids sprinteten der Ziellinie entgegen. Bei den Boys verpasste Lenny mit seinem 4. Platz leider knapp das Podest. Mira konnte bei den Girls mit dem 3. Platz das Podest besteigen. Sie musste sich nur um eine Sekunde von der zweitplatzierten geschlagen geben. Weitere tolle Rangierungen erreichten Crispin (6.), Lindsey (9.), Giuliano (13.), Adrian (25.) und G\u00fclciya (27.). Gesamt starteten in diesen Rennen 40, bzw. 34 Teilnehmer und Teilnehmerinnen.<\/p><p>Bei den Cross-L\u00e4ufen \u00fcber 900m konnte Andrin bei den Boys den tollen 7. Platz erreichen. Dies ist in anbetracht von 52 gestarteten Boys super! Bei den Girls starteten unsere drei 2014-Sprinterinnen Ziva, Sophie und L\u00e9onie. Ziva sprintete mit dem 3. Rang auf das Podest. Und dies bei 55 Starterinnen! Toll! Dies z\u00e4hlt nat\u00fcrlich auch f\u00fcr Sophie (14.) und L\u00e9onie (30.).<\/p><p>Riana startete als einzige TVL-erin beim 500m-Lauf. Auch Riana lieferte ein Top-Rennen ab. 7 Platz von 60 Starterinnen.<\/p><p><span style=\"text-decoration: underline;\"><strong>Fazit:<\/strong><\/span><\/p><p>Mein pers\u00f6nliches Fazit zu diesem Laufabend: BOOOOOOOM. Ich bin geflasht und sehr stolz auf &#8222;unsere&#8220; Leistungen. Uns steht ein toller Lauf-Herbst ins Haus. Es stehen noch ein paar tolle L\u00e4ufe auf dem Programm. Ich bin mir praktisch sicher, dass wir noch weitere Podestpl\u00e4tze erleben werden.\u00a0 Wir trainieren darauf hin. Packen wir es an.<\/p><p>18.08.2022 \/ P\u00e4scu<\/p>\t\t\t\t\t\t\t\t<\/div>\n\t\t\t\t<\/div>\n\t\t\t\t<div class=\"elementor-element elementor-element-c282e5e elementor-widget elementor-widget-button\" data-id=\"c282e5e\" data-element_type=\"widget\" data-e-type=\"widget\" data-widget_type=\"button.default\">\n\t\t\t\t<div class=\"elementor-widget-container\">\n\t\t\t\t\t\t\t\t\t<div class=\"elementor-button-wrapper\">\n\t\t\t\t\t<a class=\"elementor-button elementor-button-link elementor-size-sm\" href=\"https:\/\/flic.kr\/s\/aHBqjA3wS9\" target=\"_blank\">\n\t\t\t\t\t\t<span class=\"elementor-button-content-wrapper\">\n\t\t\t\t\t\t\t\t\t<span class=\"elementor-button-text\">Fotos auf Flickr<\/span>\n\t\t\t\t\t<\/span>\n\t\t\t\t\t<\/a>\n\t\t\t\t<\/div>\n\t\t\t\t\t\t\t\t<\/div>\n\t\t\t\t<\/div>\n\t\t\t\t\t<\/div>\n\t\t<\/div>\n\t\t\t\t\t<\/div>\n\t\t<\/section>\n\t\t\t\t<section class=\"elementor-section elementor-top-section elementor-element elementor-element-e5c9634 elementor-section-boxed elementor-section-height-default elementor-section-height-default\" data-id=\"e5c9634\" data-element_type=\"section\" data-e-type=\"section\">\n\t\t\t\t\t\t<div class=\"elementor-container elementor-column-gap-default\">\n\t\t\t\t\t<div class=\"elementor-column elementor-col-100 elementor-top-column elementor-element elementor-element-543b4e4\" data-id=\"543b4e4\" data-element_type=\"column\" data-e-type=\"column\">\n\t\t\t<div class=\"elementor-widget-wrap elementor-element-populated\">\n\t\t\t\t\t\t<div class=\"elementor-element elementor-element-52602b3 elementor-widget elementor-widget-image\" data-id=\"52602b3\" data-element_type=\"widget\" data-e-type=\"widget\" data-widget_type=\"image.default\">\n\t\t\t\t<div class=\"elementor-widget-container\">\n\t\t\t\t\t\t\t\t\t\t\t\t\t\t\t<img fetchpriority=\"high\" decoding=\"async\" width=\"1024\" height=\"528\" src=\"https:\/\/www.tvluetzelflueh.ch\/wp_2019_PSC\/wp-content\/uploads\/2022\/08\/Rangliste-Emmenlauf-2022-1024x528.png\" class=\"attachment-large size-large wp-image-3718\" alt=\"\" srcset=\"https:\/\/www.tvluetzelflueh.ch\/wp_2019_PSC\/wp-content\/uploads\/2022\/08\/Rangliste-Emmenlauf-2022-1024x528.png 1024w, https:\/\/www.tvluetzelflueh.ch\/wp_2019_PSC\/wp-content\/uploads\/2022\/08\/Rangliste-Emmenlauf-2022-300x155.png 300w, https:\/\/www.tvluetzelflueh.ch\/wp_2019_PSC\/wp-content\/uploads\/2022\/08\/Rangliste-Emmenlauf-2022-768x396.png 768w, https:\/\/www.tvluetzelflueh.ch\/wp_2019_PSC\/wp-content\/uploads\/2022\/08\/Rangliste-Emmenlauf-2022.png 1087w\" sizes=\"(max-width: 1024px) 100vw, 1024px\" \/>\t\t\t\t\t\t\t\t\t\t\t\t\t\t\t<\/div>\n\t\t\t\t<\/div>\n\t\t\t\t\t<\/div>\n\t\t<\/div>\n\t\t\t\t\t<\/div>\n\t\t<\/section>\n\t\t\t\t<\/div>\n\t\t","protected":false},"excerpt":{"rendered":"<p>Bericht Emmenlauf Utzenstorf 2022 Juhui&#8230; Die Saison der Herbstl\u00e4ufe 2022 ist lanciert! Am Mittwochabend des 17. August 2022 fand nach l\u00e4ngerer Pause der traditionelle Emmenlauf in Utzenstorf, bzw. B\u00e4tterkinden statt. Der Wetterdienst des Bundes versprach nach langer D\u00fcrreperiode auf seiner Wetterapp eine anst\u00e4ndige Dusche. Um es vorweg zu nehmen &#8211; die Dusche blieb aus. Die [&hellip;]<\/p>\n","protected":false},"author":1,"featured_media":3715,"comment_status":"open","ping_status":"open","sticky":false,"template":"","format":"standard","meta":{"ocean_post_layout":"","ocean_both_sidebars_style":"","ocean_both_sidebars_content_width":0,"ocean_both_sidebars_sidebars_width":0,"ocean_sidebar":"0","ocean_second_sidebar":"0","ocean_disable_margins":"enable","ocean_add_body_class":"","ocean_shortcode_before_top_bar":"","ocean_shortcode_after_top_bar":"","ocean_shortcode_before_header":"","ocean_shortcode_after_header":"","ocean_has_shortcode":"","ocean_shortcode_after_title":"","ocean_shortcode_before_footer_widgets":"","ocean_shortcode_after_footer_widgets":"","ocean_shortcode_before_footer_bottom":"","ocean_shortcode_after_footer_bottom":"","ocean_display_top_bar":"default","ocean_display_header":"default","ocean_header_style":"","ocean_center_header_left_menu":"0","ocean_custom_header_template":"0","ocean_custom_logo":0,"ocean_custom_retina_logo":0,"ocean_custom_logo_max_width":0,"ocean_custom_logo_tablet_max_width":0,"ocean_custom_logo_mobile_max_width":0,"ocean_custom_logo_max_height":0,"ocean_custom_logo_tablet_max_height":0,"ocean_custom_logo_mobile_max_height":0,"ocean_header_custom_menu":"0","ocean_menu_typo_font_family":"0","ocean_menu_typo_font_subset":"","ocean_menu_typo_font_size":0,"ocean_menu_typo_font_size_tablet":0,"ocean_menu_typo_font_size_mobile":0,"ocean_menu_typo_font_size_unit":"px","ocean_menu_typo_font_weight":"","ocean_menu_typo_font_weight_tablet":"","ocean_menu_typo_font_weight_mobile":"","ocean_menu_typo_transform":"","ocean_menu_typo_transform_tablet":"","ocean_menu_typo_transform_mobile":"","ocean_menu_typo_line_height":0,"ocean_menu_typo_line_height_tablet":0,"ocean_menu_typo_line_height_mobile":0,"ocean_menu_typo_line_height_unit":"","ocean_menu_typo_spacing":0,"ocean_menu_typo_spacing_tablet":0,"ocean_menu_typo_spacing_mobile":0,"ocean_menu_typo_spacing_unit":"","ocean_menu_link_color":"","ocean_menu_link_color_hover":"","ocean_menu_link_color_active":"","ocean_menu_link_background":"","ocean_menu_link_hover_background":"","ocean_menu_link_active_background":"","ocean_menu_social_links_bg":"","ocean_menu_social_hover_links_bg":"","ocean_menu_social_links_color":"","ocean_menu_social_hover_links_color":"","ocean_disable_title":"default","ocean_disable_heading":"default","ocean_post_title":"","ocean_post_subheading":"","ocean_post_title_style":"","ocean_post_title_background_color":"","ocean_post_title_background":0,"ocean_post_title_bg_image_position":"","ocean_post_title_bg_image_attachment":"","ocean_post_title_bg_image_repeat":"","ocean_post_title_bg_image_size":"","ocean_post_title_height":0,"ocean_post_title_bg_overlay":0.5,"ocean_post_title_bg_overlay_color":"","ocean_disable_breadcrumbs":"default","ocean_breadcrumbs_color":"","ocean_breadcrumbs_separator_color":"","ocean_breadcrumbs_links_color":"","ocean_breadcrumbs_links_hover_color":"","ocean_display_footer_widgets":"default","ocean_display_footer_bottom":"default","ocean_custom_footer_template":"0","ocean_post_oembed":"","ocean_post_self_hosted_media":"","ocean_post_video_embed":"","ocean_link_format":"","ocean_link_format_target":"self","ocean_quote_format":"","ocean_quote_format_link":"post","ocean_gallery_link_images":"off","ocean_gallery_id":[],"footnotes":""},"categories":[1],"tags":[],"class_list":["post-3714","post","type-post","status-publish","format-standard","has-post-thumbnail","hentry","category-allgemein","entry","has-media"],"_links":{"self":[{"href":"https:\/\/www.tvluetzelflueh.ch\/wp_2019_PSC\/wp-json\/wp\/v2\/posts\/3714","targetHints":{"allow":["GET"]}}],"collection":[{"href":"https:\/\/www.tvluetzelflueh.ch\/wp_2019_PSC\/wp-json\/wp\/v2\/posts"}],"about":[{"href":"https:\/\/www.tvluetzelflueh.ch\/wp_2019_PSC\/wp-json\/wp\/v2\/types\/post"}],"author":[{"embeddable":true,"href":"https:\/\/www.tvluetzelflueh.ch\/wp_2019_PSC\/wp-json\/wp\/v2\/users\/1"}],"replies":[{"embeddable":true,"href":"https:\/\/www.tvluetzelflueh.ch\/wp_2019_PSC\/wp-json\/wp\/v2\/comments?post=3714"}],"version-history":[{"count":15,"href":"https:\/\/www.tvluetzelflueh.ch\/wp_2019_PSC\/wp-json\/wp\/v2\/posts\/3714\/revisions"}],"predecessor-version":[{"id":3732,"href":"https:\/\/www.tvluetzelflueh.ch\/wp_2019_PSC\/wp-json\/wp\/v2\/posts\/3714\/revisions\/3732"}],"wp:featuredmedia":[{"embeddable":true,"href":"https:\/\/www.tvluetzelflueh.ch\/wp_2019_PSC\/wp-json\/wp\/v2\/media\/3715"}],"wp:attachment":[{"href":"https:\/\/www.tvluetzelflueh.ch\/wp_2019_PSC\/wp-json\/wp\/v2\/media?parent=3714"}],"wp:term":[{"taxonomy":"category","embeddable":true,"href":"https:\/\/www.tvluetzelflueh.ch\/wp_2019_PSC\/wp-json\/wp\/v2\/categories?post=3714"},{"taxonomy":"post_tag","embeddable":true,"href":"https:\/\/www.tvluetzelflueh.ch\/wp_2019_PSC\/wp-json\/wp\/v2\/tags?post=3714"}],"curies":[{"name":"wp","href":"https:\/\/api.w.org\/{rel}","templated":true}]}}