{"id":3826,"date":"2022-09-15T20:57:12","date_gmt":"2022-09-15T18:57:12","guid":{"rendered":"https:\/\/www.tvluetzelflueh.ch\/wp_2019_PSC\/?p=3826"},"modified":"2022-09-15T21:07:04","modified_gmt":"2022-09-15T19:07:04","slug":"bericht-burgdorfer-stadtlauf-2022","status":"publish","type":"post","link":"https:\/\/www.tvluetzelflueh.ch\/wp_2019_PSC\/bericht-burgdorfer-stadtlauf-2022\/","title":{"rendered":"Bericht Burgdorfer Stadtlauf 2022"},"content":{"rendered":"\t\t<div data-elementor-type=\"wp-post\" data-elementor-id=\"3826\" class=\"elementor elementor-3826\">\n\t\t\t\t\t\t<section class=\"elementor-section elementor-top-section elementor-element elementor-element-10f89eb elementor-section-boxed elementor-section-height-default elementor-section-height-default\" data-id=\"10f89eb\" data-element_type=\"section\" data-e-type=\"section\">\n\t\t\t\t\t\t<div class=\"elementor-container elementor-column-gap-default\">\n\t\t\t\t\t<div class=\"elementor-column elementor-col-100 elementor-top-column elementor-element elementor-element-dea00c0\" data-id=\"dea00c0\" data-element_type=\"column\" data-e-type=\"column\">\n\t\t\t<div class=\"elementor-widget-wrap elementor-element-populated\">\n\t\t\t\t\t\t<div class=\"elementor-element elementor-element-2f951aa elementor-widget elementor-widget-text-editor\" data-id=\"2f951aa\" data-element_type=\"widget\" data-e-type=\"widget\" data-widget_type=\"text-editor.default\">\n\t\t\t\t<div class=\"elementor-widget-container\">\n\t\t\t\t\t\t\t\t\t<p><strong>Bericht Burgdorfer Stadtlauf 2022<\/strong><\/p><p>Am Samstag, 10. September 2022 fand der 40. Burgdorfer Stadtlauf statt. Die Jubil\u00e4umsausgabe dieses tollen Stadtlaufs fand nach der Coronapause nach 2019 wieder in altbekannter Umgebung statt.<\/p><p>Begonnen wurde mit den Kinder- und Sch\u00fclerl\u00e4ufen, die Start und Ziel in der Altstadt hatten. Im Anschluss folgten die beiden Hauptl\u00e4ufe \u00fcber 5, sowie \u00fcber 10 Kilometer, mit Ziel auf dem Schloss.<\/p><p>Leider gab es aus Sicht TV L\u00fctzelfl\u00fch wieder eine Terminkollision. Diesmal mit dem Schweizerfinal des UBS Kids Cup.<\/p><p>Am Start f\u00fcr unseren Verein waren Silvan Gerber, der als &#8222;Berchtold-Runner&#8220; den 2,2km Sch\u00fclerlauf, sowie Nils Sch\u00e4kel, der den 5km Hauptlauf absolvierte.<\/p><p>Silvan war in seinem Lauf eine Klasse f\u00fcr sich. Nach dem tollen Lauf beim Mille Gruy\u00e8re am 3.9.22, war ihm auch hier der Sieg nicht zu nehmen. Mit einer super Zeit von 7:54 min, nahm er dem Zweiplatzierten \u00fcber die 2,2km \u00fcber eine Minute ab. Entsprechend konnte er sich bei der Rangverk\u00fcndigung auf dem ersten Platz feiern lassen.<\/p><p>Nils hatte ein wenig mehr zu beissen. Die meisten Konkurrenten waren z.T. mehr als einen Kopf gr\u00f6sser als er. Nils lief ein gutes Rennen, zog aber nicht den besten Tag ein. So konnte er leider nicht an die Jahre vor Corona ankn\u00fcpfen. Mit einer Zeit von 26:08 min erreichte er den 11. Platz bei den Herren unter 20 Jahren.<\/p><p>Bemerkenswert ist bei diesem Lauf immer wieder, wie die einzelnen L\u00e4uferinnen und L\u00e4ufer der Hauptl\u00e4ufe, die letzten Meter zum Schloss hochlaufen. Es gibt L\u00e4ufer, die laufen Bombenzeiten und sprinten den Berg hoch, wie sie noch gar nichts gemacht h\u00e4tten. Bei anderen macht man sich schon weiter unten gewisse Sorgen \ud83d\ude42<\/p><p>15.09.2022 \/ P\u00e4scu<\/p>\t\t\t\t\t\t\t\t<\/div>\n\t\t\t\t<\/div>\n\t\t\t\t<div class=\"elementor-element elementor-element-c282e5e elementor-widget elementor-widget-button\" data-id=\"c282e5e\" data-element_type=\"widget\" data-e-type=\"widget\" data-widget_type=\"button.default\">\n\t\t\t\t<div class=\"elementor-widget-container\">\n\t\t\t\t\t\t\t\t\t<div class=\"elementor-button-wrapper\">\n\t\t\t\t\t<a class=\"elementor-button elementor-button-link elementor-size-sm\" href=\"https:\/\/flic.kr\/s\/aHBqjA7dCf\" target=\"_blank\">\n\t\t\t\t\t\t<span class=\"elementor-button-content-wrapper\">\n\t\t\t\t\t\t\t\t\t<span class=\"elementor-button-text\">Fotos auf Flickr<\/span>\n\t\t\t\t\t<\/span>\n\t\t\t\t\t<\/a>\n\t\t\t\t<\/div>\n\t\t\t\t\t\t\t\t<\/div>\n\t\t\t\t<\/div>\n\t\t\t\t\t<\/div>\n\t\t<\/div>\n\t\t\t\t\t<\/div>\n\t\t<\/section>\n\t\t\t\t<section class=\"elementor-section elementor-top-section elementor-element elementor-element-e5c9634 elementor-section-boxed elementor-section-height-default elementor-section-height-default\" data-id=\"e5c9634\" data-element_type=\"section\" data-e-type=\"section\">\n\t\t\t\t\t\t<div class=\"elementor-container elementor-column-gap-default\">\n\t\t\t\t\t<div class=\"elementor-column elementor-col-100 elementor-top-column elementor-element elementor-element-543b4e4\" data-id=\"543b4e4\" data-element_type=\"column\" data-e-type=\"column\">\n\t\t\t<div class=\"elementor-widget-wrap elementor-element-populated\">\n\t\t\t\t\t\t<div class=\"elementor-element elementor-element-52602b3 elementor-widget elementor-widget-image\" data-id=\"52602b3\" data-element_type=\"widget\" data-e-type=\"widget\" data-widget_type=\"image.default\">\n\t\t\t\t<div class=\"elementor-widget-container\">\n\t\t\t\t\t\t\t\t\t\t\t\t\t\t\t<img fetchpriority=\"high\" decoding=\"async\" width=\"1024\" height=\"100\" src=\"https:\/\/www.tvluetzelflueh.ch\/wp_2019_PSC\/wp-content\/uploads\/2022\/09\/2022_09_10_StadtlaufBurgdorf22_Rangliste-1024x100.png\" class=\"attachment-large size-large wp-image-3829\" alt=\"\" srcset=\"https:\/\/www.tvluetzelflueh.ch\/wp_2019_PSC\/wp-content\/uploads\/2022\/09\/2022_09_10_StadtlaufBurgdorf22_Rangliste-1024x100.png 1024w, https:\/\/www.tvluetzelflueh.ch\/wp_2019_PSC\/wp-content\/uploads\/2022\/09\/2022_09_10_StadtlaufBurgdorf22_Rangliste-300x29.png 300w, https:\/\/www.tvluetzelflueh.ch\/wp_2019_PSC\/wp-content\/uploads\/2022\/09\/2022_09_10_StadtlaufBurgdorf22_Rangliste-768x75.png 768w, https:\/\/www.tvluetzelflueh.ch\/wp_2019_PSC\/wp-content\/uploads\/2022\/09\/2022_09_10_StadtlaufBurgdorf22_Rangliste.png 1087w\" sizes=\"(max-width: 1024px) 100vw, 1024px\" \/>\t\t\t\t\t\t\t\t\t\t\t\t\t\t\t<\/div>\n\t\t\t\t<\/div>\n\t\t\t\t\t<\/div>\n\t\t<\/div>\n\t\t\t\t\t<\/div>\n\t\t<\/section>\n\t\t\t\t<\/div>\n\t\t","protected":false},"excerpt":{"rendered":"<p>Bericht Burgdorfer Stadtlauf 2022 Am Samstag, 10. September 2022 fand der 40. Burgdorfer Stadtlauf statt. Die Jubil\u00e4umsausgabe dieses tollen Stadtlaufs fand nach der Coronapause nach 2019 wieder in altbekannter Umgebung statt. Begonnen wurde mit den Kinder- und Sch\u00fclerl\u00e4ufen, die Start und Ziel in der Altstadt hatten. Im Anschluss folgten die beiden Hauptl\u00e4ufe \u00fcber 5, sowie [&hellip;]<\/p>\n","protected":false},"author":1,"featured_media":3827,"comment_status":"open","ping_status":"open","sticky":false,"template":"","format":"standard","meta":{"ocean_post_layout":"","ocean_both_sidebars_style":"","ocean_both_sidebars_content_width":0,"ocean_both_sidebars_sidebars_width":0,"ocean_sidebar":"0","ocean_second_sidebar":"0","ocean_disable_margins":"enable","ocean_add_body_class":"","ocean_shortcode_before_top_bar":"","ocean_shortcode_after_top_bar":"","ocean_shortcode_before_header":"","ocean_shortcode_after_header":"","ocean_has_shortcode":"","ocean_shortcode_after_title":"","ocean_shortcode_before_footer_widgets":"","ocean_shortcode_after_footer_widgets":"","ocean_shortcode_before_footer_bottom":"","ocean_shortcode_after_footer_bottom":"","ocean_display_top_bar":"default","ocean_display_header":"default","ocean_header_style":"","ocean_center_header_left_menu":"0","ocean_custom_header_template":"0","ocean_custom_logo":0,"ocean_custom_retina_logo":0,"ocean_custom_logo_max_width":0,"ocean_custom_logo_tablet_max_width":0,"ocean_custom_logo_mobile_max_width":0,"ocean_custom_logo_max_height":0,"ocean_custom_logo_tablet_max_height":0,"ocean_custom_logo_mobile_max_height":0,"ocean_header_custom_menu":"0","ocean_menu_typo_font_family":"0","ocean_menu_typo_font_subset":"","ocean_menu_typo_font_size":0,"ocean_menu_typo_font_size_tablet":0,"ocean_menu_typo_font_size_mobile":0,"ocean_menu_typo_font_size_unit":"px","ocean_menu_typo_font_weight":"","ocean_menu_typo_font_weight_tablet":"","ocean_menu_typo_font_weight_mobile":"","ocean_menu_typo_transform":"","ocean_menu_typo_transform_tablet":"","ocean_menu_typo_transform_mobile":"","ocean_menu_typo_line_height":0,"ocean_menu_typo_line_height_tablet":0,"ocean_menu_typo_line_height_mobile":0,"ocean_menu_typo_line_height_unit":"","ocean_menu_typo_spacing":0,"ocean_menu_typo_spacing_tablet":0,"ocean_menu_typo_spacing_mobile":0,"ocean_menu_typo_spacing_unit":"","ocean_menu_link_color":"","ocean_menu_link_color_hover":"","ocean_menu_link_color_active":"","ocean_menu_link_background":"","ocean_menu_link_hover_background":"","ocean_menu_link_active_background":"","ocean_menu_social_links_bg":"","ocean_menu_social_hover_links_bg":"","ocean_menu_social_links_color":"","ocean_menu_social_hover_links_color":"","ocean_disable_title":"default","ocean_disable_heading":"default","ocean_post_title":"","ocean_post_subheading":"","ocean_post_title_style":"","ocean_post_title_background_color":"","ocean_post_title_background":0,"ocean_post_title_bg_image_position":"","ocean_post_title_bg_image_attachment":"","ocean_post_title_bg_image_repeat":"","ocean_post_title_bg_image_size":"","ocean_post_title_height":0,"ocean_post_title_bg_overlay":0.5,"ocean_post_title_bg_overlay_color":"","ocean_disable_breadcrumbs":"default","ocean_breadcrumbs_color":"","ocean_breadcrumbs_separator_color":"","ocean_breadcrumbs_links_color":"","ocean_breadcrumbs_links_hover_color":"","ocean_display_footer_widgets":"default","ocean_display_footer_bottom":"default","ocean_custom_footer_template":"0","ocean_post_oembed":"","ocean_post_self_hosted_media":"","ocean_post_video_embed":"","ocean_link_format":"","ocean_link_format_target":"self","ocean_quote_format":"","ocean_quote_format_link":"post","ocean_gallery_link_images":"off","ocean_gallery_id":[],"footnotes":""},"categories":[1],"tags":[],"class_list":["post-3826","post","type-post","status-publish","format-standard","has-post-thumbnail","hentry","category-allgemein","entry","has-media"],"_links":{"self":[{"href":"https:\/\/www.tvluetzelflueh.ch\/wp_2019_PSC\/wp-json\/wp\/v2\/posts\/3826","targetHints":{"allow":["GET"]}}],"collection":[{"href":"https:\/\/www.tvluetzelflueh.ch\/wp_2019_PSC\/wp-json\/wp\/v2\/posts"}],"about":[{"href":"https:\/\/www.tvluetzelflueh.ch\/wp_2019_PSC\/wp-json\/wp\/v2\/types\/post"}],"author":[{"embeddable":true,"href":"https:\/\/www.tvluetzelflueh.ch\/wp_2019_PSC\/wp-json\/wp\/v2\/users\/1"}],"replies":[{"embeddable":true,"href":"https:\/\/www.tvluetzelflueh.ch\/wp_2019_PSC\/wp-json\/wp\/v2\/comments?post=3826"}],"version-history":[{"count":8,"href":"https:\/\/www.tvluetzelflueh.ch\/wp_2019_PSC\/wp-json\/wp\/v2\/posts\/3826\/revisions"}],"predecessor-version":[{"id":3836,"href":"https:\/\/www.tvluetzelflueh.ch\/wp_2019_PSC\/wp-json\/wp\/v2\/posts\/3826\/revisions\/3836"}],"wp:featuredmedia":[{"embeddable":true,"href":"https:\/\/www.tvluetzelflueh.ch\/wp_2019_PSC\/wp-json\/wp\/v2\/media\/3827"}],"wp:attachment":[{"href":"https:\/\/www.tvluetzelflueh.ch\/wp_2019_PSC\/wp-json\/wp\/v2\/media?parent=3826"}],"wp:term":[{"taxonomy":"category","embeddable":true,"href":"https:\/\/www.tvluetzelflueh.ch\/wp_2019_PSC\/wp-json\/wp\/v2\/categories?post=3826"},{"taxonomy":"post_tag","embeddable":true,"href":"https:\/\/www.tvluetzelflueh.ch\/wp_2019_PSC\/wp-json\/wp\/v2\/tags?post=3826"}],"curies":[{"name":"wp","href":"https:\/\/api.w.org\/{rel}","templated":true}]}}