{"id":3884,"date":"2022-10-15T21:53:52","date_gmt":"2022-10-15T19:53:52","guid":{"rendered":"https:\/\/www.tvluetzelflueh.ch\/wp_2019_PSC\/?p=3884"},"modified":"2022-10-15T21:59:08","modified_gmt":"2022-10-15T19:59:08","slug":"36-buerenlauf-2022","status":"publish","type":"post","link":"https:\/\/www.tvluetzelflueh.ch\/wp_2019_PSC\/36-buerenlauf-2022\/","title":{"rendered":"36. B\u00fcrenlauf 2022"},"content":{"rendered":"\t\t<div data-elementor-type=\"wp-post\" data-elementor-id=\"3884\" class=\"elementor elementor-3884\">\n\t\t\t\t\t\t<section class=\"elementor-section elementor-top-section elementor-element elementor-element-10f89eb elementor-section-boxed elementor-section-height-default elementor-section-height-default\" data-id=\"10f89eb\" data-element_type=\"section\" data-e-type=\"section\">\n\t\t\t\t\t\t<div class=\"elementor-container elementor-column-gap-default\">\n\t\t\t\t\t<div class=\"elementor-column elementor-col-100 elementor-top-column elementor-element elementor-element-dea00c0\" data-id=\"dea00c0\" data-element_type=\"column\" data-e-type=\"column\">\n\t\t\t<div class=\"elementor-widget-wrap elementor-element-populated\">\n\t\t\t\t\t\t<div class=\"elementor-element elementor-element-2f951aa elementor-widget elementor-widget-text-editor\" data-id=\"2f951aa\" data-element_type=\"widget\" data-e-type=\"widget\" data-widget_type=\"text-editor.default\">\n\t\t\t\t<div class=\"elementor-widget-container\">\n\t\t\t\t\t\t\t\t\t<p><strong>Bericht vom 36. B\u00fcrenlauf 2022 in B\u00fcren an der Aare<br \/><\/strong><\/p><p>Heute Samstag, 15. Oktober 2022 fand der traditionelle B\u00fcrenlauf in B\u00fcren an der Aare statt.<\/p><p>Der TV L\u00fctzelfl\u00fch Athletics konnte mit drei Nachwuchs-Topl\u00e4ufer\/-innen an den Start gehen. Alle drei Athleten liefen den B\u00fcrenlauf light \u00fcber 5 km. F\u00fcr Silvan Gerber (Jg. 2007) war dies der erste Lauf \u00fcber diese Distanz, f\u00fcr Seraina Sch\u00fctz (Jg. 2010) der zweite Lauf. Janine Schifferli (Jg. 2010) war quasi &#8222;der alte Hase&#8220; mit mehr L\u00e4ufen.<\/p><p>In den Trainings vor den Ferien konnte man schon sehen, dass hier gute Zeiten zu erwarten waren. Die drei Athleten lieferten dann auch entsprechend ab.<\/p><p>Silvan Gerber lief die 5km mit einer Zeit von 20:31 min., was einem Schnitt von tollen 4:06 Minuten\/km entsprach. Die Konkurrenz in seiner Gruppe war gross. Trotzdem erreichte Silvan den tollen 9. Platz in der Kategorie Herren-16. Zu erw\u00e4hnen ist noch, dass Silvan von allen 128 Herren im Ziel (incl. Erwachsene), den 22. Platz erreichte, wohlgemerkt incl. dem Mehrfachsieger Tefera Mekonen, der Streckenrekord lief.<\/p><p>Eine Klasse f\u00fcr sich waren unsere L\u00e4uferinnen mit Jahrgang 2010 in der Kategorie Damen-12. Janine Schifferli lief allen ihren Konkurrentinnen davon und erreichte bereits nach 21:53 min die Ziellinie. Dies bedeutete klar der erste Platz in dieser Kategorie. Janine lief ihren Lauf mit einer super Pace von 4:22 Minuten\/km, was nochmals eine Steigerung gegen\u00fcber dem Emmenlauf 2022 war.<\/p><p>Seraina Sch\u00fctz war daf\u00fcr besorgt, dass das Podest der Damen-12 klar in L\u00fctzelfl\u00fcher Hand war. Seraina lief ihre 5 km mit der super Zeit von 23:15 min und einer Pace von 4:38 Minuten\/km. Somit best\u00e4tigte sie ihre gute Form und erreichte souver\u00e4n den 2. Platz.<\/p><p>Auch bei den Girls ist zu erw\u00e4hnen, dass total 122 Frauen (incl. Erwachsene) ins Ziel gekommen sind und unsere beiden L\u00e4uferinnen overall die Pl\u00e4tze 12 und 18 erreichten.<\/p><p>Die Siegerehrung musste lange abgewartet werden, aber bei den Damen-12 war es das Warten definitiv Wert. Janine und Seraina konnten ihre &#8222;Sieger-Bsetzisteine&#8220; stolz in Empfang nehmen.<\/p><p>Herzliche Gratulation an alle drei Athleten, f\u00fcr diese tolle Leistung heute! Bravo!<\/p>\t\t\t\t\t\t\t\t<\/div>\n\t\t\t\t<\/div>\n\t\t\t\t<div class=\"elementor-element elementor-element-cb8e64b elementor-widget elementor-widget-image\" data-id=\"cb8e64b\" data-element_type=\"widget\" data-e-type=\"widget\" data-widget_type=\"image.default\">\n\t\t\t\t<div class=\"elementor-widget-container\">\n\t\t\t\t\t\t\t\t\t\t\t\t\t\t\t<img fetchpriority=\"high\" decoding=\"async\" width=\"1024\" height=\"124\" src=\"https:\/\/www.tvluetzelflueh.ch\/wp_2019_PSC\/wp-content\/uploads\/2022\/10\/2022_10_15_Rangliste-HP-1024x124.png\" class=\"attachment-large size-large wp-image-3887\" alt=\"\" srcset=\"https:\/\/www.tvluetzelflueh.ch\/wp_2019_PSC\/wp-content\/uploads\/2022\/10\/2022_10_15_Rangliste-HP-1024x124.png 1024w, https:\/\/www.tvluetzelflueh.ch\/wp_2019_PSC\/wp-content\/uploads\/2022\/10\/2022_10_15_Rangliste-HP-300x36.png 300w, https:\/\/www.tvluetzelflueh.ch\/wp_2019_PSC\/wp-content\/uploads\/2022\/10\/2022_10_15_Rangliste-HP-768x93.png 768w, https:\/\/www.tvluetzelflueh.ch\/wp_2019_PSC\/wp-content\/uploads\/2022\/10\/2022_10_15_Rangliste-HP.png 1087w\" sizes=\"(max-width: 1024px) 100vw, 1024px\" \/>\t\t\t\t\t\t\t\t\t\t\t\t\t\t\t<\/div>\n\t\t\t\t<\/div>\n\t\t\t\t<div class=\"elementor-element elementor-element-23a7114 elementor-widget elementor-widget-image\" data-id=\"23a7114\" data-element_type=\"widget\" data-e-type=\"widget\" data-widget_type=\"image.default\">\n\t\t\t\t<div class=\"elementor-widget-container\">\n\t\t\t\t\t\t\t\t\t\t\t\t\t\t\t<img decoding=\"async\" width=\"1024\" height=\"668\" src=\"https:\/\/www.tvluetzelflueh.ch\/wp_2019_PSC\/wp-content\/uploads\/2022\/10\/IMG_20221015_1633372-1024x668.jpg\" class=\"attachment-large size-large wp-image-3892\" alt=\"\" srcset=\"https:\/\/www.tvluetzelflueh.ch\/wp_2019_PSC\/wp-content\/uploads\/2022\/10\/IMG_20221015_1633372-1024x668.jpg 1024w, https:\/\/www.tvluetzelflueh.ch\/wp_2019_PSC\/wp-content\/uploads\/2022\/10\/IMG_20221015_1633372-300x196.jpg 300w, https:\/\/www.tvluetzelflueh.ch\/wp_2019_PSC\/wp-content\/uploads\/2022\/10\/IMG_20221015_1633372-768x501.jpg 768w, https:\/\/www.tvluetzelflueh.ch\/wp_2019_PSC\/wp-content\/uploads\/2022\/10\/IMG_20221015_1633372-1536x1002.jpg 1536w, https:\/\/www.tvluetzelflueh.ch\/wp_2019_PSC\/wp-content\/uploads\/2022\/10\/IMG_20221015_1633372-2048x1336.jpg 2048w\" sizes=\"(max-width: 1024px) 100vw, 1024px\" \/>\t\t\t\t\t\t\t\t\t\t\t\t\t\t\t<\/div>\n\t\t\t\t<\/div>\n\t\t\t\t<div class=\"elementor-element elementor-element-c282e5e elementor-widget elementor-widget-button\" data-id=\"c282e5e\" data-element_type=\"widget\" data-e-type=\"widget\" data-widget_type=\"button.default\">\n\t\t\t\t<div class=\"elementor-widget-container\">\n\t\t\t\t\t\t\t\t\t<div class=\"elementor-button-wrapper\">\n\t\t\t\t\t<a class=\"elementor-button elementor-button-link elementor-size-sm\" href=\"https:\/\/flic.kr\/s\/aHBqjAbjYH\" target=\"_blank\">\n\t\t\t\t\t\t<span class=\"elementor-button-content-wrapper\">\n\t\t\t\t\t\t\t\t\t<span class=\"elementor-button-text\">Fotos auf Flickr<\/span>\n\t\t\t\t\t<\/span>\n\t\t\t\t\t<\/a>\n\t\t\t\t<\/div>\n\t\t\t\t\t\t\t\t<\/div>\n\t\t\t\t<\/div>\n\t\t\t\t\t<\/div>\n\t\t<\/div>\n\t\t\t\t\t<\/div>\n\t\t<\/section>\n\t\t\t\t<section class=\"elementor-section elementor-top-section elementor-element elementor-element-ee0d816 elementor-section-boxed elementor-section-height-default elementor-section-height-default\" data-id=\"ee0d816\" data-element_type=\"section\" data-e-type=\"section\">\n\t\t\t\t\t\t<div class=\"elementor-container elementor-column-gap-default\">\n\t\t\t\t\t<div class=\"elementor-column elementor-col-100 elementor-top-column elementor-element elementor-element-93cfd4f\" data-id=\"93cfd4f\" data-element_type=\"column\" data-e-type=\"column\">\n\t\t\t<div class=\"elementor-widget-wrap\">\n\t\t\t\t\t\t\t<\/div>\n\t\t<\/div>\n\t\t\t\t\t<\/div>\n\t\t<\/section>\n\t\t\t\t<\/div>\n\t\t","protected":false},"excerpt":{"rendered":"<p>Bericht vom 36. B\u00fcrenlauf 2022 in B\u00fcren an der Aare Heute Samstag, 15. Oktober 2022 fand der traditionelle B\u00fcrenlauf in B\u00fcren an der Aare statt. Der TV L\u00fctzelfl\u00fch Athletics konnte mit drei Nachwuchs-Topl\u00e4ufer\/-innen an den Start gehen. Alle drei Athleten liefen den B\u00fcrenlauf light \u00fcber 5 km. F\u00fcr Silvan Gerber (Jg. 2007) war dies der [&hellip;]<\/p>\n","protected":false},"author":1,"featured_media":3885,"comment_status":"open","ping_status":"open","sticky":false,"template":"","format":"standard","meta":{"ocean_post_layout":"","ocean_both_sidebars_style":"","ocean_both_sidebars_content_width":0,"ocean_both_sidebars_sidebars_width":0,"ocean_sidebar":"0","ocean_second_sidebar":"0","ocean_disable_margins":"enable","ocean_add_body_class":"","ocean_shortcode_before_top_bar":"","ocean_shortcode_after_top_bar":"","ocean_shortcode_before_header":"","ocean_shortcode_after_header":"","ocean_has_shortcode":"","ocean_shortcode_after_title":"","ocean_shortcode_before_footer_widgets":"","ocean_shortcode_after_footer_widgets":"","ocean_shortcode_before_footer_bottom":"","ocean_shortcode_after_footer_bottom":"","ocean_display_top_bar":"default","ocean_display_header":"default","ocean_header_style":"","ocean_center_header_left_menu":"0","ocean_custom_header_template":"0","ocean_custom_logo":0,"ocean_custom_retina_logo":0,"ocean_custom_logo_max_width":0,"ocean_custom_logo_tablet_max_width":0,"ocean_custom_logo_mobile_max_width":0,"ocean_custom_logo_max_height":0,"ocean_custom_logo_tablet_max_height":0,"ocean_custom_logo_mobile_max_height":0,"ocean_header_custom_menu":"0","ocean_menu_typo_font_family":"0","ocean_menu_typo_font_subset":"","ocean_menu_typo_font_size":0,"ocean_menu_typo_font_size_tablet":0,"ocean_menu_typo_font_size_mobile":0,"ocean_menu_typo_font_size_unit":"px","ocean_menu_typo_font_weight":"","ocean_menu_typo_font_weight_tablet":"","ocean_menu_typo_font_weight_mobile":"","ocean_menu_typo_transform":"","ocean_menu_typo_transform_tablet":"","ocean_menu_typo_transform_mobile":"","ocean_menu_typo_line_height":0,"ocean_menu_typo_line_height_tablet":0,"ocean_menu_typo_line_height_mobile":0,"ocean_menu_typo_line_height_unit":"","ocean_menu_typo_spacing":0,"ocean_menu_typo_spacing_tablet":0,"ocean_menu_typo_spacing_mobile":0,"ocean_menu_typo_spacing_unit":"","ocean_menu_link_color":"","ocean_menu_link_color_hover":"","ocean_menu_link_color_active":"","ocean_menu_link_background":"","ocean_menu_link_hover_background":"","ocean_menu_link_active_background":"","ocean_menu_social_links_bg":"","ocean_menu_social_hover_links_bg":"","ocean_menu_social_links_color":"","ocean_menu_social_hover_links_color":"","ocean_disable_title":"default","ocean_disable_heading":"default","ocean_post_title":"","ocean_post_subheading":"","ocean_post_title_style":"","ocean_post_title_background_color":"","ocean_post_title_background":0,"ocean_post_title_bg_image_position":"","ocean_post_title_bg_image_attachment":"","ocean_post_title_bg_image_repeat":"","ocean_post_title_bg_image_size":"","ocean_post_title_height":0,"ocean_post_title_bg_overlay":0.5,"ocean_post_title_bg_overlay_color":"","ocean_disable_breadcrumbs":"default","ocean_breadcrumbs_color":"","ocean_breadcrumbs_separator_color":"","ocean_breadcrumbs_links_color":"","ocean_breadcrumbs_links_hover_color":"","ocean_display_footer_widgets":"default","ocean_display_footer_bottom":"default","ocean_custom_footer_template":"0","ocean_post_oembed":"","ocean_post_self_hosted_media":"","ocean_post_video_embed":"","ocean_link_format":"","ocean_link_format_target":"self","ocean_quote_format":"","ocean_quote_format_link":"post","ocean_gallery_link_images":"off","ocean_gallery_id":[],"footnotes":""},"categories":[1],"tags":[],"class_list":["post-3884","post","type-post","status-publish","format-standard","has-post-thumbnail","hentry","category-allgemein","entry","has-media"],"_links":{"self":[{"href":"https:\/\/www.tvluetzelflueh.ch\/wp_2019_PSC\/wp-json\/wp\/v2\/posts\/3884","targetHints":{"allow":["GET"]}}],"collection":[{"href":"https:\/\/www.tvluetzelflueh.ch\/wp_2019_PSC\/wp-json\/wp\/v2\/posts"}],"about":[{"href":"https:\/\/www.tvluetzelflueh.ch\/wp_2019_PSC\/wp-json\/wp\/v2\/types\/post"}],"author":[{"embeddable":true,"href":"https:\/\/www.tvluetzelflueh.ch\/wp_2019_PSC\/wp-json\/wp\/v2\/users\/1"}],"replies":[{"embeddable":true,"href":"https:\/\/www.tvluetzelflueh.ch\/wp_2019_PSC\/wp-json\/wp\/v2\/comments?post=3884"}],"version-history":[{"count":9,"href":"https:\/\/www.tvluetzelflueh.ch\/wp_2019_PSC\/wp-json\/wp\/v2\/posts\/3884\/revisions"}],"predecessor-version":[{"id":3896,"href":"https:\/\/www.tvluetzelflueh.ch\/wp_2019_PSC\/wp-json\/wp\/v2\/posts\/3884\/revisions\/3896"}],"wp:featuredmedia":[{"embeddable":true,"href":"https:\/\/www.tvluetzelflueh.ch\/wp_2019_PSC\/wp-json\/wp\/v2\/media\/3885"}],"wp:attachment":[{"href":"https:\/\/www.tvluetzelflueh.ch\/wp_2019_PSC\/wp-json\/wp\/v2\/media?parent=3884"}],"wp:term":[{"taxonomy":"category","embeddable":true,"href":"https:\/\/www.tvluetzelflueh.ch\/wp_2019_PSC\/wp-json\/wp\/v2\/categories?post=3884"},{"taxonomy":"post_tag","embeddable":true,"href":"https:\/\/www.tvluetzelflueh.ch\/wp_2019_PSC\/wp-json\/wp\/v2\/tags?post=3884"}],"curies":[{"name":"wp","href":"https:\/\/api.w.org\/{rel}","templated":true}]}}