{"id":3924,"date":"2022-10-31T17:41:27","date_gmt":"2022-10-31T16:41:27","guid":{"rendered":"https:\/\/www.tvluetzelflueh.ch\/wp_2019_PSC\/?p=3924"},"modified":"2022-10-31T17:43:28","modified_gmt":"2022-10-31T16:43:28","slug":"tvl-abschlussabend-nachwuchs-2022","status":"publish","type":"post","link":"https:\/\/www.tvluetzelflueh.ch\/wp_2019_PSC\/tvl-abschlussabend-nachwuchs-2022\/","title":{"rendered":"TVL Abschlussabend Nachwuchs 2022"},"content":{"rendered":"\t\t<div data-elementor-type=\"wp-post\" data-elementor-id=\"3924\" class=\"elementor elementor-3924\">\n\t\t\t\t\t\t<section class=\"elementor-section elementor-top-section elementor-element elementor-element-10f89eb elementor-section-boxed elementor-section-height-default elementor-section-height-default\" data-id=\"10f89eb\" data-element_type=\"section\" data-e-type=\"section\">\n\t\t\t\t\t\t<div class=\"elementor-container elementor-column-gap-default\">\n\t\t\t\t\t<div class=\"elementor-column elementor-col-100 elementor-top-column elementor-element elementor-element-dea00c0\" data-id=\"dea00c0\" data-element_type=\"column\" data-e-type=\"column\">\n\t\t\t<div class=\"elementor-widget-wrap elementor-element-populated\">\n\t\t\t\t\t\t<div class=\"elementor-element elementor-element-2f951aa elementor-widget elementor-widget-text-editor\" data-id=\"2f951aa\" data-element_type=\"widget\" data-e-type=\"widget\" data-widget_type=\"text-editor.default\">\n\t\t\t\t<div class=\"elementor-widget-container\">\n\t\t\t\t\t\t\t\t\t<p><strong>Bericht Saisonabschlussabend TV L\u00fctzelfl\u00fch Athletics<\/strong><\/p><p>Am fr\u00fchen Abend des 29. Oktobers 2022 trafen sich zahlreiche Athlet:innen des TV L\u00fctzelfl\u00fch Athletics mit ihren Eltern und Geschwister auf der B\u00fchne der Mehrzweckanlage Emmenschachen. Der Vorstand hatte \u00a0zum traditionellen Saisonabschlussabend eingeladen. Dieser konnte nach zwei Jahren Zwangspause endlich wieder einmal durchgef\u00fchrt werden. Fast 100 Teilnehmende waren vor Ort und freuten sich auf einen gem\u00fctlichen Abend. <\/p><p>Los ging es gleich musikalisch und t\u00e4nzerisch, das Tanzvideo zum 50-j\u00e4hrigen J+S Jubil\u00e4um, welches im Trainingslager im April 2022 einstudiert und aufgenommen wurde, er\u00f6ffnete den offiziellen Teil des Abends. Darauf folgten diverse organisatorische und administrative Informationen, welche f\u00fcr die zahlreichen Neuzug\u00e4nge wichtig und hilfreich waren. Unser Pr\u00e4sident, Pascal Sch\u00e4kel, f\u00fchrte gekonnt und souver\u00e4n durch das Programm. <\/p><p>Als n\u00e4chstes gab es in Form von mehreren Filmbeitr\u00e4gen \u2013 zum Trainingslager, der Bahnsaison und den vergangenen Volksl\u00e4ufen \u2013 einen R\u00fcckblick auf die Saison 2022. Die Bilder sprachen f\u00fcr sich, zeigten sie doch die Vielf\u00e4ltigkeit der besuchten Wettk\u00e4mpfe, starke Leistungen und auch einiges zum Schmunzeln. Beendet wurde der formelle Teil durch die Ehrung von besonders guten Leistungen. Neben guten Resultaten auf der Bahn wurden heuer zum ersten Mal auch schnelle Zeiten und gute R\u00e4nge an Volksl\u00e4ufen ber\u00fccksichtigt. Nicht weniger als 13 Athlet:innen konnten in der vergangenen Saison mindestens eines der definierten Kriterien erf\u00fcllen und wurden mit einem Gutschein \u00fcber Fr.\u00a030.00 f\u00fcr den Dress-Shop des TV L\u00fctzelfl\u00fch und Schoggi beschenkt.<\/p><p>Geehrt wurden:<\/p><ul><li>Ziva Lehmann, 2014<\/li><li>Valentina Mosimann, 2014<\/li><li>Sophie Hug, 2014<\/li><li>Ayleen Burkhalter, 2013<\/li><li>Mira Bernhard, 2012<\/li><li>Colin Eggimann, 2011<\/li><li>Lenny Hug, 2011<\/li><li>Livio Hauzenberger, 2010 (abwesend)<\/li><li>Seraina Sch\u00fctz, 2010<\/li><li>Janine Schifferli, 2010<\/li><li>Julia Gygax, 2009<\/li><li>Janik Eggimann, 2008<\/li><li>Silvan Gerber, 2007<\/li><\/ul><p>Nach dem formellen Teil waren alle Anwesenden zum Spaghetti-Plausch eingeladen. Das anschliessende Dessertbuffet bot aufgrund der vielen fleissigen B\u00e4cker:innen eine grosse, leckere Auswahl. Die Kids waren mit dem Essen schnell fertig und tobten sich anschliessend in der Turnhalle aus, w\u00e4hrend die Eltern bei einem Glas Wein den Abend gem\u00fctlich ausklingen liessen.<\/p><p>Der Vorstand bedankt sich herzlich bei allen Anwesenden \u2013 speziell bei allen, die ein Dessert beigesteuert haben \u2013 und gratuliert nochmals allen Geehrten. Wir freuen uns auf weitere tolle Trainings und Wettk\u00e4mpfe mit motivierten Athlet:innen.<\/p><p>31.10.2022 \/ Celina<\/p>\t\t\t\t\t\t\t\t<\/div>\n\t\t\t\t<\/div>\n\t\t\t\t\t<\/div>\n\t\t<\/div>\n\t\t\t\t\t<\/div>\n\t\t<\/section>\n\t\t\t\t<\/div>\n\t\t","protected":false},"excerpt":{"rendered":"<p>Bericht Saisonabschlussabend TV L\u00fctzelfl\u00fch Athletics Am fr\u00fchen Abend des 29. Oktobers 2022 trafen sich zahlreiche Athlet:innen des TV L\u00fctzelfl\u00fch Athletics mit ihren Eltern und Geschwister auf der B\u00fchne der Mehrzweckanlage Emmenschachen. Der Vorstand hatte &nbsp;zum traditionellen Saisonabschlussabend eingeladen. Dieser konnte nach zwei Jahren Zwangspause endlich wieder einmal durchgef\u00fchrt werden. Fast 100 Teilnehmende waren vor Ort [&hellip;]<\/p>\n","protected":false},"author":1,"featured_media":3926,"comment_status":"open","ping_status":"open","sticky":false,"template":"","format":"standard","meta":{"ocean_post_layout":"","ocean_both_sidebars_style":"","ocean_both_sidebars_content_width":0,"ocean_both_sidebars_sidebars_width":0,"ocean_sidebar":"0","ocean_second_sidebar":"0","ocean_disable_margins":"enable","ocean_add_body_class":"","ocean_shortcode_before_top_bar":"","ocean_shortcode_after_top_bar":"","ocean_shortcode_before_header":"","ocean_shortcode_after_header":"","ocean_has_shortcode":"","ocean_shortcode_after_title":"","ocean_shortcode_before_footer_widgets":"","ocean_shortcode_after_footer_widgets":"","ocean_shortcode_before_footer_bottom":"","ocean_shortcode_after_footer_bottom":"","ocean_display_top_bar":"default","ocean_display_header":"default","ocean_header_style":"","ocean_center_header_left_menu":"0","ocean_custom_header_template":"0","ocean_custom_logo":0,"ocean_custom_retina_logo":0,"ocean_custom_logo_max_width":0,"ocean_custom_logo_tablet_max_width":0,"ocean_custom_logo_mobile_max_width":0,"ocean_custom_logo_max_height":0,"ocean_custom_logo_tablet_max_height":0,"ocean_custom_logo_mobile_max_height":0,"ocean_header_custom_menu":"0","ocean_menu_typo_font_family":"0","ocean_menu_typo_font_subset":"","ocean_menu_typo_font_size":0,"ocean_menu_typo_font_size_tablet":0,"ocean_menu_typo_font_size_mobile":0,"ocean_menu_typo_font_size_unit":"px","ocean_menu_typo_font_weight":"","ocean_menu_typo_font_weight_tablet":"","ocean_menu_typo_font_weight_mobile":"","ocean_menu_typo_transform":"","ocean_menu_typo_transform_tablet":"","ocean_menu_typo_transform_mobile":"","ocean_menu_typo_line_height":0,"ocean_menu_typo_line_height_tablet":0,"ocean_menu_typo_line_height_mobile":0,"ocean_menu_typo_line_height_unit":"","ocean_menu_typo_spacing":0,"ocean_menu_typo_spacing_tablet":0,"ocean_menu_typo_spacing_mobile":0,"ocean_menu_typo_spacing_unit":"","ocean_menu_link_color":"","ocean_menu_link_color_hover":"","ocean_menu_link_color_active":"","ocean_menu_link_background":"","ocean_menu_link_hover_background":"","ocean_menu_link_active_background":"","ocean_menu_social_links_bg":"","ocean_menu_social_hover_links_bg":"","ocean_menu_social_links_color":"","ocean_menu_social_hover_links_color":"","ocean_disable_title":"default","ocean_disable_heading":"default","ocean_post_title":"","ocean_post_subheading":"","ocean_post_title_style":"","ocean_post_title_background_color":"","ocean_post_title_background":0,"ocean_post_title_bg_image_position":"","ocean_post_title_bg_image_attachment":"","ocean_post_title_bg_image_repeat":"","ocean_post_title_bg_image_size":"","ocean_post_title_height":0,"ocean_post_title_bg_overlay":0.5,"ocean_post_title_bg_overlay_color":"","ocean_disable_breadcrumbs":"default","ocean_breadcrumbs_color":"","ocean_breadcrumbs_separator_color":"","ocean_breadcrumbs_links_color":"","ocean_breadcrumbs_links_hover_color":"","ocean_display_footer_widgets":"default","ocean_display_footer_bottom":"default","ocean_custom_footer_template":"0","ocean_post_oembed":"","ocean_post_self_hosted_media":"","ocean_post_video_embed":"","ocean_link_format":"","ocean_link_format_target":"self","ocean_quote_format":"","ocean_quote_format_link":"post","ocean_gallery_link_images":"off","ocean_gallery_id":[],"footnotes":""},"categories":[1],"tags":[],"class_list":["post-3924","post","type-post","status-publish","format-standard","has-post-thumbnail","hentry","category-allgemein","entry","has-media"],"_links":{"self":[{"href":"https:\/\/www.tvluetzelflueh.ch\/wp_2019_PSC\/wp-json\/wp\/v2\/posts\/3924","targetHints":{"allow":["GET"]}}],"collection":[{"href":"https:\/\/www.tvluetzelflueh.ch\/wp_2019_PSC\/wp-json\/wp\/v2\/posts"}],"about":[{"href":"https:\/\/www.tvluetzelflueh.ch\/wp_2019_PSC\/wp-json\/wp\/v2\/types\/post"}],"author":[{"embeddable":true,"href":"https:\/\/www.tvluetzelflueh.ch\/wp_2019_PSC\/wp-json\/wp\/v2\/users\/1"}],"replies":[{"embeddable":true,"href":"https:\/\/www.tvluetzelflueh.ch\/wp_2019_PSC\/wp-json\/wp\/v2\/comments?post=3924"}],"version-history":[{"count":8,"href":"https:\/\/www.tvluetzelflueh.ch\/wp_2019_PSC\/wp-json\/wp\/v2\/posts\/3924\/revisions"}],"predecessor-version":[{"id":3934,"href":"https:\/\/www.tvluetzelflueh.ch\/wp_2019_PSC\/wp-json\/wp\/v2\/posts\/3924\/revisions\/3934"}],"wp:featuredmedia":[{"embeddable":true,"href":"https:\/\/www.tvluetzelflueh.ch\/wp_2019_PSC\/wp-json\/wp\/v2\/media\/3926"}],"wp:attachment":[{"href":"https:\/\/www.tvluetzelflueh.ch\/wp_2019_PSC\/wp-json\/wp\/v2\/media?parent=3924"}],"wp:term":[{"taxonomy":"category","embeddable":true,"href":"https:\/\/www.tvluetzelflueh.ch\/wp_2019_PSC\/wp-json\/wp\/v2\/categories?post=3924"},{"taxonomy":"post_tag","embeddable":true,"href":"https:\/\/www.tvluetzelflueh.ch\/wp_2019_PSC\/wp-json\/wp\/v2\/tags?post=3924"}],"curies":[{"name":"wp","href":"https:\/\/api.w.org\/{rel}","templated":true}]}}