{"id":3955,"date":"2022-11-21T21:51:23","date_gmt":"2022-11-21T20:51:23","guid":{"rendered":"https:\/\/www.tvluetzelflueh.ch\/wp_2019_PSC\/?p=3955"},"modified":"2022-11-21T21:57:27","modified_gmt":"2022-11-21T20:57:27","slug":"ubs-kids-cup-teams-qualifikation-herzogenbuchsee-2022","status":"publish","type":"post","link":"https:\/\/www.tvluetzelflueh.ch\/wp_2019_PSC\/ubs-kids-cup-teams-qualifikation-herzogenbuchsee-2022\/","title":{"rendered":"UBS Kids Cup Teams &#8211; Qualifikation Herzogenbuchsee 2022"},"content":{"rendered":"\t\t<div data-elementor-type=\"wp-post\" data-elementor-id=\"3955\" class=\"elementor elementor-3955\">\n\t\t\t\t\t\t<section class=\"elementor-section elementor-top-section elementor-element elementor-element-10f89eb elementor-section-boxed elementor-section-height-default elementor-section-height-default\" data-id=\"10f89eb\" data-element_type=\"section\" data-e-type=\"section\">\n\t\t\t\t\t\t<div class=\"elementor-container elementor-column-gap-default\">\n\t\t\t\t\t<div class=\"elementor-column elementor-col-100 elementor-top-column elementor-element elementor-element-dea00c0\" data-id=\"dea00c0\" data-element_type=\"column\" data-e-type=\"column\">\n\t\t\t<div class=\"elementor-widget-wrap elementor-element-populated\">\n\t\t\t\t\t\t<div class=\"elementor-element elementor-element-2f951aa elementor-widget elementor-widget-text-editor\" data-id=\"2f951aa\" data-element_type=\"widget\" data-e-type=\"widget\" data-widget_type=\"text-editor.default\">\n\t\t\t\t<div class=\"elementor-widget-container\">\n\t\t\t\t\t\t\t\t\t<p><strong>Bericht Qualifikation UBS Kids Cup Teams Herzogenbuchsee 2022<br \/><\/strong><\/p><p>Bereits um 06.20 Uhr machten sich ein U16- sowie zwei U14-Mixed-Teams, betreut von Celina Gugger, Pascal Sch\u00e4kel und Remo Liechti auf den Weg nach Herzogenbuchsee.<\/p><p>Das U16 Team, bestehend aus Janik Eggimann, Nils Sch\u00e4kel, Jael Eggimann, Jasmin Hulliger und Jonas B\u00e4rtschi absolvierten einen bemerkenswerten Wettkampf. Mit durchwegs guten Leistungen in allen Disziplinen konnte in der Endabrechnung schlussendlich ein 4. Rang erreicht werden. Die Differenz zum finalberechtigten 3. Rang betrug nur 2 Rangpunkte.<\/p><p>Mit einer sensationellen Leistung im H\u00fcrdensprint (75.3 s) sowie mit sehr guten Resultaten in der Sprung-Challenge war das Team U14 mit Lenny Hug, Elia Nyffenegger, Seraina Sch\u00fctz, Leonie Bernhard und Janine Schifferli lange auf Medaillen-Kurs. Pech in der Biathlon-Stafette liess das Team ein wenig zur\u00fcckfallen und eine sehr gute Leistung im Team-Cross mit einer sehenswerten Aufholjagd, reichte leider nicht mehr f\u00fcr einen Podestplatz. Mit einem 5. Schlussrang fehlten lediglich 3 Rangpunkte um auf das Treppchen auf dem Podest steigen zu k\u00f6nnen.<\/p><p>Das 2. U14 Team mit No\u00ebmie Z\u00fcrcher, Amelie Suter, Livio Hauzenberger, Colin Eggimann und Adrian Fl\u00fckiger erreichte mit sehr guten und ausgeglichenen Leistungen den 9. Rang von insgesamt 16 Teams.<\/p><p>Am Nachmittag waren die J\u00fcngeren an der Reihe. Betreut von Nicole und Leonie Bernhard, Eva Senn sowie Lino Stalder, waren insgesamt 4 Teams (je 2 U10 und U12) voller Eifer am Werk. F\u00fcr viele war es die erste Wettkampfteilnahme und eine gewisse Nervosit\u00e4t konnten die Kids nicht ganz verbergen.<\/p><p>Bei den U12\u00a0 bestand das eine Team aus Mira Bernhard, Lindsey Sch\u00fctz, Ayleen Burkhalter, Crispin Krause, Giuliano Mosimann und Matjas Heiniger. Mit einem 7. Rang im Ringli-Sprint gelang der Wetkampfauftakt nicht ganz nach Wunsch.<\/p><p>In den n\u00e4chsten Disziplinen konnten ausgezeichnete Resultate erzielt werden und vor dem finalen Team-Cross lag unser Team auf dem 3. Rang. Unter der Anfeuerung von allen anwesenden Team-Mitgliedern wuchsen s\u00e4mtliche L\u00e4uferinnen und L\u00e4ufer \u00fcber sich hinaus und mit einem Herzschlagfinale holte Mira Bernhard sogar noch den Diszipinensieg f\u00fcr den TV L\u00fctzelfl\u00fch Athletics.<\/p><p>Auch das zweite Team U12, bestehend aus Eliane Suter, Jenish Uthayakumar, Elina Seevaratnam, Henri Bichsel, G\u00fclciya Atli und Jaelle Zimmermann machte seine Sache sehr gut. Mit verschiedenen pers\u00f6nlichen Bestleistungen d\u00fcrfen die Wettk\u00e4mpferinnen und Wettk\u00e4mpfer zufrieden sein und werden sicher topmotiviert am n\u00e4chsten Wettkampf teilnehmen. Mit ausgeglichenen Leistungen konnte der 15. Platz von total 20 teilnehmenden Teams erreicht werden.<\/p><p>Bei den U10, bestehend aus Andrin Bernhard, Valentina Mosimann, Ziva Lehmann, Sophie Hug, Lina R\u00fcfenacht und Emil Bichsel, konnte mit 9 Rangpunkten ein souver\u00e4n erk\u00e4mpfter 2. Platz erreicht werden. Der 2. Rang im Team-Cross wurde durch die Team-Mitglieder frenetisch bejubelt. Die Marge auf den 3. Platz betrug 5 Rangpunkte.<\/p><p>Ob der ausgezeichneten Leistungen des ersten Teams, darf man die Resultate des zweiten Teams, bestehend aus Kaja Peter, Rebekah Uthayakumar, Janne Thye, Cristina Morgenthaler, L\u00e9onie Hug und Mehmet Atli keineswegs ausser Acht lassen. Von insgesamt 16 teilnehmenden Teams konnte schlussendlich der 8. Rang erzielt werden. Falls der Weltklasse-Sprung ein wenig besser gelungen w\u00e4re, h\u00e4tte sogar ein nie erwarteter Rang 6 herausschauen k\u00f6nnen.<\/p><p>Allen Wettk\u00e4mpferinnen und Wettk\u00e4mpfer herzliche Gratulation f\u00fcr die vielen tollen Leistungen.<\/p><p>20.11.2022 \/ Hanspeter<\/p>\t\t\t\t\t\t\t\t<\/div>\n\t\t\t\t<\/div>\n\t\t\t\t<div class=\"elementor-element elementor-element-c282e5e elementor-widget elementor-widget-button\" data-id=\"c282e5e\" data-element_type=\"widget\" data-e-type=\"widget\" data-widget_type=\"button.default\">\n\t\t\t\t<div class=\"elementor-widget-container\">\n\t\t\t\t\t\t\t\t\t<div class=\"elementor-button-wrapper\">\n\t\t\t\t\t<a class=\"elementor-button elementor-button-link elementor-size-sm\" href=\"https:\/\/flic.kr\/s\/aHBqjAgiM9\" target=\"_blank\">\n\t\t\t\t\t\t<span class=\"elementor-button-content-wrapper\">\n\t\t\t\t\t\t\t\t\t<span class=\"elementor-button-text\">Fotos auf Flickr<\/span>\n\t\t\t\t\t<\/span>\n\t\t\t\t\t<\/a>\n\t\t\t\t<\/div>\n\t\t\t\t\t\t\t\t<\/div>\n\t\t\t\t<\/div>\n\t\t\t\t<div class=\"elementor-element elementor-element-9a6951a elementor-widget elementor-widget-button\" data-id=\"9a6951a\" data-element_type=\"widget\" data-e-type=\"widget\" data-widget_type=\"button.default\">\n\t\t\t\t<div class=\"elementor-widget-container\">\n\t\t\t\t\t\t\t\t\t<div class=\"elementor-button-wrapper\">\n\t\t\t\t\t<a class=\"elementor-button elementor-button-link elementor-size-sm\" href=\"https:\/\/www.tvluetzelflueh.ch\/wp_2019_PSC\/wp-content\/uploads\/2022\/11\/2022_11_19_Rangliste-UBSKC-Herzogenbuchsee.pdf\" target=\"_blank\">\n\t\t\t\t\t\t<span class=\"elementor-button-content-wrapper\">\n\t\t\t\t\t\t\t\t\t<span class=\"elementor-button-text\">Schlussrangliste<\/span>\n\t\t\t\t\t<\/span>\n\t\t\t\t\t<\/a>\n\t\t\t\t<\/div>\n\t\t\t\t\t\t\t\t<\/div>\n\t\t\t\t<\/div>\n\t\t\t\t\t<\/div>\n\t\t<\/div>\n\t\t\t\t\t<\/div>\n\t\t<\/section>\n\t\t\t\t<\/div>\n\t\t","protected":false},"excerpt":{"rendered":"<p>Bericht Qualifikation UBS Kids Cup Teams Herzogenbuchsee 2022 Bereits um 06.20 Uhr machten sich ein U16- sowie zwei U14-Mixed-Teams, betreut von Celina Gugger, Pascal Sch\u00e4kel und Remo Liechti auf den Weg nach Herzogenbuchsee. Das U16 Team, bestehend aus Janik Eggimann, Nils Sch\u00e4kel, Jael Eggimann, Jasmin Hulliger und Jonas B\u00e4rtschi absolvierten einen bemerkenswerten Wettkampf. Mit durchwegs [&hellip;]<\/p>\n","protected":false},"author":1,"featured_media":3956,"comment_status":"open","ping_status":"open","sticky":false,"template":"","format":"standard","meta":{"ocean_post_layout":"","ocean_both_sidebars_style":"","ocean_both_sidebars_content_width":0,"ocean_both_sidebars_sidebars_width":0,"ocean_sidebar":"0","ocean_second_sidebar":"0","ocean_disable_margins":"enable","ocean_add_body_class":"","ocean_shortcode_before_top_bar":"","ocean_shortcode_after_top_bar":"","ocean_shortcode_before_header":"","ocean_shortcode_after_header":"","ocean_has_shortcode":"","ocean_shortcode_after_title":"","ocean_shortcode_before_footer_widgets":"","ocean_shortcode_after_footer_widgets":"","ocean_shortcode_before_footer_bottom":"","ocean_shortcode_after_footer_bottom":"","ocean_display_top_bar":"default","ocean_display_header":"default","ocean_header_style":"","ocean_center_header_left_menu":"0","ocean_custom_header_template":"0","ocean_custom_logo":0,"ocean_custom_retina_logo":0,"ocean_custom_logo_max_width":0,"ocean_custom_logo_tablet_max_width":0,"ocean_custom_logo_mobile_max_width":0,"ocean_custom_logo_max_height":0,"ocean_custom_logo_tablet_max_height":0,"ocean_custom_logo_mobile_max_height":0,"ocean_header_custom_menu":"0","ocean_menu_typo_font_family":"0","ocean_menu_typo_font_subset":"","ocean_menu_typo_font_size":0,"ocean_menu_typo_font_size_tablet":0,"ocean_menu_typo_font_size_mobile":0,"ocean_menu_typo_font_size_unit":"px","ocean_menu_typo_font_weight":"","ocean_menu_typo_font_weight_tablet":"","ocean_menu_typo_font_weight_mobile":"","ocean_menu_typo_transform":"","ocean_menu_typo_transform_tablet":"","ocean_menu_typo_transform_mobile":"","ocean_menu_typo_line_height":0,"ocean_menu_typo_line_height_tablet":0,"ocean_menu_typo_line_height_mobile":0,"ocean_menu_typo_line_height_unit":"","ocean_menu_typo_spacing":0,"ocean_menu_typo_spacing_tablet":0,"ocean_menu_typo_spacing_mobile":0,"ocean_menu_typo_spacing_unit":"","ocean_menu_link_color":"","ocean_menu_link_color_hover":"","ocean_menu_link_color_active":"","ocean_menu_link_background":"","ocean_menu_link_hover_background":"","ocean_menu_link_active_background":"","ocean_menu_social_links_bg":"","ocean_menu_social_hover_links_bg":"","ocean_menu_social_links_color":"","ocean_menu_social_hover_links_color":"","ocean_disable_title":"default","ocean_disable_heading":"default","ocean_post_title":"","ocean_post_subheading":"","ocean_post_title_style":"","ocean_post_title_background_color":"","ocean_post_title_background":0,"ocean_post_title_bg_image_position":"","ocean_post_title_bg_image_attachment":"","ocean_post_title_bg_image_repeat":"","ocean_post_title_bg_image_size":"","ocean_post_title_height":0,"ocean_post_title_bg_overlay":0.5,"ocean_post_title_bg_overlay_color":"","ocean_disable_breadcrumbs":"default","ocean_breadcrumbs_color":"","ocean_breadcrumbs_separator_color":"","ocean_breadcrumbs_links_color":"","ocean_breadcrumbs_links_hover_color":"","ocean_display_footer_widgets":"default","ocean_display_footer_bottom":"default","ocean_custom_footer_template":"0","ocean_post_oembed":"","ocean_post_self_hosted_media":"","ocean_post_video_embed":"","ocean_link_format":"","ocean_link_format_target":"self","ocean_quote_format":"","ocean_quote_format_link":"post","ocean_gallery_link_images":"off","ocean_gallery_id":[],"footnotes":""},"categories":[1],"tags":[],"class_list":["post-3955","post","type-post","status-publish","format-standard","has-post-thumbnail","hentry","category-allgemein","entry","has-media"],"_links":{"self":[{"href":"https:\/\/www.tvluetzelflueh.ch\/wp_2019_PSC\/wp-json\/wp\/v2\/posts\/3955","targetHints":{"allow":["GET"]}}],"collection":[{"href":"https:\/\/www.tvluetzelflueh.ch\/wp_2019_PSC\/wp-json\/wp\/v2\/posts"}],"about":[{"href":"https:\/\/www.tvluetzelflueh.ch\/wp_2019_PSC\/wp-json\/wp\/v2\/types\/post"}],"author":[{"embeddable":true,"href":"https:\/\/www.tvluetzelflueh.ch\/wp_2019_PSC\/wp-json\/wp\/v2\/users\/1"}],"replies":[{"embeddable":true,"href":"https:\/\/www.tvluetzelflueh.ch\/wp_2019_PSC\/wp-json\/wp\/v2\/comments?post=3955"}],"version-history":[{"count":13,"href":"https:\/\/www.tvluetzelflueh.ch\/wp_2019_PSC\/wp-json\/wp\/v2\/posts\/3955\/revisions"}],"predecessor-version":[{"id":3970,"href":"https:\/\/www.tvluetzelflueh.ch\/wp_2019_PSC\/wp-json\/wp\/v2\/posts\/3955\/revisions\/3970"}],"wp:featuredmedia":[{"embeddable":true,"href":"https:\/\/www.tvluetzelflueh.ch\/wp_2019_PSC\/wp-json\/wp\/v2\/media\/3956"}],"wp:attachment":[{"href":"https:\/\/www.tvluetzelflueh.ch\/wp_2019_PSC\/wp-json\/wp\/v2\/media?parent=3955"}],"wp:term":[{"taxonomy":"category","embeddable":true,"href":"https:\/\/www.tvluetzelflueh.ch\/wp_2019_PSC\/wp-json\/wp\/v2\/categories?post=3955"},{"taxonomy":"post_tag","embeddable":true,"href":"https:\/\/www.tvluetzelflueh.ch\/wp_2019_PSC\/wp-json\/wp\/v2\/tags?post=3955"}],"curies":[{"name":"wp","href":"https:\/\/api.w.org\/{rel}","templated":true}]}}