{"id":3971,"date":"2022-11-27T19:29:32","date_gmt":"2022-11-27T18:29:32","guid":{"rendered":"https:\/\/www.tvluetzelflueh.ch\/wp_2019_PSC\/?p=3971"},"modified":"2022-11-27T19:39:42","modified_gmt":"2022-11-27T18:39:42","slug":"32-steinhoelzli-lauf-2022","status":"publish","type":"post","link":"https:\/\/www.tvluetzelflueh.ch\/wp_2019_PSC\/32-steinhoelzli-lauf-2022\/","title":{"rendered":"32. Steinh\u00f6lzli-Lauf 2022"},"content":{"rendered":"\t\t<div data-elementor-type=\"wp-post\" data-elementor-id=\"3971\" class=\"elementor elementor-3971\">\n\t\t\t\t\t\t<section class=\"elementor-section elementor-top-section elementor-element elementor-element-10f89eb elementor-section-boxed elementor-section-height-default elementor-section-height-default\" data-id=\"10f89eb\" data-element_type=\"section\" data-e-type=\"section\">\n\t\t\t\t\t\t<div class=\"elementor-container elementor-column-gap-default\">\n\t\t\t\t\t<div class=\"elementor-column elementor-col-100 elementor-top-column elementor-element elementor-element-dea00c0\" data-id=\"dea00c0\" data-element_type=\"column\" data-e-type=\"column\">\n\t\t\t<div class=\"elementor-widget-wrap elementor-element-populated\">\n\t\t\t\t\t\t<div class=\"elementor-element elementor-element-2f951aa elementor-widget elementor-widget-text-editor\" data-id=\"2f951aa\" data-element_type=\"widget\" data-e-type=\"widget\" data-widget_type=\"text-editor.default\">\n\t\t\t\t<div class=\"elementor-widget-container\">\n\t\t\t\t\t\t\t\t\t<p><strong>32. Steinh\u00f6lzli-Lauf 2022 &#8211; Zwei Podestpl\u00e4tze f\u00fcr den TV L\u00fctzelfl\u00fch Athletics<br \/><\/strong><\/p><p>Heute Sonntag, 27. November 2022 fand die bereits 32. Ausgabe des Steinh\u00f6lzlilaufs in K\u00f6niz statt. Der Steinh\u00f6lzlilauf ist der Saisonschluss unserer Laufsaison 2022, auf die wir heuer sehr gerne zur\u00fcckblicken. Schliesslich konnten wir super Resultate erzielen.<\/p><p>Mit dem Steinh\u00f6lzlilauf ist das immer so eine Sache. Er findet immer Ende November statt, wo Petrus meist seine ganz miese Laune zur Schau stellt. Nicht so in diesem Jahr. Die Verh\u00e4ltnisse waren super. Nicht mehr ganz sommerliche Temperaturen bei rund 5 Grad und teilweise Sonnenschein. Die L\u00e4uferinnen und L\u00e4ufer konnten also auf gute Laufwege im Wald z\u00e4hlen.<\/p><p>F\u00fcr den TV L\u00fctzelfl\u00fch Athletics standen drei Athletinnen und Athleten im Einsatz. Janine Schifferli und Nils Sch\u00e4kel, welche den 5,1km Kurzlauf absolvierten und Ziva Lehmann, die den 1,6km Sch\u00fclerlauf absolvierte. Die bereits angemeldete Seraina Sch\u00fctz konnte verletzungshalber leider nicht am Lauf teilnehmen.<\/p><p>Den ersten Einsatz hatte Ziva um 11 Uhr, mit ihrem 1,6km Lauf durch den Steinh\u00f6lzliwald. Sie durfte sich mit 23 anderen Kids auf dieser Distanz messen. Wie wir es bereits von Ziva kennen, war sie mal wieder sehr schnell unterwegs. Bereits nach 7:24 Minuten erreichte sie als dritte das Ziel. An der anschliessenden Rangverk\u00fcndigung durfte sie sich auf dem Treppchen geb\u00fchrend feiern lassen.<\/p><p>Wenn andere sich an den Mittagstisch setzen, hatten Janine und Nils ihren Einsatz. Mit unz\u00e4hligen L\u00e4uferinnen und L\u00e4ufern, von jung bis alt, reihten sie sich vorne in die Startformation ein. Die beiden konnten in der Kategorie Jugendliche, Jahrgang 2005 und j\u00fcnger starten. Dann der Start und die beiden machten sich auf, eine grosse und eine kleine Runde durch den Steinh\u00f6lzliwald zu drehen. Die grosse Runde f\u00fchrte durchs Quartier und beim Bahnhof Weissenb\u00fchl vorbei.<\/p><p>Bereits beim ersten Start\/Ziel-Durchlauf nach der kleinen Runde zeigte sich, dass die weibliche Konkurrenz unserer Janine wohl nicht das Wasser reichen konnte. Nils hingegen musste hart gegen die Konkurrenz ank\u00e4mpfen.<\/p><p>Dann der Zieleinlauf. Bereits nach 22:56 Minuten \u00fcberschritt Janine nach 5,1km die Ziellinie. Dies schaffte keine andere in ihrer Kategorie fr\u00fcher. Das hiess somit erster Platz in der Kategorie Jugendliche 5,1km. <span style=\"text-decoration: underline;\">Aber Achtung<\/span>: Janine erreichte von allen 57 L\u00e4uferinnen, die den 5,1km Lauf absolvierten, den hervorragenden 7. Platz! H\u00e4tte ich einen Hut gehabt, ich h\u00e4tte ihn vor ihr gezogen. Chapeau! Kurz danach lief auch schon Nils, mit einer Zeit von 25:34 min. \u00fcber die Ziellinie. Dies bedeutete den 8. Platz in seiner Kategorie und ein Platz im Mittelfeld von allen L\u00e4ufern.<\/p><p>Wie schon vorher Ziva, konnte sich auch Janine im Anschluss bei der Rangverk\u00fcndigung feiern lassen.<\/p><p>Diese Resultate machen Lust auf mehr. Wir freuen uns alle schon wieder auf den Saisonstart im M\u00e4rz in Kerzers. Der Auftrag an die Coaches ist klar \ud83d\ude42<\/p><p>Herzliche Gratulation an alle drei Athletinnen und Athleten, f\u00fcr diese tolle Leistung heute! Bravo!<\/p><p>27.11.2022 \/ P\u00e4scu<\/p>\t\t\t\t\t\t\t\t<\/div>\n\t\t\t\t<\/div>\n\t\t\t\t<div class=\"elementor-element elementor-element-cb8e64b elementor-widget elementor-widget-image\" data-id=\"cb8e64b\" data-element_type=\"widget\" data-e-type=\"widget\" data-widget_type=\"image.default\">\n\t\t\t\t<div class=\"elementor-widget-container\">\n\t\t\t\t\t\t\t\t\t\t\t\t\t\t\t<img fetchpriority=\"high\" decoding=\"async\" width=\"1024\" height=\"118\" src=\"https:\/\/www.tvluetzelflueh.ch\/wp_2019_PSC\/wp-content\/uploads\/2022\/11\/2022_11_27_Results-1024x118.png\" class=\"attachment-large size-large wp-image-3976\" alt=\"\" srcset=\"https:\/\/www.tvluetzelflueh.ch\/wp_2019_PSC\/wp-content\/uploads\/2022\/11\/2022_11_27_Results-1024x118.png 1024w, https:\/\/www.tvluetzelflueh.ch\/wp_2019_PSC\/wp-content\/uploads\/2022\/11\/2022_11_27_Results-300x35.png 300w, https:\/\/www.tvluetzelflueh.ch\/wp_2019_PSC\/wp-content\/uploads\/2022\/11\/2022_11_27_Results-768x89.png 768w, https:\/\/www.tvluetzelflueh.ch\/wp_2019_PSC\/wp-content\/uploads\/2022\/11\/2022_11_27_Results.png 1141w\" sizes=\"(max-width: 1024px) 100vw, 1024px\" \/>\t\t\t\t\t\t\t\t\t\t\t\t\t\t\t<\/div>\n\t\t\t\t<\/div>\n\t\t\t\t<div class=\"elementor-element elementor-element-23a7114 elementor-widget elementor-widget-image\" data-id=\"23a7114\" data-element_type=\"widget\" data-e-type=\"widget\" data-widget_type=\"image.default\">\n\t\t\t\t<div class=\"elementor-widget-container\">\n\t\t\t\t\t\t\t\t\t\t\t\t\t\t\t<img decoding=\"async\" width=\"1024\" height=\"768\" src=\"https:\/\/www.tvluetzelflueh.ch\/wp_2019_PSC\/wp-content\/uploads\/2022\/11\/IMG_20221127_142843_hdr2-1024x768.jpg\" class=\"attachment-large size-large wp-image-3974\" alt=\"\" srcset=\"https:\/\/www.tvluetzelflueh.ch\/wp_2019_PSC\/wp-content\/uploads\/2022\/11\/IMG_20221127_142843_hdr2-1024x768.jpg 1024w, https:\/\/www.tvluetzelflueh.ch\/wp_2019_PSC\/wp-content\/uploads\/2022\/11\/IMG_20221127_142843_hdr2-300x225.jpg 300w, https:\/\/www.tvluetzelflueh.ch\/wp_2019_PSC\/wp-content\/uploads\/2022\/11\/IMG_20221127_142843_hdr2-768x576.jpg 768w, https:\/\/www.tvluetzelflueh.ch\/wp_2019_PSC\/wp-content\/uploads\/2022\/11\/IMG_20221127_142843_hdr2-1536x1152.jpg 1536w, https:\/\/www.tvluetzelflueh.ch\/wp_2019_PSC\/wp-content\/uploads\/2022\/11\/IMG_20221127_142843_hdr2-2048x1536.jpg 2048w\" sizes=\"(max-width: 1024px) 100vw, 1024px\" \/>\t\t\t\t\t\t\t\t\t\t\t\t\t\t\t<\/div>\n\t\t\t\t<\/div>\n\t\t\t\t<div class=\"elementor-element elementor-element-6777482 elementor-widget elementor-widget-image\" data-id=\"6777482\" data-element_type=\"widget\" data-e-type=\"widget\" data-widget_type=\"image.default\">\n\t\t\t\t<div class=\"elementor-widget-container\">\n\t\t\t\t\t\t\t\t\t\t\t\t\t\t\t<img decoding=\"async\" width=\"768\" height=\"1024\" src=\"https:\/\/www.tvluetzelflueh.ch\/wp_2019_PSC\/wp-content\/uploads\/2022\/11\/IMG-20221127-WA0016-768x1024.jpg\" class=\"attachment-large size-large wp-image-3975\" alt=\"\" srcset=\"https:\/\/www.tvluetzelflueh.ch\/wp_2019_PSC\/wp-content\/uploads\/2022\/11\/IMG-20221127-WA0016-768x1024.jpg 768w, https:\/\/www.tvluetzelflueh.ch\/wp_2019_PSC\/wp-content\/uploads\/2022\/11\/IMG-20221127-WA0016-225x300.jpg 225w, https:\/\/www.tvluetzelflueh.ch\/wp_2019_PSC\/wp-content\/uploads\/2022\/11\/IMG-20221127-WA0016-1152x1536.jpg 1152w, https:\/\/www.tvluetzelflueh.ch\/wp_2019_PSC\/wp-content\/uploads\/2022\/11\/IMG-20221127-WA0016.jpg 1512w\" sizes=\"(max-width: 768px) 100vw, 768px\" \/>\t\t\t\t\t\t\t\t\t\t\t\t\t\t\t<\/div>\n\t\t\t\t<\/div>\n\t\t\t\t<div class=\"elementor-element elementor-element-c282e5e elementor-widget elementor-widget-button\" data-id=\"c282e5e\" data-element_type=\"widget\" data-e-type=\"widget\" data-widget_type=\"button.default\">\n\t\t\t\t<div class=\"elementor-widget-container\">\n\t\t\t\t\t\t\t\t\t<div class=\"elementor-button-wrapper\">\n\t\t\t\t\t<a class=\"elementor-button elementor-button-link elementor-size-sm\" href=\"https:\/\/flic.kr\/s\/aHBqjAgV4u\" target=\"_blank\">\n\t\t\t\t\t\t<span class=\"elementor-button-content-wrapper\">\n\t\t\t\t\t\t\t\t\t<span class=\"elementor-button-text\">Fotos auf Flickr<\/span>\n\t\t\t\t\t<\/span>\n\t\t\t\t\t<\/a>\n\t\t\t\t<\/div>\n\t\t\t\t\t\t\t\t<\/div>\n\t\t\t\t<\/div>\n\t\t\t\t\t<\/div>\n\t\t<\/div>\n\t\t\t\t\t<\/div>\n\t\t<\/section>\n\t\t\t\t<section class=\"elementor-section elementor-top-section elementor-element elementor-element-ee0d816 elementor-section-boxed elementor-section-height-default elementor-section-height-default\" data-id=\"ee0d816\" data-element_type=\"section\" data-e-type=\"section\">\n\t\t\t\t\t\t<div class=\"elementor-container elementor-column-gap-default\">\n\t\t\t\t\t<div class=\"elementor-column elementor-col-100 elementor-top-column elementor-element elementor-element-93cfd4f\" data-id=\"93cfd4f\" data-element_type=\"column\" data-e-type=\"column\">\n\t\t\t<div class=\"elementor-widget-wrap\">\n\t\t\t\t\t\t\t<\/div>\n\t\t<\/div>\n\t\t\t\t\t<\/div>\n\t\t<\/section>\n\t\t\t\t<\/div>\n\t\t","protected":false},"excerpt":{"rendered":"<p>32. Steinh\u00f6lzli-Lauf 2022 &#8211; Zwei Podestpl\u00e4tze f\u00fcr den TV L\u00fctzelfl\u00fch Athletics Heute Sonntag, 27. November 2022 fand die bereits 32. Ausgabe des Steinh\u00f6lzlilaufs in K\u00f6niz statt. Der Steinh\u00f6lzlilauf ist der Saisonschluss unserer Laufsaison 2022, auf die wir heuer sehr gerne zur\u00fcckblicken. Schliesslich konnten wir super Resultate erzielen. Mit dem Steinh\u00f6lzlilauf ist das immer so eine [&hellip;]<\/p>\n","protected":false},"author":1,"featured_media":3972,"comment_status":"open","ping_status":"open","sticky":false,"template":"","format":"standard","meta":{"ocean_post_layout":"","ocean_both_sidebars_style":"","ocean_both_sidebars_content_width":0,"ocean_both_sidebars_sidebars_width":0,"ocean_sidebar":"0","ocean_second_sidebar":"0","ocean_disable_margins":"enable","ocean_add_body_class":"","ocean_shortcode_before_top_bar":"","ocean_shortcode_after_top_bar":"","ocean_shortcode_before_header":"","ocean_shortcode_after_header":"","ocean_has_shortcode":"","ocean_shortcode_after_title":"","ocean_shortcode_before_footer_widgets":"","ocean_shortcode_after_footer_widgets":"","ocean_shortcode_before_footer_bottom":"","ocean_shortcode_after_footer_bottom":"","ocean_display_top_bar":"default","ocean_display_header":"default","ocean_header_style":"","ocean_center_header_left_menu":"0","ocean_custom_header_template":"0","ocean_custom_logo":0,"ocean_custom_retina_logo":0,"ocean_custom_logo_max_width":0,"ocean_custom_logo_tablet_max_width":0,"ocean_custom_logo_mobile_max_width":0,"ocean_custom_logo_max_height":0,"ocean_custom_logo_tablet_max_height":0,"ocean_custom_logo_mobile_max_height":0,"ocean_header_custom_menu":"0","ocean_menu_typo_font_family":"0","ocean_menu_typo_font_subset":"","ocean_menu_typo_font_size":0,"ocean_menu_typo_font_size_tablet":0,"ocean_menu_typo_font_size_mobile":0,"ocean_menu_typo_font_size_unit":"px","ocean_menu_typo_font_weight":"","ocean_menu_typo_font_weight_tablet":"","ocean_menu_typo_font_weight_mobile":"","ocean_menu_typo_transform":"","ocean_menu_typo_transform_tablet":"","ocean_menu_typo_transform_mobile":"","ocean_menu_typo_line_height":0,"ocean_menu_typo_line_height_tablet":0,"ocean_menu_typo_line_height_mobile":0,"ocean_menu_typo_line_height_unit":"","ocean_menu_typo_spacing":0,"ocean_menu_typo_spacing_tablet":0,"ocean_menu_typo_spacing_mobile":0,"ocean_menu_typo_spacing_unit":"","ocean_menu_link_color":"","ocean_menu_link_color_hover":"","ocean_menu_link_color_active":"","ocean_menu_link_background":"","ocean_menu_link_hover_background":"","ocean_menu_link_active_background":"","ocean_menu_social_links_bg":"","ocean_menu_social_hover_links_bg":"","ocean_menu_social_links_color":"","ocean_menu_social_hover_links_color":"","ocean_disable_title":"default","ocean_disable_heading":"default","ocean_post_title":"","ocean_post_subheading":"","ocean_post_title_style":"","ocean_post_title_background_color":"","ocean_post_title_background":0,"ocean_post_title_bg_image_position":"","ocean_post_title_bg_image_attachment":"","ocean_post_title_bg_image_repeat":"","ocean_post_title_bg_image_size":"","ocean_post_title_height":0,"ocean_post_title_bg_overlay":0.5,"ocean_post_title_bg_overlay_color":"","ocean_disable_breadcrumbs":"default","ocean_breadcrumbs_color":"","ocean_breadcrumbs_separator_color":"","ocean_breadcrumbs_links_color":"","ocean_breadcrumbs_links_hover_color":"","ocean_display_footer_widgets":"default","ocean_display_footer_bottom":"default","ocean_custom_footer_template":"0","ocean_post_oembed":"","ocean_post_self_hosted_media":"","ocean_post_video_embed":"","ocean_link_format":"","ocean_link_format_target":"self","ocean_quote_format":"","ocean_quote_format_link":"post","ocean_gallery_link_images":"off","ocean_gallery_id":[],"footnotes":""},"categories":[1],"tags":[],"class_list":["post-3971","post","type-post","status-publish","format-standard","has-post-thumbnail","hentry","category-allgemein","entry","has-media"],"_links":{"self":[{"href":"https:\/\/www.tvluetzelflueh.ch\/wp_2019_PSC\/wp-json\/wp\/v2\/posts\/3971","targetHints":{"allow":["GET"]}}],"collection":[{"href":"https:\/\/www.tvluetzelflueh.ch\/wp_2019_PSC\/wp-json\/wp\/v2\/posts"}],"about":[{"href":"https:\/\/www.tvluetzelflueh.ch\/wp_2019_PSC\/wp-json\/wp\/v2\/types\/post"}],"author":[{"embeddable":true,"href":"https:\/\/www.tvluetzelflueh.ch\/wp_2019_PSC\/wp-json\/wp\/v2\/users\/1"}],"replies":[{"embeddable":true,"href":"https:\/\/www.tvluetzelflueh.ch\/wp_2019_PSC\/wp-json\/wp\/v2\/comments?post=3971"}],"version-history":[{"count":9,"href":"https:\/\/www.tvluetzelflueh.ch\/wp_2019_PSC\/wp-json\/wp\/v2\/posts\/3971\/revisions"}],"predecessor-version":[{"id":3984,"href":"https:\/\/www.tvluetzelflueh.ch\/wp_2019_PSC\/wp-json\/wp\/v2\/posts\/3971\/revisions\/3984"}],"wp:featuredmedia":[{"embeddable":true,"href":"https:\/\/www.tvluetzelflueh.ch\/wp_2019_PSC\/wp-json\/wp\/v2\/media\/3972"}],"wp:attachment":[{"href":"https:\/\/www.tvluetzelflueh.ch\/wp_2019_PSC\/wp-json\/wp\/v2\/media?parent=3971"}],"wp:term":[{"taxonomy":"category","embeddable":true,"href":"https:\/\/www.tvluetzelflueh.ch\/wp_2019_PSC\/wp-json\/wp\/v2\/categories?post=3971"},{"taxonomy":"post_tag","embeddable":true,"href":"https:\/\/www.tvluetzelflueh.ch\/wp_2019_PSC\/wp-json\/wp\/v2\/tags?post=3971"}],"curies":[{"name":"wp","href":"https:\/\/api.w.org\/{rel}","templated":true}]}}