{"id":3990,"date":"2022-12-05T18:10:07","date_gmt":"2022-12-05T17:10:07","guid":{"rendered":"https:\/\/www.tvluetzelflueh.ch\/wp_2019_PSC\/?p=3990"},"modified":"2022-12-05T19:06:04","modified_gmt":"2022-12-05T18:06:04","slug":"ubs-kids-cup-teams-qualifikation-bern-2022","status":"publish","type":"post","link":"https:\/\/www.tvluetzelflueh.ch\/wp_2019_PSC\/ubs-kids-cup-teams-qualifikation-bern-2022\/","title":{"rendered":"UBS Kids Cup Teams &#8211; Qualifikation Bern 2022"},"content":{"rendered":"\t\t<div data-elementor-type=\"wp-post\" data-elementor-id=\"3990\" class=\"elementor elementor-3990\">\n\t\t\t\t\t\t<section class=\"elementor-section elementor-top-section elementor-element elementor-element-10f89eb elementor-section-boxed elementor-section-height-default elementor-section-height-default\" data-id=\"10f89eb\" data-element_type=\"section\" data-e-type=\"section\">\n\t\t\t\t\t\t<div class=\"elementor-container elementor-column-gap-default\">\n\t\t\t\t\t<div class=\"elementor-column elementor-col-100 elementor-top-column elementor-element elementor-element-dea00c0\" data-id=\"dea00c0\" data-element_type=\"column\" data-e-type=\"column\">\n\t\t\t<div class=\"elementor-widget-wrap elementor-element-populated\">\n\t\t\t\t\t\t<div class=\"elementor-element elementor-element-2f951aa elementor-widget elementor-widget-text-editor\" data-id=\"2f951aa\" data-element_type=\"widget\" data-e-type=\"widget\" data-widget_type=\"text-editor.default\">\n\t\t\t\t<div class=\"elementor-widget-container\">\n\t\t\t\t\t\t\t\t\t<p><strong>Bericht Qualifikation UBS Kids Cup Teams Bern 2022<\/strong><\/p>\n<p>Wie immer vor einem Team Kids Cup hiess es f\u00fcr die Kategorien U14 und U16 am Morgen sehr fr\u00fch aufstehen! Um 6.15 Uhr ging die Fahrt nach Bern los. F\u00fcr das Team U14\u00a0mixed standen Colin Eggimann, Adrian Fl\u00fckiger, Amelie Suter, Leonie Bernhard und Janine Schifferli am Start. Sie begannen ihren Wettkampfmorgen mit der Sprungchallenge. Dabei gelangen ihnen sehr gute Resultate, die Gesamtpunkte konnten sie im Vergleich zum Wettkampf vor zwei Wochen um 2 Punkte steigern. Das U16\u00a0mixed Team, bestehend aus Janik Eggimann, Jael Eggimann, Nils Sch\u00e4kel, Jonas B\u00e4rtschi und Jasmin Hulliger startete mit dem Stabweitsprung. Auch ihnen gelangen sehr gute Spr\u00fcnge und sie konnten die Gesamtpunkte noch einmal steigern.<\/p>\n<p>Bei der zweiten Disziplin der U14er, der H\u00fcrdenstafette gelang auch ein passabler Lauf. Eine H\u00fcrde fiel zwar um und es gab einen Wechselfehler, doch die Zeit war nicht schlecht. Den U16er gelangen auch im Risikosprint gute Resultate, nach zwei Disziplinen lagen sie mit 5 Rangpunkten auf Zwischenrang 3. Im nachfolgenden Biathlon liessen sie nur 1 H\u00fctchen stehen, was den Disziplinensieg und die F\u00fchrung in der Zwischenrangliste einbrachte. Im Cross hatten sie also fulminante Aussichten auf den Tagessieg. Alle Erwartungen wurden erf\u00fcllt, Schlussl\u00e4uferin Jasmin lief auf Rang zwei ein. Das ergab in der Schlusswertung den TAGESSIEG!!! Die U14er lieferten einen guten Biathlon und Cross und schlossen auf Rang 6 ab, was bei 23 klassierten Teams auch ein sehr gutes Resultat ist.<\/p>\n<p>Am Nachmittag hiess es auch f\u00fcr die kleineren Kids Vollgas geben. F\u00fcr das Team U10\u00a0mixed traten Andrin Bernhard, Valentina Mosimann, Kaja Peter, Elea Hausmann, Marlon Galli und Henri Bichsel an. Die sechs j\u00fcngsten starteten super in den Wettkampf und belegten sowohl bei der Pendelstafette wie auch beim Weltklasse-Sprung den zweiten Rang. Die U12 Girls, bestehend aus Alissa R\u00fcfenacht, Nathalie Bichsel, Lindsey Sch\u00fctz, Jaelle Zimmermann, Mira Bernhard und Amelia Lopes, hatten leider etwas Startschwierigkeiten. Beim Ringlisprint gab es Komplikationen beim Organisator, sie wurden f\u00fcnfte. Auch beim Zonenweitsprung lief es nicht ganz rund, es reichte nur f\u00fcr den 7. Rang in dieser Disziplin. Das machten sie aber mit einem tollen Biathlon wieder wett, denn sie konnten sich dort den Disziplinensieg sichern. Das dritte Team trat mit Eliane Suter, Ziva Lehmann, Giuliano Mosimann, G\u00fclciya Atli, Crispin Krause und L\u00e9onie Hug in der Kategorie U12\u00a0mixed an. Sie hatten einen kleinen Nachteil, da drei Athletinnen dabei waren, die eigentlich noch bei den j\u00fcngeren Kategorien antreten w\u00fcrden. So wurden sie beim Ringlisprint auf Rang 12 und beim Zonenweitsprung auf Rang 10 klassiert. Das Team U10\u00a0mixed setzte seine Serie im Biathlon fort und wurde dort wiederum zweite. Im Cross erliefen sie sich schlussendlich noch den dritten Rang, auch in der Endabrechnung konnten sie sich deshalb die Bronzemedaille umh\u00e4ngen lassen. Damit qualifiziert sich ein weiteres Team f\u00fcr den Regionalfinal im kommenden M\u00e4rz. Die U12 Girls erreichten im Crosslauf den 5. Rang, auch auf der Schlussrangliste ergab sich ein sehr guter 5. Rang.<\/p>\n<p>05.12.2022 \/ Celina<\/p>\t\t\t\t\t\t\t\t<\/div>\n\t\t\t\t<\/div>\n\t\t\t\t<div class=\"elementor-element elementor-element-c282e5e elementor-widget elementor-widget-button\" data-id=\"c282e5e\" data-element_type=\"widget\" data-e-type=\"widget\" data-widget_type=\"button.default\">\n\t\t\t\t<div class=\"elementor-widget-container\">\n\t\t\t\t\t\t\t\t\t<div class=\"elementor-button-wrapper\">\n\t\t\t\t\t<a class=\"elementor-button elementor-button-link elementor-size-sm\" href=\"https:\/\/flic.kr\/s\/aHBqjAi2Nx\" target=\"_blank\">\n\t\t\t\t\t\t<span class=\"elementor-button-content-wrapper\">\n\t\t\t\t\t\t\t\t\t<span class=\"elementor-button-text\">Weitere Fotos folgen noch...<\/span>\n\t\t\t\t\t<\/span>\n\t\t\t\t\t<\/a>\n\t\t\t\t<\/div>\n\t\t\t\t\t\t\t\t<\/div>\n\t\t\t\t<\/div>\n\t\t\t\t<div class=\"elementor-element elementor-element-dbd6b3b elementor-widget elementor-widget-button\" data-id=\"dbd6b3b\" data-element_type=\"widget\" data-e-type=\"widget\" data-widget_type=\"button.default\">\n\t\t\t\t<div class=\"elementor-widget-container\">\n\t\t\t\t\t\t\t\t\t<div class=\"elementor-button-wrapper\">\n\t\t\t\t\t<a class=\"elementor-button elementor-button-link elementor-size-sm\" href=\"https:\/\/www.tvluetzelflueh.ch\/wp_2019_PSC\/wp-content\/uploads\/2022\/12\/2022_12_04_UBS-Kids-Cup-Team-2022-Bern-Rangliste.pdf\" target=\"_blank\">\n\t\t\t\t\t\t<span class=\"elementor-button-content-wrapper\">\n\t\t\t\t\t\t\t\t\t<span class=\"elementor-button-text\">Ranglisten UBS Kids Cup Teams<\/span>\n\t\t\t\t\t<\/span>\n\t\t\t\t\t<\/a>\n\t\t\t\t<\/div>\n\t\t\t\t\t\t\t\t<\/div>\n\t\t\t\t<\/div>\n\t\t\t\t\t<\/div>\n\t\t<\/div>\n\t\t\t\t\t<\/div>\n\t\t<\/section>\n\t\t\t\t<section class=\"elementor-section elementor-top-section elementor-element elementor-element-ee0d816 elementor-section-boxed elementor-section-height-default elementor-section-height-default\" data-id=\"ee0d816\" data-element_type=\"section\" data-e-type=\"section\">\n\t\t\t\t\t\t<div class=\"elementor-container elementor-column-gap-default\">\n\t\t\t\t\t<div class=\"elementor-column elementor-col-100 elementor-top-column elementor-element elementor-element-93cfd4f\" data-id=\"93cfd4f\" data-element_type=\"column\" data-e-type=\"column\">\n\t\t\t<div class=\"elementor-widget-wrap\">\n\t\t\t\t\t\t\t<\/div>\n\t\t<\/div>\n\t\t\t\t\t<\/div>\n\t\t<\/section>\n\t\t\t\t<\/div>\n\t\t","protected":false},"excerpt":{"rendered":"<p>Bericht Qualifikation UBS Kids Cup Teams Bern 2022 Wie immer vor einem Team Kids Cup hiess es f\u00fcr die Kategorien U14 und U16 am Morgen sehr fr\u00fch aufstehen! Um 6.15 Uhr ging die Fahrt nach Bern los. F\u00fcr das Team U14&nbsp;mixed standen Colin Eggimann, Adrian Fl\u00fckiger, Amelie Suter, Leonie Bernhard und Janine Schifferli am Start. [&hellip;]<\/p>\n","protected":false},"author":1,"featured_media":3992,"comment_status":"open","ping_status":"open","sticky":false,"template":"","format":"standard","meta":{"ocean_post_layout":"","ocean_both_sidebars_style":"","ocean_both_sidebars_content_width":0,"ocean_both_sidebars_sidebars_width":0,"ocean_sidebar":"0","ocean_second_sidebar":"0","ocean_disable_margins":"enable","ocean_add_body_class":"","ocean_shortcode_before_top_bar":"","ocean_shortcode_after_top_bar":"","ocean_shortcode_before_header":"","ocean_shortcode_after_header":"","ocean_has_shortcode":"","ocean_shortcode_after_title":"","ocean_shortcode_before_footer_widgets":"","ocean_shortcode_after_footer_widgets":"","ocean_shortcode_before_footer_bottom":"","ocean_shortcode_after_footer_bottom":"","ocean_display_top_bar":"default","ocean_display_header":"default","ocean_header_style":"","ocean_center_header_left_menu":"0","ocean_custom_header_template":"0","ocean_custom_logo":0,"ocean_custom_retina_logo":0,"ocean_custom_logo_max_width":0,"ocean_custom_logo_tablet_max_width":0,"ocean_custom_logo_mobile_max_width":0,"ocean_custom_logo_max_height":0,"ocean_custom_logo_tablet_max_height":0,"ocean_custom_logo_mobile_max_height":0,"ocean_header_custom_menu":"0","ocean_menu_typo_font_family":"0","ocean_menu_typo_font_subset":"","ocean_menu_typo_font_size":0,"ocean_menu_typo_font_size_tablet":0,"ocean_menu_typo_font_size_mobile":0,"ocean_menu_typo_font_size_unit":"px","ocean_menu_typo_font_weight":"","ocean_menu_typo_font_weight_tablet":"","ocean_menu_typo_font_weight_mobile":"","ocean_menu_typo_transform":"","ocean_menu_typo_transform_tablet":"","ocean_menu_typo_transform_mobile":"","ocean_menu_typo_line_height":0,"ocean_menu_typo_line_height_tablet":0,"ocean_menu_typo_line_height_mobile":0,"ocean_menu_typo_line_height_unit":"","ocean_menu_typo_spacing":0,"ocean_menu_typo_spacing_tablet":0,"ocean_menu_typo_spacing_mobile":0,"ocean_menu_typo_spacing_unit":"","ocean_menu_link_color":"","ocean_menu_link_color_hover":"","ocean_menu_link_color_active":"","ocean_menu_link_background":"","ocean_menu_link_hover_background":"","ocean_menu_link_active_background":"","ocean_menu_social_links_bg":"","ocean_menu_social_hover_links_bg":"","ocean_menu_social_links_color":"","ocean_menu_social_hover_links_color":"","ocean_disable_title":"default","ocean_disable_heading":"default","ocean_post_title":"","ocean_post_subheading":"","ocean_post_title_style":"","ocean_post_title_background_color":"","ocean_post_title_background":0,"ocean_post_title_bg_image_position":"","ocean_post_title_bg_image_attachment":"","ocean_post_title_bg_image_repeat":"","ocean_post_title_bg_image_size":"","ocean_post_title_height":0,"ocean_post_title_bg_overlay":0.5,"ocean_post_title_bg_overlay_color":"","ocean_disable_breadcrumbs":"default","ocean_breadcrumbs_color":"","ocean_breadcrumbs_separator_color":"","ocean_breadcrumbs_links_color":"","ocean_breadcrumbs_links_hover_color":"","ocean_display_footer_widgets":"default","ocean_display_footer_bottom":"default","ocean_custom_footer_template":"0","ocean_post_oembed":"","ocean_post_self_hosted_media":"","ocean_post_video_embed":"","ocean_link_format":"","ocean_link_format_target":"self","ocean_quote_format":"","ocean_quote_format_link":"post","ocean_gallery_link_images":"off","ocean_gallery_id":[],"footnotes":""},"categories":[1],"tags":[],"class_list":["post-3990","post","type-post","status-publish","format-standard","has-post-thumbnail","hentry","category-allgemein","entry","has-media"],"_links":{"self":[{"href":"https:\/\/www.tvluetzelflueh.ch\/wp_2019_PSC\/wp-json\/wp\/v2\/posts\/3990","targetHints":{"allow":["GET"]}}],"collection":[{"href":"https:\/\/www.tvluetzelflueh.ch\/wp_2019_PSC\/wp-json\/wp\/v2\/posts"}],"about":[{"href":"https:\/\/www.tvluetzelflueh.ch\/wp_2019_PSC\/wp-json\/wp\/v2\/types\/post"}],"author":[{"embeddable":true,"href":"https:\/\/www.tvluetzelflueh.ch\/wp_2019_PSC\/wp-json\/wp\/v2\/users\/1"}],"replies":[{"embeddable":true,"href":"https:\/\/www.tvluetzelflueh.ch\/wp_2019_PSC\/wp-json\/wp\/v2\/comments?post=3990"}],"version-history":[{"count":18,"href":"https:\/\/www.tvluetzelflueh.ch\/wp_2019_PSC\/wp-json\/wp\/v2\/posts\/3990\/revisions"}],"predecessor-version":[{"id":4011,"href":"https:\/\/www.tvluetzelflueh.ch\/wp_2019_PSC\/wp-json\/wp\/v2\/posts\/3990\/revisions\/4011"}],"wp:featuredmedia":[{"embeddable":true,"href":"https:\/\/www.tvluetzelflueh.ch\/wp_2019_PSC\/wp-json\/wp\/v2\/media\/3992"}],"wp:attachment":[{"href":"https:\/\/www.tvluetzelflueh.ch\/wp_2019_PSC\/wp-json\/wp\/v2\/media?parent=3990"}],"wp:term":[{"taxonomy":"category","embeddable":true,"href":"https:\/\/www.tvluetzelflueh.ch\/wp_2019_PSC\/wp-json\/wp\/v2\/categories?post=3990"},{"taxonomy":"post_tag","embeddable":true,"href":"https:\/\/www.tvluetzelflueh.ch\/wp_2019_PSC\/wp-json\/wp\/v2\/tags?post=3990"}],"curies":[{"name":"wp","href":"https:\/\/api.w.org\/{rel}","templated":true}]}}