{"id":4012,"date":"2022-12-05T20:40:26","date_gmt":"2022-12-05T19:40:26","guid":{"rendered":"https:\/\/www.tvluetzelflueh.ch\/wp_2019_PSC\/?p=4012"},"modified":"2022-12-05T21:10:01","modified_gmt":"2022-12-05T20:10:01","slug":"advents-maerit-2022-luetzelflueh","status":"publish","type":"post","link":"https:\/\/www.tvluetzelflueh.ch\/wp_2019_PSC\/advents-maerit-2022-luetzelflueh\/","title":{"rendered":"Advents-M\u00e4rit 2022 L\u00fctzelfl\u00fch"},"content":{"rendered":"\t\t<div data-elementor-type=\"wp-post\" data-elementor-id=\"4012\" class=\"elementor elementor-4012\">\n\t\t\t\t\t\t<section class=\"elementor-section elementor-top-section elementor-element elementor-element-10f89eb elementor-section-boxed elementor-section-height-default elementor-section-height-default\" data-id=\"10f89eb\" data-element_type=\"section\" data-e-type=\"section\">\n\t\t\t\t\t\t<div class=\"elementor-container elementor-column-gap-default\">\n\t\t\t\t\t<div class=\"elementor-column elementor-col-100 elementor-top-column elementor-element elementor-element-dea00c0\" data-id=\"dea00c0\" data-element_type=\"column\" data-e-type=\"column\">\n\t\t\t<div class=\"elementor-widget-wrap elementor-element-populated\">\n\t\t\t\t\t\t<div class=\"elementor-element elementor-element-2f951aa elementor-widget elementor-widget-text-editor\" data-id=\"2f951aa\" data-element_type=\"widget\" data-e-type=\"widget\" data-widget_type=\"text-editor.default\">\n\t\t\t\t<div class=\"elementor-widget-container\">\n\t\t\t\t\t\t\t\t\t<p><strong>M\u00e4ritstand des TV L\u00fctzelfl\u00fch am Adventsm\u00e4rit 2022<br \/><\/strong><\/p><p>Seit dem Dezember 2019 mussten sich die B\u00fcrgerinnen und B\u00fcrger von L\u00fctzelfl\u00fch und Goldbach gedulden, bis sie endlich am Samstag, 3. Dezember 2022 wieder den Adventsm\u00e4rit beim Bahnhof besuchen durften. Nat\u00fcrlich war auch wieder <u>DER<\/u> Sportverein in der Region mit einem Stand vertreten &#8211; der TV L\u00fctzelfl\u00fch Athletics.<\/p><p>Festlich geschm\u00fcckt strahlte der Stand mit den anderen Anbietern um die Wette. OK, ich gebe zu, andere St\u00e4nde hatten sich vielleicht in Sachen Deko ein bisschen mehr M\u00fche gegeben, aber wir hatten zwei Geheimwaffen. Leonie und Mira. Kein anderer Stand hatte ein solch charmantes Verkaufspersonal wie wir.\u00a0 Unser Angebot in diesem Jahr entsprach wiederum demselben, wie im 2019. Gl\u00fchwein f\u00fcr die durstigen und K\u00fcbissuppe f\u00fcr die hungrigen Kehlen. Dazu Softgetr\u00e4nke, Punsch und Kafi (mit und ohne G\u00fcx)<\/p><p>Um 16 Uhr ging es los. Und wie! Kurz nach dem Start fluteten die L\u00fctzelfl\u00fcher und Goldbacher den Adventsm\u00e4rit mit Besuchern. Bereits bildeten sich die ersten kurzen Schlangen vor unserem Gl\u00fchwein-Kocher. Es war sehr eindrucksvoll. Das letzte Mal, als ich so was gesehen habe, war, als das WC-Papier in der Migros knapp wurde. Der Gl\u00fchwein wurde uns quasi aus den Fingern gerissen. Unser Gl\u00fchwein-Druide Remo musste leider schnell mal feststellen, dass seine Braukunst nicht mit der Trinkgeschwindigkeit der Besucher mithalten konnte. 3-2-1.. und schon war der erste Kocher leer. Nachschub? Noch in weiter Ferne. Erste Besucher mussten auf ca. 10 Minuten Versp\u00e4tung vertr\u00f6stet werden.<\/p><p>Dies war dann auch gleich der Startschuss f\u00fcr die K\u00fcrbissuppe. Die ersten M\u00e4gen wollten mit Nicole&#8217;s feiner Suppe gef\u00fcllt werden. Die Kunden konnten sogar w\u00e4hlen ob sie die Suppe mit K\u00fcrbiskern\u00f6l, Rahm, ger\u00f6steten K\u00fcrbiskernen oder einfach &#8222;Blutt&#8220; essen wollten. Diese Variabilit\u00e4t kam sehr gut an.<\/p><p>Die Menschen wurden immer mehr. Leonie und Mira h\u00e4tten schon lange Feierabend gehabt, aber die Beiden ackerten im Akord und lieferten einen Gl\u00fchwein nach dem andern aus. Zur Freude aller Vorst\u00e4ndler eilte uns unser langj\u00e4hriges Vereinsmitglied Jonny Zeltner zu Hilfe und f\u00fcgte sich gleich nahtlos ins Team mit unseren Top-Verk\u00e4uferinnen ein. Der zweite und der dritte Kocher leerte sich z\u00fcgig. Die Braudruiden waren hoffnungslos &#8222;im Seich&#8220;.<\/p><p>Als der Adventsm\u00e4rit etwas mehr als die Halbzeit durch hatte, kam es so, wie es kommen musste. Der Gl\u00fchwein neigte sich dem Ende zu, die Reserve unter dem Tisch war leer. Wie von Zauberhand tauchte pl\u00f6tzlich um 19 Uhr Nachschub in Form von Grundzutaten f\u00fcr den Gl\u00fchwein auf. Die Braudruiden tanzten singend um den Wein-Kocher&#8230; Okey, das war jetzt ein bisschen \u00fcbertrieben. Aber Freude hatten sie trotzdem \u00fcber die Zutaten. Unterdessen war auch die K\u00fcrbissuppe ausverkauft, obwohl dieses Jahr etwas mehr gekocht wurde, als im 2019.<\/p><p>Dann war Schluss f\u00fcr die erste TVL-Garde. Am Sonntag war bereits um 6.15 Uhr Treffpunkt f\u00fcr den UBS Kids Cup in Bern. F\u00fcr so einen Anlass musste unbedingt noch etwas Schlaf organisiert werden (egal ob f\u00fcr Sportlerinnen oder f\u00fcr Leiter-\/innen.<\/p><p>Am n\u00e4chsten Tag wurde mir gesagt, dass auch der Nachschub an Gl\u00fchwein nicht bis zum M\u00e4rit-Schluss reichte. Alles war aus. Suppe, Gl\u00fchwein, Punsch&#8230; alles weg &#8211; Kasse voll. Ein hervorragender Abschluss f\u00fcr den tollen M\u00e4rit 2022 und ein willkommener finanzieller Zustupf f\u00fcr die Vereinskasse.<\/p><p>Vielen herzlichen Dank an alle, die sich an der Organisation und der Durchf\u00fchrung beteiligt haben. Einen speziellen Dank geht aber an Leonie und Mira Bernhard f\u00fcr ihren unerm\u00fcdlichen Einsatz am Maritstand (sie lieferten \u00fcbrigens am Kids Cup danach trotzdem Topleistungen ab) sowie an Jonny Zeltner, dessen Einsatz mich speziell gefreut hat.<\/p><p>Freuen wir uns auf den n\u00e4chsten M\u00e4rit im 2023. Die Einkaufsliste ist ge-updatet!<\/p><p>05.12.2022 \/ P\u00e4scu<\/p>\t\t\t\t\t\t\t\t<\/div>\n\t\t\t\t<\/div>\n\t\t\t\t\t<\/div>\n\t\t<\/div>\n\t\t\t\t\t<\/div>\n\t\t<\/section>\n\t\t\t\t<section class=\"elementor-section elementor-top-section elementor-element elementor-element-4b9ac42 elementor-section-boxed elementor-section-height-default elementor-section-height-default\" data-id=\"4b9ac42\" data-element_type=\"section\" data-e-type=\"section\">\n\t\t\t\t\t\t<div class=\"elementor-container elementor-column-gap-default\">\n\t\t\t\t\t<div class=\"elementor-column elementor-col-100 elementor-top-column elementor-element elementor-element-fa50d2c\" data-id=\"fa50d2c\" data-element_type=\"column\" data-e-type=\"column\">\n\t\t\t<div class=\"elementor-widget-wrap elementor-element-populated\">\n\t\t\t\t\t\t<div class=\"elementor-element elementor-element-bc34abc elementor-widget elementor-widget-image\" data-id=\"bc34abc\" data-element_type=\"widget\" data-e-type=\"widget\" data-widget_type=\"image.default\">\n\t\t\t\t<div class=\"elementor-widget-container\">\n\t\t\t\t\t\t\t\t\t\t\t\t\t\t\t<img fetchpriority=\"high\" decoding=\"async\" width=\"1024\" height=\"768\" src=\"https:\/\/www.tvluetzelflueh.ch\/wp_2019_PSC\/wp-content\/uploads\/2022\/12\/IMG_20221203_165711-1024x768.jpg\" class=\"attachment-large size-large wp-image-4018\" alt=\"\" srcset=\"https:\/\/www.tvluetzelflueh.ch\/wp_2019_PSC\/wp-content\/uploads\/2022\/12\/IMG_20221203_165711-1024x768.jpg 1024w, https:\/\/www.tvluetzelflueh.ch\/wp_2019_PSC\/wp-content\/uploads\/2022\/12\/IMG_20221203_165711-300x225.jpg 300w, https:\/\/www.tvluetzelflueh.ch\/wp_2019_PSC\/wp-content\/uploads\/2022\/12\/IMG_20221203_165711-768x576.jpg 768w, https:\/\/www.tvluetzelflueh.ch\/wp_2019_PSC\/wp-content\/uploads\/2022\/12\/IMG_20221203_165711-1536x1152.jpg 1536w, https:\/\/www.tvluetzelflueh.ch\/wp_2019_PSC\/wp-content\/uploads\/2022\/12\/IMG_20221203_165711-2048x1536.jpg 2048w\" sizes=\"(max-width: 1024px) 100vw, 1024px\" \/>\t\t\t\t\t\t\t\t\t\t\t\t\t\t\t<\/div>\n\t\t\t\t<\/div>\n\t\t\t\t<div class=\"elementor-element elementor-element-07c81ca elementor-widget elementor-widget-image\" data-id=\"07c81ca\" data-element_type=\"widget\" data-e-type=\"widget\" data-widget_type=\"image.default\">\n\t\t\t\t<div class=\"elementor-widget-container\">\n\t\t\t\t\t\t\t\t\t\t\t\t\t\t\t<img decoding=\"async\" width=\"768\" height=\"1024\" src=\"https:\/\/www.tvluetzelflueh.ch\/wp_2019_PSC\/wp-content\/uploads\/2022\/12\/IMG_20221203_165814_hdr-768x1024.jpg\" class=\"attachment-large size-large wp-image-4019\" alt=\"\" srcset=\"https:\/\/www.tvluetzelflueh.ch\/wp_2019_PSC\/wp-content\/uploads\/2022\/12\/IMG_20221203_165814_hdr-768x1024.jpg 768w, https:\/\/www.tvluetzelflueh.ch\/wp_2019_PSC\/wp-content\/uploads\/2022\/12\/IMG_20221203_165814_hdr-225x300.jpg 225w, https:\/\/www.tvluetzelflueh.ch\/wp_2019_PSC\/wp-content\/uploads\/2022\/12\/IMG_20221203_165814_hdr-1152x1536.jpg 1152w, https:\/\/www.tvluetzelflueh.ch\/wp_2019_PSC\/wp-content\/uploads\/2022\/12\/IMG_20221203_165814_hdr-1536x2048.jpg 1536w, https:\/\/www.tvluetzelflueh.ch\/wp_2019_PSC\/wp-content\/uploads\/2022\/12\/IMG_20221203_165814_hdr-scaled.jpg 1920w\" sizes=\"(max-width: 768px) 100vw, 768px\" \/>\t\t\t\t\t\t\t\t\t\t\t\t\t\t\t<\/div>\n\t\t\t\t<\/div>\n\t\t\t\t\t<\/div>\n\t\t<\/div>\n\t\t\t\t\t<\/div>\n\t\t<\/section>\n\t\t\t\t<\/div>\n\t\t","protected":false},"excerpt":{"rendered":"<p>M\u00e4ritstand des TV L\u00fctzelfl\u00fch am Adventsm\u00e4rit 2022 Seit dem Dezember 2019 mussten sich die B\u00fcrgerinnen und B\u00fcrger von L\u00fctzelfl\u00fch und Goldbach gedulden, bis sie endlich am Samstag, 3. Dezember 2022 wieder den Adventsm\u00e4rit beim Bahnhof besuchen durften. Nat\u00fcrlich war auch wieder DER Sportverein in der Region mit einem Stand vertreten &#8211; der TV L\u00fctzelfl\u00fch Athletics. [&hellip;]<\/p>\n","protected":false},"author":1,"featured_media":4013,"comment_status":"open","ping_status":"open","sticky":false,"template":"","format":"standard","meta":{"ocean_post_layout":"","ocean_both_sidebars_style":"","ocean_both_sidebars_content_width":0,"ocean_both_sidebars_sidebars_width":0,"ocean_sidebar":"0","ocean_second_sidebar":"0","ocean_disable_margins":"enable","ocean_add_body_class":"","ocean_shortcode_before_top_bar":"","ocean_shortcode_after_top_bar":"","ocean_shortcode_before_header":"","ocean_shortcode_after_header":"","ocean_has_shortcode":"","ocean_shortcode_after_title":"","ocean_shortcode_before_footer_widgets":"","ocean_shortcode_after_footer_widgets":"","ocean_shortcode_before_footer_bottom":"","ocean_shortcode_after_footer_bottom":"","ocean_display_top_bar":"default","ocean_display_header":"default","ocean_header_style":"","ocean_center_header_left_menu":"0","ocean_custom_header_template":"0","ocean_custom_logo":0,"ocean_custom_retina_logo":0,"ocean_custom_logo_max_width":0,"ocean_custom_logo_tablet_max_width":0,"ocean_custom_logo_mobile_max_width":0,"ocean_custom_logo_max_height":0,"ocean_custom_logo_tablet_max_height":0,"ocean_custom_logo_mobile_max_height":0,"ocean_header_custom_menu":"0","ocean_menu_typo_font_family":"0","ocean_menu_typo_font_subset":"","ocean_menu_typo_font_size":0,"ocean_menu_typo_font_size_tablet":0,"ocean_menu_typo_font_size_mobile":0,"ocean_menu_typo_font_size_unit":"px","ocean_menu_typo_font_weight":"","ocean_menu_typo_font_weight_tablet":"","ocean_menu_typo_font_weight_mobile":"","ocean_menu_typo_transform":"","ocean_menu_typo_transform_tablet":"","ocean_menu_typo_transform_mobile":"","ocean_menu_typo_line_height":0,"ocean_menu_typo_line_height_tablet":0,"ocean_menu_typo_line_height_mobile":0,"ocean_menu_typo_line_height_unit":"","ocean_menu_typo_spacing":0,"ocean_menu_typo_spacing_tablet":0,"ocean_menu_typo_spacing_mobile":0,"ocean_menu_typo_spacing_unit":"","ocean_menu_link_color":"","ocean_menu_link_color_hover":"","ocean_menu_link_color_active":"","ocean_menu_link_background":"","ocean_menu_link_hover_background":"","ocean_menu_link_active_background":"","ocean_menu_social_links_bg":"","ocean_menu_social_hover_links_bg":"","ocean_menu_social_links_color":"","ocean_menu_social_hover_links_color":"","ocean_disable_title":"default","ocean_disable_heading":"default","ocean_post_title":"","ocean_post_subheading":"","ocean_post_title_style":"","ocean_post_title_background_color":"","ocean_post_title_background":0,"ocean_post_title_bg_image_position":"","ocean_post_title_bg_image_attachment":"","ocean_post_title_bg_image_repeat":"","ocean_post_title_bg_image_size":"","ocean_post_title_height":0,"ocean_post_title_bg_overlay":0.5,"ocean_post_title_bg_overlay_color":"","ocean_disable_breadcrumbs":"default","ocean_breadcrumbs_color":"","ocean_breadcrumbs_separator_color":"","ocean_breadcrumbs_links_color":"","ocean_breadcrumbs_links_hover_color":"","ocean_display_footer_widgets":"default","ocean_display_footer_bottom":"default","ocean_custom_footer_template":"0","ocean_post_oembed":"","ocean_post_self_hosted_media":"","ocean_post_video_embed":"","ocean_link_format":"","ocean_link_format_target":"self","ocean_quote_format":"","ocean_quote_format_link":"post","ocean_gallery_link_images":"off","ocean_gallery_id":[],"footnotes":""},"categories":[1],"tags":[],"class_list":["post-4012","post","type-post","status-publish","format-standard","has-post-thumbnail","hentry","category-allgemein","entry","has-media"],"_links":{"self":[{"href":"https:\/\/www.tvluetzelflueh.ch\/wp_2019_PSC\/wp-json\/wp\/v2\/posts\/4012","targetHints":{"allow":["GET"]}}],"collection":[{"href":"https:\/\/www.tvluetzelflueh.ch\/wp_2019_PSC\/wp-json\/wp\/v2\/posts"}],"about":[{"href":"https:\/\/www.tvluetzelflueh.ch\/wp_2019_PSC\/wp-json\/wp\/v2\/types\/post"}],"author":[{"embeddable":true,"href":"https:\/\/www.tvluetzelflueh.ch\/wp_2019_PSC\/wp-json\/wp\/v2\/users\/1"}],"replies":[{"embeddable":true,"href":"https:\/\/www.tvluetzelflueh.ch\/wp_2019_PSC\/wp-json\/wp\/v2\/comments?post=4012"}],"version-history":[{"count":20,"href":"https:\/\/www.tvluetzelflueh.ch\/wp_2019_PSC\/wp-json\/wp\/v2\/posts\/4012\/revisions"}],"predecessor-version":[{"id":4035,"href":"https:\/\/www.tvluetzelflueh.ch\/wp_2019_PSC\/wp-json\/wp\/v2\/posts\/4012\/revisions\/4035"}],"wp:featuredmedia":[{"embeddable":true,"href":"https:\/\/www.tvluetzelflueh.ch\/wp_2019_PSC\/wp-json\/wp\/v2\/media\/4013"}],"wp:attachment":[{"href":"https:\/\/www.tvluetzelflueh.ch\/wp_2019_PSC\/wp-json\/wp\/v2\/media?parent=4012"}],"wp:term":[{"taxonomy":"category","embeddable":true,"href":"https:\/\/www.tvluetzelflueh.ch\/wp_2019_PSC\/wp-json\/wp\/v2\/categories?post=4012"},{"taxonomy":"post_tag","embeddable":true,"href":"https:\/\/www.tvluetzelflueh.ch\/wp_2019_PSC\/wp-json\/wp\/v2\/tags?post=4012"}],"curies":[{"name":"wp","href":"https:\/\/api.w.org\/{rel}","templated":true}]}}