{"id":4056,"date":"2023-02-06T18:47:58","date_gmt":"2023-02-06T17:47:58","guid":{"rendered":"https:\/\/www.tvluetzelflueh.ch\/wp_2019_PSC\/?p=4056"},"modified":"2023-02-06T18:54:34","modified_gmt":"2023-02-06T17:54:34","slug":"ubs-kids-cup-teams-qualifikation-thun-2023","status":"publish","type":"post","link":"https:\/\/www.tvluetzelflueh.ch\/wp_2019_PSC\/ubs-kids-cup-teams-qualifikation-thun-2023\/","title":{"rendered":"UBS Kids Cup Teams &#8211; Qualifikation Thun 2023"},"content":{"rendered":"\t\t<div data-elementor-type=\"wp-post\" data-elementor-id=\"4056\" class=\"elementor elementor-4056\">\n\t\t\t\t\t\t<section class=\"elementor-section elementor-top-section elementor-element elementor-element-10f89eb elementor-section-boxed elementor-section-height-default elementor-section-height-default\" data-id=\"10f89eb\" data-element_type=\"section\" data-e-type=\"section\">\n\t\t\t\t\t\t<div class=\"elementor-container elementor-column-gap-default\">\n\t\t\t\t\t<div class=\"elementor-column elementor-col-100 elementor-top-column elementor-element elementor-element-dea00c0\" data-id=\"dea00c0\" data-element_type=\"column\" data-e-type=\"column\">\n\t\t\t<div class=\"elementor-widget-wrap elementor-element-populated\">\n\t\t\t\t\t\t<div class=\"elementor-element elementor-element-2f951aa elementor-widget elementor-widget-text-editor\" data-id=\"2f951aa\" data-element_type=\"widget\" data-e-type=\"widget\" data-widget_type=\"text-editor.default\">\n\t\t\t\t<div class=\"elementor-widget-container\">\n\t\t\t\t\t\t\t\t\t<p><strong>Bericht Qualifikation UBS Kids Cup Teams Thun 2023<\/strong><\/p><p>F\u00fcr die 3. Ausscheidung des UBS Kids Cup Team nahmen insgesamt 4 Teams des TV L\u00fctzelfl\u00fch Athletics teil.<\/p><p>Am fr\u00fchen Sonntagmorgen (Besammlung war bereits um 6:00 Uhr) machte sich unter der Leitung von Remo Liechti und Nicole Bernhard das U14 Mixed Team, bestehend aus Janine Schifferli, Seraina Sch\u00fctz, Leonie Bernhard, Lenny Hug sowie Elia Nyffenegger auf den Weg, die angestrebte Qualifikation f\u00fcr den Regionalfinal vom 12. M\u00e4rz in Burgdorf zu realisieren. Diese hatte man in den beiden vorhergehenden Ausscheidungen in Herzogenbuchsee und Bern mit einem 5. und 6. Platz jeweils knapp verfehlt.<\/p><p>Nach einem kurzen Outdoor-Warm-Up bei gef\u00fchlten minus 10 Grad gings um 7:30 Uhr auch schon mit dem etwas chaotischen Einw\u00e4rmen auf den Anlagen los. Nichts desto trotz brannte das Team auf den Wettkampf und konnte es kaum erwarten bis es los ging. Bei der Sprung-Challenge w\u00e4ren wohl 2 Punkte mehr drin gelegen, h\u00e4tte man bei 2 Versuchen nicht diesen bl\u00f6den Ring knapp ber\u00fchrt und daf\u00fcr das rote Traurig-Smiley gesehen. Mit 19 Punkten gab\u2019s leider schon 8 Rangpunkte auf das Konto. Nicht unterkriegen lassen, denn gleich ging es weiter mit der H\u00fcrden-Stafette. Ein kleiner Wechselfehler zu Beginn und sp\u00e4ter noch ein Abwurf der H\u00fcrdenlatte ergab eine Schlusszeit von 78 Sekunden oder gute 5 Rangpunkte in dieser Disziplin. Nach einem kleinen Unterbruch stand der Biathlon auf dem Programm. Man rechnete schon aus, wie viele Runden man etwa laufen muss um vorne dabei zu sein. Das Treffen der H\u00fcetli muss man ja leider oftmals in Fortuna\u2019s H\u00e4nde legen. Das Team ging wirklich los wie die Feuerwehr, konnte sich schon fr\u00fch \u00fcber viele getroffene H\u00fcetli freuen, so dass man gegen Schluss sich wirklich fast nur noch um das Erreichen der anvisierten Runden k\u00fcmmern musste. Fazit: Ph\u00e4nomenaler Biathlon mit 13 von 15 getroffenen H\u00fcetli und 39 gelaufenen Runden! Mit 52 Punkten wurde der Biathlon mit grossem Vorsprung auf die Konkurrenz gewonnen = 1 Rangpunkt. Und siehe da: In der Zwischenrangliste lag man nach 3 von 4 Disziplinen auf dem zur Qualifikation ben\u00f6tigten 3. Platz! Jetzt galt es im Teamcross die in der Zwischenrangliste direkt hinter dem TVL liegenden Teams in Schach zu halten. Mit dieser Einstellung ging Lenny an den Start, k\u00e4mpfte zwar wie ein Stier, konnte aber nicht verhindern, dass das Team LG Solothurn West (5. Rang nach dem Biathlon) die F\u00fchrung im Team-Cross \u00fcbernahm und leider bis am Schluss behaupten konnte. Leider kam bei unserem Team auch noch ein Stabfehler bei der \u00dcbergabe dazu, was am Schluss 6 Rangpunkte ergab. Und so kam es wie es kommen musste: LG Solothurn West konnte mit dem Sieg am TVL vorbeiziehen und stiess uns mit total 18 Rangpunkten noch vom Podest. Der TVL belegte am Schluss mit 20 Rangpunkten den ausgezeichneten 4. Rang (von 19 Teams). Sehr gut! Aber leider auch \u00e4rgerlich, da bei der letzten Qualifikationsm\u00f6glichkeit in Langenthal infolge Sportferien wohl kein Team zusammengestellt werden kann.<\/p><p>Der Sonntag Nachmittag war f\u00fcr die j\u00fcngeren Athletinnen und Athleten der Alters- kategorien U10 und U12 reserviert. Der TV L\u00fctzelfl\u00fch Athletics war mit zwei U12 Mixed sowie einem U10 Mixed-Team vertreten.<\/p><p>Das U10 Mixed Team wurde von Walter B\u00fctikofer betreut. Angef\u00fchrt wurde das Team von den erfahrenen L\u00e9onie Hug, Cristina Morgenthaler, Noah van Baalen und Mehmet Atli. Weiter geh\u00f6rten auch die \u00abNewcomer\u00bb Roya Barhoumi und Kilian Dellenbach zum neuformierten Team. Alle machte ihre Sache sehr gut und am Schluss resultierte ein beachtlicher 5. Platz unter insgesamt 13 teilnehmenden Teams. Gute Ans\u00e4tze sind vorhanden, da und dort gibt es logischerweise noch ein wenig Verbesserungspotential. Wir sind gespannt, was uns die Zukunft noch f\u00fcr Resultate bringen wird&#8230;<\/p><p>Die beiden U12 Mixed Teams wurden von Nicole und Leonie Bernhard sowie Lino Stalder betreut. Dem ambitionierteren Team, bestehend aus Mira Bernhard, Nathalie Bichsel, Amelia Lopez, Sophie Hug sowie Crispin Krause und Leon Bietenharder<\/p><p>(kurzfristige Verst\u00e4rkung vom ST Bern) gelang ein sehr guter Wettkampf. Dies obwohl 2 Teammitglieder mit Jahrgang 2014 noch bei den j\u00fcngeren U10 h\u00e4tten mitwirken k\u00f6nnen. Die Disziplinen Sprung, Sprint und Biathlon konnten jeweils auf Platz 2 beendet werden. Somit konnte der abschliessende Crosslauf auf Rang 1 in Angriff genommen werden. Dieser gelang mit einem 8. Rang nicht ganz optimal. Nach Einsicht in die Schlussrangliste war die \u00dcberraschung gross, dass unser Team den 1. Rang nur \u00e4usserst knapp verpasst hatte. Nur dank einem Disziplinensieg siegte die LG Solothurn vor dem punktgleichen Team aus L\u00fctzelfl\u00fch. Herzliche Gratulation!<\/p><p>Das zweite U12 Mixed Team, bestehend aus Lindsey Sch\u00fctz, Ayleen Burkhalter, G\u00fclciya Atli, Andrin Bernhard, Janne Thye und Henri Bichsel absolvierte einen guten Wettkampf. Auch in diesem Team waren 3 Athleten dabei, welche noch in der j\u00fcngeren Alterskategorie h\u00e4tten starten k\u00f6nnen. Mit ausgeglichenen Leistungen erreichte das Team trotzdem einen 17. Schlussrang und man konnte 5 Teams hinter sich lassen.<\/p><p>Allen Wettk\u00e4mpferinnen und Wettk\u00e4mpfer herzliche Gratulation f\u00fcr die vielen tollen Leistungen.<\/p><p>05.02.2023 \/ Remo und Hanspeter<\/p>\t\t\t\t\t\t\t\t<\/div>\n\t\t\t\t<\/div>\n\t\t\t\t<div class=\"elementor-element elementor-element-c282e5e elementor-widget elementor-widget-button\" data-id=\"c282e5e\" data-element_type=\"widget\" data-e-type=\"widget\" data-widget_type=\"button.default\">\n\t\t\t\t<div class=\"elementor-widget-container\">\n\t\t\t\t\t\t\t\t\t<div class=\"elementor-button-wrapper\">\n\t\t\t\t\t<a class=\"elementor-button elementor-button-link elementor-size-sm\" href=\"https:\/\/flic.kr\/s\/aHBqjAphkn\" target=\"_blank\">\n\t\t\t\t\t\t<span class=\"elementor-button-content-wrapper\">\n\t\t\t\t\t\t\t\t\t<span class=\"elementor-button-text\">Fotos<\/span>\n\t\t\t\t\t<\/span>\n\t\t\t\t\t<\/a>\n\t\t\t\t<\/div>\n\t\t\t\t\t\t\t\t<\/div>\n\t\t\t\t<\/div>\n\t\t\t\t<div class=\"elementor-element elementor-element-dbd6b3b elementor-widget elementor-widget-button\" data-id=\"dbd6b3b\" data-element_type=\"widget\" data-e-type=\"widget\" data-widget_type=\"button.default\">\n\t\t\t\t<div class=\"elementor-widget-container\">\n\t\t\t\t\t\t\t\t\t<div class=\"elementor-button-wrapper\">\n\t\t\t\t\t<a class=\"elementor-button elementor-button-link elementor-size-sm\" href=\"https:\/\/www.tvluetzelflueh.ch\/wp_2019_PSC\/wp-content\/uploads\/2023\/02\/2023_01_22_Rangliste_UBSKCT_Thun.pdf\" target=\"_blank\">\n\t\t\t\t\t\t<span class=\"elementor-button-content-wrapper\">\n\t\t\t\t\t\t\t\t\t<span class=\"elementor-button-text\">Ranglisten UBS Kids Cup Teams<\/span>\n\t\t\t\t\t<\/span>\n\t\t\t\t\t<\/a>\n\t\t\t\t<\/div>\n\t\t\t\t\t\t\t\t<\/div>\n\t\t\t\t<\/div>\n\t\t\t\t\t<\/div>\n\t\t<\/div>\n\t\t\t\t\t<\/div>\n\t\t<\/section>\n\t\t\t\t<section class=\"elementor-section elementor-top-section elementor-element elementor-element-ee0d816 elementor-section-boxed elementor-section-height-default elementor-section-height-default\" data-id=\"ee0d816\" data-element_type=\"section\" data-e-type=\"section\">\n\t\t\t\t\t\t<div class=\"elementor-container elementor-column-gap-default\">\n\t\t\t\t\t<div class=\"elementor-column elementor-col-100 elementor-top-column elementor-element elementor-element-93cfd4f\" data-id=\"93cfd4f\" data-element_type=\"column\" data-e-type=\"column\">\n\t\t\t<div class=\"elementor-widget-wrap\">\n\t\t\t\t\t\t\t<\/div>\n\t\t<\/div>\n\t\t\t\t\t<\/div>\n\t\t<\/section>\n\t\t\t\t<\/div>\n\t\t","protected":false},"excerpt":{"rendered":"<p>Bericht Qualifikation UBS Kids Cup Teams Thun 2023 F\u00fcr die 3. Ausscheidung des UBS Kids Cup Team nahmen insgesamt 4 Teams des TV L\u00fctzelfl\u00fch Athletics teil. Am fr\u00fchen Sonntagmorgen (Besammlung war bereits um 6:00 Uhr) machte sich unter der Leitung von Remo Liechti und Nicole Bernhard das U14 Mixed Team, bestehend aus Janine Schifferli, Seraina [&hellip;]<\/p>\n","protected":false},"author":1,"featured_media":4057,"comment_status":"open","ping_status":"open","sticky":false,"template":"","format":"standard","meta":{"ocean_post_layout":"","ocean_both_sidebars_style":"","ocean_both_sidebars_content_width":0,"ocean_both_sidebars_sidebars_width":0,"ocean_sidebar":"0","ocean_second_sidebar":"0","ocean_disable_margins":"enable","ocean_add_body_class":"","ocean_shortcode_before_top_bar":"","ocean_shortcode_after_top_bar":"","ocean_shortcode_before_header":"","ocean_shortcode_after_header":"","ocean_has_shortcode":"","ocean_shortcode_after_title":"","ocean_shortcode_before_footer_widgets":"","ocean_shortcode_after_footer_widgets":"","ocean_shortcode_before_footer_bottom":"","ocean_shortcode_after_footer_bottom":"","ocean_display_top_bar":"default","ocean_display_header":"default","ocean_header_style":"","ocean_center_header_left_menu":"0","ocean_custom_header_template":"0","ocean_custom_logo":0,"ocean_custom_retina_logo":0,"ocean_custom_logo_max_width":0,"ocean_custom_logo_tablet_max_width":0,"ocean_custom_logo_mobile_max_width":0,"ocean_custom_logo_max_height":0,"ocean_custom_logo_tablet_max_height":0,"ocean_custom_logo_mobile_max_height":0,"ocean_header_custom_menu":"0","ocean_menu_typo_font_family":"0","ocean_menu_typo_font_subset":"","ocean_menu_typo_font_size":0,"ocean_menu_typo_font_size_tablet":0,"ocean_menu_typo_font_size_mobile":0,"ocean_menu_typo_font_size_unit":"px","ocean_menu_typo_font_weight":"","ocean_menu_typo_font_weight_tablet":"","ocean_menu_typo_font_weight_mobile":"","ocean_menu_typo_transform":"","ocean_menu_typo_transform_tablet":"","ocean_menu_typo_transform_mobile":"","ocean_menu_typo_line_height":0,"ocean_menu_typo_line_height_tablet":0,"ocean_menu_typo_line_height_mobile":0,"ocean_menu_typo_line_height_unit":"","ocean_menu_typo_spacing":0,"ocean_menu_typo_spacing_tablet":0,"ocean_menu_typo_spacing_mobile":0,"ocean_menu_typo_spacing_unit":"","ocean_menu_link_color":"","ocean_menu_link_color_hover":"","ocean_menu_link_color_active":"","ocean_menu_link_background":"","ocean_menu_link_hover_background":"","ocean_menu_link_active_background":"","ocean_menu_social_links_bg":"","ocean_menu_social_hover_links_bg":"","ocean_menu_social_links_color":"","ocean_menu_social_hover_links_color":"","ocean_disable_title":"default","ocean_disable_heading":"default","ocean_post_title":"","ocean_post_subheading":"","ocean_post_title_style":"","ocean_post_title_background_color":"","ocean_post_title_background":0,"ocean_post_title_bg_image_position":"","ocean_post_title_bg_image_attachment":"","ocean_post_title_bg_image_repeat":"","ocean_post_title_bg_image_size":"","ocean_post_title_height":0,"ocean_post_title_bg_overlay":0.5,"ocean_post_title_bg_overlay_color":"","ocean_disable_breadcrumbs":"default","ocean_breadcrumbs_color":"","ocean_breadcrumbs_separator_color":"","ocean_breadcrumbs_links_color":"","ocean_breadcrumbs_links_hover_color":"","ocean_display_footer_widgets":"default","ocean_display_footer_bottom":"default","ocean_custom_footer_template":"0","ocean_post_oembed":"","ocean_post_self_hosted_media":"","ocean_post_video_embed":"","ocean_link_format":"","ocean_link_format_target":"self","ocean_quote_format":"","ocean_quote_format_link":"post","ocean_gallery_link_images":"off","ocean_gallery_id":[],"footnotes":""},"categories":[1],"tags":[],"class_list":["post-4056","post","type-post","status-publish","format-standard","has-post-thumbnail","hentry","category-allgemein","entry","has-media"],"_links":{"self":[{"href":"https:\/\/www.tvluetzelflueh.ch\/wp_2019_PSC\/wp-json\/wp\/v2\/posts\/4056","targetHints":{"allow":["GET"]}}],"collection":[{"href":"https:\/\/www.tvluetzelflueh.ch\/wp_2019_PSC\/wp-json\/wp\/v2\/posts"}],"about":[{"href":"https:\/\/www.tvluetzelflueh.ch\/wp_2019_PSC\/wp-json\/wp\/v2\/types\/post"}],"author":[{"embeddable":true,"href":"https:\/\/www.tvluetzelflueh.ch\/wp_2019_PSC\/wp-json\/wp\/v2\/users\/1"}],"replies":[{"embeddable":true,"href":"https:\/\/www.tvluetzelflueh.ch\/wp_2019_PSC\/wp-json\/wp\/v2\/comments?post=4056"}],"version-history":[{"count":13,"href":"https:\/\/www.tvluetzelflueh.ch\/wp_2019_PSC\/wp-json\/wp\/v2\/posts\/4056\/revisions"}],"predecessor-version":[{"id":4071,"href":"https:\/\/www.tvluetzelflueh.ch\/wp_2019_PSC\/wp-json\/wp\/v2\/posts\/4056\/revisions\/4071"}],"wp:featuredmedia":[{"embeddable":true,"href":"https:\/\/www.tvluetzelflueh.ch\/wp_2019_PSC\/wp-json\/wp\/v2\/media\/4057"}],"wp:attachment":[{"href":"https:\/\/www.tvluetzelflueh.ch\/wp_2019_PSC\/wp-json\/wp\/v2\/media?parent=4056"}],"wp:term":[{"taxonomy":"category","embeddable":true,"href":"https:\/\/www.tvluetzelflueh.ch\/wp_2019_PSC\/wp-json\/wp\/v2\/categories?post=4056"},{"taxonomy":"post_tag","embeddable":true,"href":"https:\/\/www.tvluetzelflueh.ch\/wp_2019_PSC\/wp-json\/wp\/v2\/tags?post=4056"}],"curies":[{"name":"wp","href":"https:\/\/api.w.org\/{rel}","templated":true}]}}