{"id":4191,"date":"2023-03-26T15:38:13","date_gmt":"2023-03-26T13:38:13","guid":{"rendered":"https:\/\/www.tvluetzelflueh.ch\/wp_2019_PSC\/?p=4191"},"modified":"2023-03-26T16:01:55","modified_gmt":"2023-03-26T14:01:55","slug":"luetzufiir-2023","status":"publish","type":"post","link":"https:\/\/www.tvluetzelflueh.ch\/wp_2019_PSC\/luetzufiir-2023\/","title":{"rendered":"L\u00fctzufiir 2023"},"content":{"rendered":"\t\t<div data-elementor-type=\"wp-post\" data-elementor-id=\"4191\" class=\"elementor elementor-4191\">\n\t\t\t\t\t\t<section class=\"elementor-section elementor-top-section elementor-element elementor-element-10f89eb elementor-section-boxed elementor-section-height-default elementor-section-height-default\" data-id=\"10f89eb\" data-element_type=\"section\" data-e-type=\"section\">\n\t\t\t\t\t\t<div class=\"elementor-container elementor-column-gap-default\">\n\t\t\t\t\t<div class=\"elementor-column elementor-col-100 elementor-top-column elementor-element elementor-element-dea00c0\" data-id=\"dea00c0\" data-element_type=\"column\" data-e-type=\"column\">\n\t\t\t<div class=\"elementor-widget-wrap elementor-element-populated\">\n\t\t\t\t\t\t<div class=\"elementor-element elementor-element-2f951aa elementor-widget elementor-widget-text-editor\" data-id=\"2f951aa\" data-element_type=\"widget\" data-e-type=\"widget\" data-widget_type=\"text-editor.default\">\n\t\t\t\t<div class=\"elementor-widget-container\">\n\t\t\t\t\t\t\t\t\t<p><strong>L\u00fctzufiir 2023<br \/><\/strong><\/p><p>Am Freitagabend des 24.03.2023 fand die von der Tourismus- und Kulturkommission L\u00fctzelfl\u00fch ins Leben gerufene &#8222;L\u00fctzufiir 2023&#8220; statt. Auch diesmal wieder in der Mehrzweckhalle Gr\u00fcnenmatt. Mit dieser Feier werden besondere Leistungen in den Bereichen Kultur, Beruf, Gewerbe und Sport geehrt. Ebenso werden die vielen ehrenamtlichen Leistungen in den vielen Vereinen gew\u00fcrdigt.<\/p><p>Auch in diesem Jahr standen Mitglieder des TV L\u00fctzelfl\u00fch Athletics auf der B\u00fchne.<\/p><p>Zum einen war dies Christoph &#8222;B\u00f6fu&#8220; Sch\u00f6ni. B\u00f6fu wurde f\u00fcr seine langj\u00e4hrige Arbeit f\u00fcr unseren Verein, aber vorallem auch f\u00fcr seine ehrenamtliche Arbeit f\u00fcr den Jugendsport in unserer Gemeinde geehrt. F\u00fcr seine unz\u00e4hligen ehrenamtlichen Stunden, die er f\u00fcr die sportlichen T\u00e4tigkeiten der Jugendlichen eingesetzt hat.<\/p><p>Mit ihm auf der B\u00fchne wurde auch Hans Schlegel, Ehrenmitglied des TVL geehrt. Dies f\u00fcr seine Arbeit f\u00fcr die Kultur in der Gemeinde.<\/p><p>Im Bereich &#8222;sportliche Leistungen&#8220; wurden in diesem Jahr Julia Gygax (U16) und Colin Eggimann (U14) geehrt. Julia wurde f\u00fcr ihren ersten Platz am Emmenlauf 2022 \u00fcber 3 Kilometer ausgezeichnet. Colin wurde f\u00fcr seine Leistungen im Ballwurf und Kids Cup ausgezeichnet, mit dem er es auf die BLV Bestenliste geschafft hat.<\/p><p>Der Abend wurde abgerundet mit diversen weiteren Ehungen, Musik und einem anschliessenden Ap\u00e9ro. Es war durchaus ein gelungener Abend und f\u00fcr die Ausgezeichneten sicher ein sch\u00f6nes Erlebnis. Der Dank geb\u00fchrt den Organisatioren des Anlasses.<\/p><p>F\u00fcr einzelne Teilnehmer des TVL war der Abend aber fr\u00fch zu Ende, da am n\u00e4chsten Morgen bereits um 5.30 Uhr Treffpunkt f\u00fcr die Fahrt nach Yverdon war, dem Schweizer Final des UBS Kids Cup Teams.<\/p><p>26.03.2023 \/ P\u00e4scu<\/p>\t\t\t\t\t\t\t\t<\/div>\n\t\t\t\t<\/div>\n\t\t\t\t\t<\/div>\n\t\t<\/div>\n\t\t\t\t\t<\/div>\n\t\t<\/section>\n\t\t\t\t<section class=\"elementor-section elementor-top-section elementor-element elementor-element-3b99c5d elementor-section-boxed elementor-section-height-default elementor-section-height-default\" data-id=\"3b99c5d\" data-element_type=\"section\" data-e-type=\"section\">\n\t\t\t\t\t\t<div class=\"elementor-container elementor-column-gap-default\">\n\t\t\t\t\t<div class=\"elementor-column elementor-col-100 elementor-top-column elementor-element elementor-element-bfc7c01\" data-id=\"bfc7c01\" data-element_type=\"column\" data-e-type=\"column\">\n\t\t\t<div class=\"elementor-widget-wrap elementor-element-populated\">\n\t\t\t\t\t\t<div class=\"elementor-element elementor-element-0751fd8 elementor-widget elementor-widget-image\" data-id=\"0751fd8\" data-element_type=\"widget\" data-e-type=\"widget\" data-widget_type=\"image.default\">\n\t\t\t\t<div class=\"elementor-widget-container\">\n\t\t\t\t\t\t\t\t\t\t\t\t\t\t\t<img fetchpriority=\"high\" decoding=\"async\" width=\"1024\" height=\"692\" src=\"https:\/\/www.tvluetzelflueh.ch\/wp_2019_PSC\/wp-content\/uploads\/2023\/03\/IMG-20230326-WA0001-1024x692.jpg\" class=\"attachment-large size-large wp-image-4194\" alt=\"\" srcset=\"https:\/\/www.tvluetzelflueh.ch\/wp_2019_PSC\/wp-content\/uploads\/2023\/03\/IMG-20230326-WA0001-1024x692.jpg 1024w, https:\/\/www.tvluetzelflueh.ch\/wp_2019_PSC\/wp-content\/uploads\/2023\/03\/IMG-20230326-WA0001-300x203.jpg 300w, https:\/\/www.tvluetzelflueh.ch\/wp_2019_PSC\/wp-content\/uploads\/2023\/03\/IMG-20230326-WA0001-768x519.jpg 768w, https:\/\/www.tvluetzelflueh.ch\/wp_2019_PSC\/wp-content\/uploads\/2023\/03\/IMG-20230326-WA0001-1536x1038.jpg 1536w, https:\/\/www.tvluetzelflueh.ch\/wp_2019_PSC\/wp-content\/uploads\/2023\/03\/IMG-20230326-WA0001.jpg 1798w\" sizes=\"(max-width: 1024px) 100vw, 1024px\" \/>\t\t\t\t\t\t\t\t\t\t\t\t\t\t\t<\/div>\n\t\t\t\t<\/div>\n\t\t\t\t\t<\/div>\n\t\t<\/div>\n\t\t\t\t\t<\/div>\n\t\t<\/section>\n\t\t\t\t<section class=\"elementor-section elementor-top-section elementor-element elementor-element-ee0d816 elementor-section-boxed elementor-section-height-default elementor-section-height-default\" data-id=\"ee0d816\" data-element_type=\"section\" data-e-type=\"section\">\n\t\t\t\t\t\t<div class=\"elementor-container elementor-column-gap-default\">\n\t\t\t\t\t<div class=\"elementor-column elementor-col-100 elementor-top-column elementor-element elementor-element-93cfd4f\" data-id=\"93cfd4f\" data-element_type=\"column\" data-e-type=\"column\">\n\t\t\t<div class=\"elementor-widget-wrap\">\n\t\t\t\t\t\t\t<\/div>\n\t\t<\/div>\n\t\t\t\t\t<\/div>\n\t\t<\/section>\n\t\t\t\t<\/div>\n\t\t","protected":false},"excerpt":{"rendered":"<p>L\u00fctzufiir 2023 Am Freitagabend des 24.03.2023 fand die von der Tourismus- und Kulturkommission L\u00fctzelfl\u00fch ins Leben gerufene &#8222;L\u00fctzufiir 2023&#8220; statt. Auch diesmal wieder in der Mehrzweckhalle Gr\u00fcnenmatt. Mit dieser Feier werden besondere Leistungen in den Bereichen Kultur, Beruf, Gewerbe und Sport geehrt. Ebenso werden die vielen ehrenamtlichen Leistungen in den vielen Vereinen gew\u00fcrdigt. Auch in [&hellip;]<\/p>\n","protected":false},"author":1,"featured_media":4192,"comment_status":"open","ping_status":"open","sticky":false,"template":"","format":"standard","meta":{"ocean_post_layout":"","ocean_both_sidebars_style":"","ocean_both_sidebars_content_width":0,"ocean_both_sidebars_sidebars_width":0,"ocean_sidebar":"0","ocean_second_sidebar":"0","ocean_disable_margins":"enable","ocean_add_body_class":"","ocean_shortcode_before_top_bar":"","ocean_shortcode_after_top_bar":"","ocean_shortcode_before_header":"","ocean_shortcode_after_header":"","ocean_has_shortcode":"","ocean_shortcode_after_title":"","ocean_shortcode_before_footer_widgets":"","ocean_shortcode_after_footer_widgets":"","ocean_shortcode_before_footer_bottom":"","ocean_shortcode_after_footer_bottom":"","ocean_display_top_bar":"default","ocean_display_header":"default","ocean_header_style":"","ocean_center_header_left_menu":"0","ocean_custom_header_template":"0","ocean_custom_logo":0,"ocean_custom_retina_logo":0,"ocean_custom_logo_max_width":0,"ocean_custom_logo_tablet_max_width":0,"ocean_custom_logo_mobile_max_width":0,"ocean_custom_logo_max_height":0,"ocean_custom_logo_tablet_max_height":0,"ocean_custom_logo_mobile_max_height":0,"ocean_header_custom_menu":"0","ocean_menu_typo_font_family":"0","ocean_menu_typo_font_subset":"","ocean_menu_typo_font_size":0,"ocean_menu_typo_font_size_tablet":0,"ocean_menu_typo_font_size_mobile":0,"ocean_menu_typo_font_size_unit":"px","ocean_menu_typo_font_weight":"","ocean_menu_typo_font_weight_tablet":"","ocean_menu_typo_font_weight_mobile":"","ocean_menu_typo_transform":"","ocean_menu_typo_transform_tablet":"","ocean_menu_typo_transform_mobile":"","ocean_menu_typo_line_height":0,"ocean_menu_typo_line_height_tablet":0,"ocean_menu_typo_line_height_mobile":0,"ocean_menu_typo_line_height_unit":"","ocean_menu_typo_spacing":0,"ocean_menu_typo_spacing_tablet":0,"ocean_menu_typo_spacing_mobile":0,"ocean_menu_typo_spacing_unit":"","ocean_menu_link_color":"","ocean_menu_link_color_hover":"","ocean_menu_link_color_active":"","ocean_menu_link_background":"","ocean_menu_link_hover_background":"","ocean_menu_link_active_background":"","ocean_menu_social_links_bg":"","ocean_menu_social_hover_links_bg":"","ocean_menu_social_links_color":"","ocean_menu_social_hover_links_color":"","ocean_disable_title":"default","ocean_disable_heading":"default","ocean_post_title":"","ocean_post_subheading":"","ocean_post_title_style":"","ocean_post_title_background_color":"","ocean_post_title_background":0,"ocean_post_title_bg_image_position":"","ocean_post_title_bg_image_attachment":"","ocean_post_title_bg_image_repeat":"","ocean_post_title_bg_image_size":"","ocean_post_title_height":0,"ocean_post_title_bg_overlay":0.5,"ocean_post_title_bg_overlay_color":"","ocean_disable_breadcrumbs":"default","ocean_breadcrumbs_color":"","ocean_breadcrumbs_separator_color":"","ocean_breadcrumbs_links_color":"","ocean_breadcrumbs_links_hover_color":"","ocean_display_footer_widgets":"default","ocean_display_footer_bottom":"default","ocean_custom_footer_template":"0","ocean_post_oembed":"","ocean_post_self_hosted_media":"","ocean_post_video_embed":"","ocean_link_format":"","ocean_link_format_target":"self","ocean_quote_format":"","ocean_quote_format_link":"post","ocean_gallery_link_images":"off","ocean_gallery_id":[],"footnotes":""},"categories":[1],"tags":[],"class_list":["post-4191","post","type-post","status-publish","format-standard","has-post-thumbnail","hentry","category-allgemein","entry","has-media"],"_links":{"self":[{"href":"https:\/\/www.tvluetzelflueh.ch\/wp_2019_PSC\/wp-json\/wp\/v2\/posts\/4191","targetHints":{"allow":["GET"]}}],"collection":[{"href":"https:\/\/www.tvluetzelflueh.ch\/wp_2019_PSC\/wp-json\/wp\/v2\/posts"}],"about":[{"href":"https:\/\/www.tvluetzelflueh.ch\/wp_2019_PSC\/wp-json\/wp\/v2\/types\/post"}],"author":[{"embeddable":true,"href":"https:\/\/www.tvluetzelflueh.ch\/wp_2019_PSC\/wp-json\/wp\/v2\/users\/1"}],"replies":[{"embeddable":true,"href":"https:\/\/www.tvluetzelflueh.ch\/wp_2019_PSC\/wp-json\/wp\/v2\/comments?post=4191"}],"version-history":[{"count":5,"href":"https:\/\/www.tvluetzelflueh.ch\/wp_2019_PSC\/wp-json\/wp\/v2\/posts\/4191\/revisions"}],"predecessor-version":[{"id":4198,"href":"https:\/\/www.tvluetzelflueh.ch\/wp_2019_PSC\/wp-json\/wp\/v2\/posts\/4191\/revisions\/4198"}],"wp:featuredmedia":[{"embeddable":true,"href":"https:\/\/www.tvluetzelflueh.ch\/wp_2019_PSC\/wp-json\/wp\/v2\/media\/4192"}],"wp:attachment":[{"href":"https:\/\/www.tvluetzelflueh.ch\/wp_2019_PSC\/wp-json\/wp\/v2\/media?parent=4191"}],"wp:term":[{"taxonomy":"category","embeddable":true,"href":"https:\/\/www.tvluetzelflueh.ch\/wp_2019_PSC\/wp-json\/wp\/v2\/categories?post=4191"},{"taxonomy":"post_tag","embeddable":true,"href":"https:\/\/www.tvluetzelflueh.ch\/wp_2019_PSC\/wp-json\/wp\/v2\/tags?post=4191"}],"curies":[{"name":"wp","href":"https:\/\/api.w.org\/{rel}","templated":true}]}}