{"id":4243,"date":"2023-04-02T19:19:04","date_gmt":"2023-04-02T17:19:04","guid":{"rendered":"https:\/\/www.tvluetzelflueh.ch\/wp_2019_PSC\/?p=4243"},"modified":"2023-04-02T19:30:55","modified_gmt":"2023-04-02T17:30:55","slug":"quer-duer-wohle-2023","status":"publish","type":"post","link":"https:\/\/www.tvluetzelflueh.ch\/wp_2019_PSC\/quer-duer-wohle-2023\/","title":{"rendered":"Quer d\u00fcr Wohle 2023"},"content":{"rendered":"\t\t<div data-elementor-type=\"wp-post\" data-elementor-id=\"4243\" class=\"elementor elementor-4243\">\n\t\t\t\t\t\t<section class=\"elementor-section elementor-top-section elementor-element elementor-element-10f89eb elementor-section-boxed elementor-section-height-default elementor-section-height-default\" data-id=\"10f89eb\" data-element_type=\"section\" data-e-type=\"section\">\n\t\t\t\t\t\t<div class=\"elementor-container elementor-column-gap-default\">\n\t\t\t\t\t<div class=\"elementor-column elementor-col-100 elementor-top-column elementor-element elementor-element-dea00c0\" data-id=\"dea00c0\" data-element_type=\"column\" data-e-type=\"column\">\n\t\t\t<div class=\"elementor-widget-wrap elementor-element-populated\">\n\t\t\t\t\t\t<div class=\"elementor-element elementor-element-2f951aa elementor-widget elementor-widget-text-editor\" data-id=\"2f951aa\" data-element_type=\"widget\" data-e-type=\"widget\" data-widget_type=\"text-editor.default\">\n\t\t\t\t<div class=\"elementor-widget-container\">\n\t\t\t\t\t\t\t\t\t<p><strong>Bericht Quer d\u00fcr Wohle 2023<\/strong><\/p><p><strong>Sieg der Piccolo Mixed und insgesamt 7 Podestpl\u00e4tze beim \u00abQuer d\u00fcr Wohle\u00bb<\/strong><\/p><p>Mit insgesamt 5 Staffeln trat der TV L\u00fctzelfl\u00fch Athletics in Wohlen zur traditionellen Saisoner\u00f6ffnung beim \u00abQuer durch Wohlen\u00bb an. Leider musste die U16 Staffel aus Krankheits- und Unfallgr\u00fcnden zur\u00fcckgezogen werden. Normalerweise findet der Wettkampf ganz am Ende des Monats M\u00e4rz statt. Dieses Jahr fiel das Datum auf den 1.April. Das Wetter machte diesem Datum alle Ehre. Es war kalt, windig und zeitweise regnerisch. Also gesamthaft Bedingungen welche insbesondere Staffell\u00e4ufern mit Wartezeiten an den verschiedenen \u00dcbergabeorten nicht gerne haben.<\/p><p>Die insgesamt 25 Athletinnen und Athleten wurden durch Nicole Bernhard, Martina Kuhn, Lino Stalder, Peter Galli und Hanspeter W\u00fcthrich betreut.<\/p><p>Als erste waren unsere Piccolo Mixed (Jg. 2014 und j\u00fcnger) an der Reihe. In der Zusammensetzung Valentina Mosimann, Sophie Hug, Andrin Bernhard, Lina R\u00fcfenacht und Ziva Lehmann, war unsere Staffel nicht zu schlagen und erreichte den umjubelten ersten Platz vor dem TV Bolligen und SK Langnau. Die zweite Staffel mit L\u00e9onie Hug, Marlon Galli, Cristina Morgenthaler, Mehmet Atli und Roya Barhoumi platzierte sich im 8. Rang von insgesamt 13 Staffeln.<\/p><p>Bei den Sch\u00fclern B Mixed (Jg. 2012 und 2013) waren ebenfalls 2 Staffeln des TV L\u00fctzelfl\u00fch Athletics am Start. In der Zusammensetzung Crispin Krause, Lindsey Sch\u00fctz, Mira Bernhard, Giuliano Mosimann und Alissa R\u00fcfenacht verfehlte dieses Team das Podest zeitlich nur knapp und klassierte sich im 5. Rang. Das 2. Team mit Ayleen Burkhalter, Amelia Lopez, G\u00fclciya Atli, Elliane Suter und Elea Hausammann absolvierte ebenfalls einen sehr guten Wettkampf und klassierte sich auf dem 8. Rang von insgesamt 14 Staffeln.<\/p><p>In der Kategorie Sch\u00fcler Mixed A (Jg. 2010 und 2011) verfehlte unser Team mit Lenny Hug, Leonie Bernhard, Adrian Fl\u00fckiger, Seraina Sch\u00fctz und Janine Schifferli das Podest ebenfalls nur \u00e4usserst knapp und erreichte den undankbaren 4. Rang.<\/p><p>Bei den Einzelrennen \u00fcber einen Kilometer erreichte der TV L\u00fctzelfl\u00fch Athletics hervorragende Resultate und insgesamt 7 Podestpl\u00e4tze. Bei den \u00abPiccolos m\u00e4nnlich\u00bb gelang Marlon Galli ein super Lauf und lief mit nur 1,5 sek. R\u00fcckstand auf den Sieger als Zweiter in Ziel. Mehmet Atli wurde als 15. klassiert. Bei den \u00abPiccolos weiblich\u00bb wurden Valentina Mosimann und Lina R\u00fcfenacht nur von einer Konkurrentin geschlagen und wurden hervorragende 2. und 3.<\/p><p>Top Ten Klassierungen erreichten Ziva Lehmann als 5. und Elea Hausammann als 9. Weitere gute Resultate erzielten Sophie Hug als 13., sowie Cristina Morgenthaler und L\u00e9onie Hug als 21. bzw. 28.<\/p><p>In der Kategorie Sch\u00fclerinnen B wurden Alissa R\u00fcfenacht starke Dritte vor Mira Bernhard auf dem undankbaren 4. Rang. Ayleen Burkhalter verpasste die Top Ten um 0,4 sek. und wurde gute 11. Lindsey Sch\u00fctz und G\u00fclciya Atli wurden 16. bzw. 23. In der gleichen Altersklasse bei den Jungs erreichte Crispin Krause den guten 6. Rang und Giuliano Mosimann klassierte sich im 17. Rang.<\/p><p>Nur noch Podestpl\u00e4tze f\u00fcr den TV L\u00fctzelfl\u00fch Athletics gab es bei den Sch\u00fclerinnen und Sch\u00fcler A: Janine Schifferli und Seraina Sch\u00fctz wurden hervorragende 2. und 3. Lenny Hug erk\u00e4mpfte sich ebenfalls einen ungef\u00e4hrdeten 3. Rang nur sehr knapp hinter dem Kategorienzweiten.<\/p><p>Herzliche Gratulation f\u00fcr all diese ausgezeichneten Leistungen bei diesen misslichen Wetterbedingungen w\u00e4hrend des ganzen Anlasses.<\/p><p>02.04.2023 \/ Hanspeter<\/p>\t\t\t\t\t\t\t\t<\/div>\n\t\t\t\t<\/div>\n\t\t\t\t<div class=\"elementor-element elementor-element-dbd6b3b elementor-widget elementor-widget-button\" data-id=\"dbd6b3b\" data-element_type=\"widget\" data-e-type=\"widget\" data-widget_type=\"button.default\">\n\t\t\t\t<div class=\"elementor-widget-container\">\n\t\t\t\t\t\t\t\t\t<div class=\"elementor-button-wrapper\">\n\t\t\t\t\t<a class=\"elementor-button elementor-button-link elementor-size-sm\" href=\"http:\/\/www.lac-wohlen.ch\/images\/Rangliste\/Rangliste_2023.pdf\" target=\"_blank\">\n\t\t\t\t\t\t<span class=\"elementor-button-content-wrapper\">\n\t\t\t\t\t\t\t\t\t<span class=\"elementor-button-text\">Ranglisten<\/span>\n\t\t\t\t\t<\/span>\n\t\t\t\t\t<\/a>\n\t\t\t\t<\/div>\n\t\t\t\t\t\t\t\t<\/div>\n\t\t\t\t<\/div>\n\t\t\t\t<div class=\"elementor-element elementor-element-c282e5e elementor-widget elementor-widget-button\" data-id=\"c282e5e\" data-element_type=\"widget\" data-e-type=\"widget\" data-widget_type=\"button.default\">\n\t\t\t\t<div class=\"elementor-widget-container\">\n\t\t\t\t\t\t\t\t\t<div class=\"elementor-button-wrapper\">\n\t\t\t\t\t<a class=\"elementor-button elementor-button-link elementor-size-sm\" href=\"https:\/\/flic.kr\/s\/aHBqjAycxJ\" target=\"_blank\">\n\t\t\t\t\t\t<span class=\"elementor-button-content-wrapper\">\n\t\t\t\t\t\t\t\t\t<span class=\"elementor-button-text\">Fotos<\/span>\n\t\t\t\t\t<\/span>\n\t\t\t\t\t<\/a>\n\t\t\t\t<\/div>\n\t\t\t\t\t\t\t\t<\/div>\n\t\t\t\t<\/div>\n\t\t\t\t\t<\/div>\n\t\t<\/div>\n\t\t\t\t\t<\/div>\n\t\t<\/section>\n\t\t\t\t<section class=\"elementor-section elementor-top-section elementor-element elementor-element-ee0d816 elementor-section-boxed elementor-section-height-default elementor-section-height-default\" data-id=\"ee0d816\" data-element_type=\"section\" data-e-type=\"section\">\n\t\t\t\t\t\t<div class=\"elementor-container elementor-column-gap-default\">\n\t\t\t\t\t<div class=\"elementor-column elementor-col-100 elementor-top-column elementor-element elementor-element-93cfd4f\" data-id=\"93cfd4f\" data-element_type=\"column\" data-e-type=\"column\">\n\t\t\t<div class=\"elementor-widget-wrap\">\n\t\t\t\t\t\t\t<\/div>\n\t\t<\/div>\n\t\t\t\t\t<\/div>\n\t\t<\/section>\n\t\t\t\t<\/div>\n\t\t","protected":false},"excerpt":{"rendered":"<p>Bericht Quer d\u00fcr Wohle 2023 Sieg der Piccolo Mixed und insgesamt 7 Podestpl\u00e4tze beim \u00abQuer d\u00fcr Wohle\u00bb Mit insgesamt 5 Staffeln trat der TV L\u00fctzelfl\u00fch Athletics in Wohlen zur traditionellen Saisoner\u00f6ffnung beim \u00abQuer durch Wohlen\u00bb an. Leider musste die U16 Staffel aus Krankheits- und Unfallgr\u00fcnden zur\u00fcckgezogen werden. Normalerweise findet der Wettkampf ganz am Ende des [&hellip;]<\/p>\n","protected":false},"author":1,"featured_media":4244,"comment_status":"open","ping_status":"open","sticky":false,"template":"","format":"standard","meta":{"ocean_post_layout":"","ocean_both_sidebars_style":"","ocean_both_sidebars_content_width":0,"ocean_both_sidebars_sidebars_width":0,"ocean_sidebar":"0","ocean_second_sidebar":"0","ocean_disable_margins":"enable","ocean_add_body_class":"","ocean_shortcode_before_top_bar":"","ocean_shortcode_after_top_bar":"","ocean_shortcode_before_header":"","ocean_shortcode_after_header":"","ocean_has_shortcode":"","ocean_shortcode_after_title":"","ocean_shortcode_before_footer_widgets":"","ocean_shortcode_after_footer_widgets":"","ocean_shortcode_before_footer_bottom":"","ocean_shortcode_after_footer_bottom":"","ocean_display_top_bar":"default","ocean_display_header":"default","ocean_header_style":"","ocean_center_header_left_menu":"0","ocean_custom_header_template":"0","ocean_custom_logo":0,"ocean_custom_retina_logo":0,"ocean_custom_logo_max_width":0,"ocean_custom_logo_tablet_max_width":0,"ocean_custom_logo_mobile_max_width":0,"ocean_custom_logo_max_height":0,"ocean_custom_logo_tablet_max_height":0,"ocean_custom_logo_mobile_max_height":0,"ocean_header_custom_menu":"0","ocean_menu_typo_font_family":"0","ocean_menu_typo_font_subset":"","ocean_menu_typo_font_size":0,"ocean_menu_typo_font_size_tablet":0,"ocean_menu_typo_font_size_mobile":0,"ocean_menu_typo_font_size_unit":"px","ocean_menu_typo_font_weight":"","ocean_menu_typo_font_weight_tablet":"","ocean_menu_typo_font_weight_mobile":"","ocean_menu_typo_transform":"","ocean_menu_typo_transform_tablet":"","ocean_menu_typo_transform_mobile":"","ocean_menu_typo_line_height":0,"ocean_menu_typo_line_height_tablet":0,"ocean_menu_typo_line_height_mobile":0,"ocean_menu_typo_line_height_unit":"","ocean_menu_typo_spacing":0,"ocean_menu_typo_spacing_tablet":0,"ocean_menu_typo_spacing_mobile":0,"ocean_menu_typo_spacing_unit":"","ocean_menu_link_color":"","ocean_menu_link_color_hover":"","ocean_menu_link_color_active":"","ocean_menu_link_background":"","ocean_menu_link_hover_background":"","ocean_menu_link_active_background":"","ocean_menu_social_links_bg":"","ocean_menu_social_hover_links_bg":"","ocean_menu_social_links_color":"","ocean_menu_social_hover_links_color":"","ocean_disable_title":"default","ocean_disable_heading":"default","ocean_post_title":"","ocean_post_subheading":"","ocean_post_title_style":"","ocean_post_title_background_color":"","ocean_post_title_background":0,"ocean_post_title_bg_image_position":"","ocean_post_title_bg_image_attachment":"","ocean_post_title_bg_image_repeat":"","ocean_post_title_bg_image_size":"","ocean_post_title_height":0,"ocean_post_title_bg_overlay":0.5,"ocean_post_title_bg_overlay_color":"","ocean_disable_breadcrumbs":"default","ocean_breadcrumbs_color":"","ocean_breadcrumbs_separator_color":"","ocean_breadcrumbs_links_color":"","ocean_breadcrumbs_links_hover_color":"","ocean_display_footer_widgets":"default","ocean_display_footer_bottom":"default","ocean_custom_footer_template":"0","ocean_post_oembed":"","ocean_post_self_hosted_media":"","ocean_post_video_embed":"","ocean_link_format":"","ocean_link_format_target":"self","ocean_quote_format":"","ocean_quote_format_link":"post","ocean_gallery_link_images":"off","ocean_gallery_id":[],"footnotes":""},"categories":[1],"tags":[],"class_list":["post-4243","post","type-post","status-publish","format-standard","has-post-thumbnail","hentry","category-allgemein","entry","has-media"],"_links":{"self":[{"href":"https:\/\/www.tvluetzelflueh.ch\/wp_2019_PSC\/wp-json\/wp\/v2\/posts\/4243","targetHints":{"allow":["GET"]}}],"collection":[{"href":"https:\/\/www.tvluetzelflueh.ch\/wp_2019_PSC\/wp-json\/wp\/v2\/posts"}],"about":[{"href":"https:\/\/www.tvluetzelflueh.ch\/wp_2019_PSC\/wp-json\/wp\/v2\/types\/post"}],"author":[{"embeddable":true,"href":"https:\/\/www.tvluetzelflueh.ch\/wp_2019_PSC\/wp-json\/wp\/v2\/users\/1"}],"replies":[{"embeddable":true,"href":"https:\/\/www.tvluetzelflueh.ch\/wp_2019_PSC\/wp-json\/wp\/v2\/comments?post=4243"}],"version-history":[{"count":11,"href":"https:\/\/www.tvluetzelflueh.ch\/wp_2019_PSC\/wp-json\/wp\/v2\/posts\/4243\/revisions"}],"predecessor-version":[{"id":4255,"href":"https:\/\/www.tvluetzelflueh.ch\/wp_2019_PSC\/wp-json\/wp\/v2\/posts\/4243\/revisions\/4255"}],"wp:featuredmedia":[{"embeddable":true,"href":"https:\/\/www.tvluetzelflueh.ch\/wp_2019_PSC\/wp-json\/wp\/v2\/media\/4244"}],"wp:attachment":[{"href":"https:\/\/www.tvluetzelflueh.ch\/wp_2019_PSC\/wp-json\/wp\/v2\/media?parent=4243"}],"wp:term":[{"taxonomy":"category","embeddable":true,"href":"https:\/\/www.tvluetzelflueh.ch\/wp_2019_PSC\/wp-json\/wp\/v2\/categories?post=4243"},{"taxonomy":"post_tag","embeddable":true,"href":"https:\/\/www.tvluetzelflueh.ch\/wp_2019_PSC\/wp-json\/wp\/v2\/tags?post=4243"}],"curies":[{"name":"wp","href":"https:\/\/api.w.org\/{rel}","templated":true}]}}