{"id":4511,"date":"2023-06-25T22:21:40","date_gmt":"2023-06-25T20:21:40","guid":{"rendered":"https:\/\/www.tvluetzelflueh.ch\/wp_2019_PSC\/?p=4511"},"modified":"2023-06-25T22:22:21","modified_gmt":"2023-06-25T20:22:21","slug":"ubs-kids-cup-langenthal-2023","status":"publish","type":"post","link":"https:\/\/www.tvluetzelflueh.ch\/wp_2019_PSC\/ubs-kids-cup-langenthal-2023\/","title":{"rendered":"UBS Kids Cup Langenthal 2023"},"content":{"rendered":"\t\t<div data-elementor-type=\"wp-post\" data-elementor-id=\"4511\" class=\"elementor elementor-4511\">\n\t\t\t\t\t\t<section class=\"elementor-section elementor-top-section elementor-element elementor-element-10f89eb elementor-section-boxed elementor-section-height-default elementor-section-height-default\" data-id=\"10f89eb\" data-element_type=\"section\" data-e-type=\"section\">\n\t\t\t\t\t\t<div class=\"elementor-container elementor-column-gap-default\">\n\t\t\t\t\t<div class=\"elementor-column elementor-col-100 elementor-top-column elementor-element elementor-element-dea00c0\" data-id=\"dea00c0\" data-element_type=\"column\" data-e-type=\"column\">\n\t\t\t<div class=\"elementor-widget-wrap elementor-element-populated\">\n\t\t\t\t\t\t<div class=\"elementor-element elementor-element-2f951aa elementor-widget elementor-widget-text-editor\" data-id=\"2f951aa\" data-element_type=\"widget\" data-e-type=\"widget\" data-widget_type=\"text-editor.default\">\n\t\t\t\t<div class=\"elementor-widget-container\">\n\t\t\t\t\t\t\t\t\t<p><strong>Bericht UBS Kids Cup Langenthal 2023<\/strong><\/p><p><em>Von Lino Stalder<\/em><\/p><p>Am Samstag den 24.06.2023 ging es f\u00fcr 19 Athletinnen und Athleten nach Langenthal zu einer weiteren lokalen Ausscheidung des UBS Kids Cup. Bei sonnigen und windigen Verh\u00e4ltnissen erreichte der TVL insgesamt drei Podestpl\u00e4tze und viele weitere sehr gute Leistungen. Betreut wurden die Kinder von Martina Kuhn, Nicole Bernhard, Leonie Bernhard, Pascal Sch\u00e4kel und Lino Stalder.<\/p><p>08:40, Zeit f\u00fcr die Abfahrt in L\u00fctzelfl\u00fch, ausnahmsweise einmal nicht mit dem Vereinsbus, sondern mit mehreren Autos, ging es f\u00fcr die U10 und U12 los in Richtung Langenthal. Dort angekommen, suchten sich alle erst mal ein sch\u00f6nes Pl\u00e4tzchen auf der Trib\u00fcne, der Sportanlage Hard. Nach mehreren Versuchen und einem kleinen Durcheinander, bekamen wird aber alle Startnummern, welche dann verteilt wurden. Sp\u00e4ter reisten auch noch die U14 und U16 nach Langenthal an.<\/p><p>So ging es nun los mit dem Wettkampf. Dreiviertelstunden vor der ersten Disziplin mussten sich die Kinder zum Appell auffinden. Dort wurde dann auf die Vollz\u00e4hligkeit \u00fcberpr\u00fcft und anschliessend ein cooles Einw\u00e4rmen gemacht. Danach ging es zuerst los mit dem 60 Meter Sprint. Als zweite Disziplin war auch schon der Zonenweitsprung an der Reihe. Als letzte Disziplin ging es noch zum 200 Gramm Ballweitwurf. Die Rangverk\u00fcndigungen waren immer fortlaufend, nachdem zwei Kategorien alle drei Disziplinen beendet hatten. Leider gab es keine Medaillen daf\u00fcr ein Diplom und ein Schoggist\u00e4ngeli. \u00a0<\/p><p>\ud83e\udd47 <strong>Valentina Mosimann<\/strong> konnte sich gegen alle anderen Athletinnen ihrer Kategorie W9 durchsetzen und das <strong>1. Rang<\/strong> Diplom entgegen nehmen, mit insgesamt 1.237 Punkten. Den 60 Meter Sprint rannte sie in sehr schnellen 9.59 Sekunden, den 200 Gramm Ball warf sie unglaubliche 24.07 Meter weit und im Weitsprung erreichte sie eine super Weite von 3.74 Meter. In allen drei Disziplinen war sie die glorreiche Disziplinen Siegerin.<\/p><p>\ud83e\udd48 <strong>Janik Eggimann<\/strong> erreichte den sehr guten <strong>2. Rang<\/strong> mit Total 1.976 Punkten in seiner Kategorie M15. Die 60 Meter rannte er in unglaublich schnellen 7.97 Sekunden, nach einem starken Wurf landete der Weitwurfball auf einer Entfernung von gigantischen 57.05 Metern und sehr starke 5.16 Meter weit, konnte er im Weitsprung springen. In allen Disziplinen erzielte er immer den super 2. Rang.<\/p><p>\ud83e\udd49 <strong>Crispin Krause<\/strong> gelang es den tollen <strong>3. Rang<\/strong> mit gesamthaft 1.287 Punkten zu erreichen, in der Kategorie M11. Im 60 Meter Sprint, ben\u00f6tigte er gerade mal sagenhafte 8.93 Sekunden. Den Ball konnte er trotz Gegenwind, unfassbare 31.50 Meter weit werfen und im Weitsprung sprang er unfassbare 4.28 Meter. Im Sprint und im Weitsprung war er der dritt Beste von der ganzen Kategorie.<\/p><p><strong>Weitere sehr gute Rangierungen erreichten:<\/strong><\/p><p><strong>Nils Sch\u00e4kel, 5. Rang<\/strong><\/p><p><strong>Riana Govindasamy, 6. Rang<\/strong><\/p><p><strong>Giuliano Mosimann, 6. Rang<\/strong><\/p><p><strong>Jonas B\u00e4rtschi, 6. Rang<\/strong><\/p><p><strong>Sophie Hug, 9. Rang<\/strong><\/p><p><strong>Amelia Lopez, 9. Rang<\/strong><\/p><p><strong>Colin Eggimann, 10. Rang<\/strong><\/p><p><strong>Marlon Galli, 11. Rang<\/strong><\/p><p><strong>Mira Bernhard, 13. Rang<\/strong><\/p><p><strong>Lenny Hug, 13. Rang<\/strong><\/p><p><strong>Mehmet Atli, 15. Rang<\/strong><\/p><p><strong>Jael Eggimann, 16. Rang<\/strong><\/p><p><strong>Janine Schifferli, 17. Rang<\/strong><\/p><p><strong>Elea Hausammann, 33. Rang<\/strong><\/p><p><strong>L\u00e9onie Hug, 36. Rang<\/strong><\/p><p><strong>G\u00fclciya Atli, 37. Rang<\/strong><\/p><p>Vielen Dank an alle Athletinnen und Athleten und herzliche Gratulation zu den tollen Leistungen. Herzlichen Dank auch dem LV Langenthal f\u00fcr das Organisieren von diesem UBS Kids Cup.<\/p>\t\t\t\t\t\t\t\t<\/div>\n\t\t\t\t<\/div>\n\t\t\t\t<div class=\"elementor-element elementor-element-dbd6b3b elementor-widget elementor-widget-button\" data-id=\"dbd6b3b\" data-element_type=\"widget\" data-e-type=\"widget\" data-widget_type=\"button.default\">\n\t\t\t\t<div class=\"elementor-widget-container\">\n\t\t\t\t\t\t\t\t\t<div class=\"elementor-button-wrapper\">\n\t\t\t\t\t<a class=\"elementor-button elementor-button-link elementor-size-sm\" href=\"https:\/\/slv.laportal.net\/Competitions\/Details\/10185\" target=\"_blank\">\n\t\t\t\t\t\t<span class=\"elementor-button-content-wrapper\">\n\t\t\t\t\t\t\t\t\t<span class=\"elementor-button-text\">Geamtrangliste<\/span>\n\t\t\t\t\t<\/span>\n\t\t\t\t\t<\/a>\n\t\t\t\t<\/div>\n\t\t\t\t\t\t\t\t<\/div>\n\t\t\t\t<\/div>\n\t\t\t\t<div class=\"elementor-element elementor-element-c282e5e elementor-widget elementor-widget-button\" data-id=\"c282e5e\" data-element_type=\"widget\" data-e-type=\"widget\" data-widget_type=\"button.default\">\n\t\t\t\t<div class=\"elementor-widget-container\">\n\t\t\t\t\t\t\t\t\t<div class=\"elementor-button-wrapper\">\n\t\t\t\t\t<a class=\"elementor-button elementor-button-link elementor-size-sm\" href=\"https:\/\/flic.kr\/s\/aHBqjAK5TQ\" target=\"_blank\">\n\t\t\t\t\t\t<span class=\"elementor-button-content-wrapper\">\n\t\t\t\t\t\t\t\t\t<span class=\"elementor-button-text\">Fotos<\/span>\n\t\t\t\t\t<\/span>\n\t\t\t\t\t<\/a>\n\t\t\t\t<\/div>\n\t\t\t\t\t\t\t\t<\/div>\n\t\t\t\t<\/div>\n\t\t\t\t\t<\/div>\n\t\t<\/div>\n\t\t\t\t\t<\/div>\n\t\t<\/section>\n\t\t\t\t<\/div>\n\t\t","protected":false},"excerpt":{"rendered":"<p>Bericht UBS Kids Cup Langenthal 2023 Von Lino Stalder Am Samstag den 24.06.2023 ging es f\u00fcr 19 Athletinnen und Athleten nach Langenthal zu einer weiteren lokalen Ausscheidung des UBS Kids Cup. Bei sonnigen und windigen Verh\u00e4ltnissen erreichte der TVL insgesamt drei Podestpl\u00e4tze und viele weitere sehr gute Leistungen. Betreut wurden die Kinder von Martina Kuhn, [&hellip;]<\/p>\n","protected":false},"author":1,"featured_media":4512,"comment_status":"open","ping_status":"open","sticky":false,"template":"","format":"standard","meta":{"ocean_post_layout":"","ocean_both_sidebars_style":"","ocean_both_sidebars_content_width":0,"ocean_both_sidebars_sidebars_width":0,"ocean_sidebar":"0","ocean_second_sidebar":"0","ocean_disable_margins":"enable","ocean_add_body_class":"","ocean_shortcode_before_top_bar":"","ocean_shortcode_after_top_bar":"","ocean_shortcode_before_header":"","ocean_shortcode_after_header":"","ocean_has_shortcode":"","ocean_shortcode_after_title":"","ocean_shortcode_before_footer_widgets":"","ocean_shortcode_after_footer_widgets":"","ocean_shortcode_before_footer_bottom":"","ocean_shortcode_after_footer_bottom":"","ocean_display_top_bar":"default","ocean_display_header":"default","ocean_header_style":"","ocean_center_header_left_menu":"0","ocean_custom_header_template":"0","ocean_custom_logo":0,"ocean_custom_retina_logo":0,"ocean_custom_logo_max_width":0,"ocean_custom_logo_tablet_max_width":0,"ocean_custom_logo_mobile_max_width":0,"ocean_custom_logo_max_height":0,"ocean_custom_logo_tablet_max_height":0,"ocean_custom_logo_mobile_max_height":0,"ocean_header_custom_menu":"0","ocean_menu_typo_font_family":"0","ocean_menu_typo_font_subset":"","ocean_menu_typo_font_size":0,"ocean_menu_typo_font_size_tablet":0,"ocean_menu_typo_font_size_mobile":0,"ocean_menu_typo_font_size_unit":"px","ocean_menu_typo_font_weight":"","ocean_menu_typo_font_weight_tablet":"","ocean_menu_typo_font_weight_mobile":"","ocean_menu_typo_transform":"","ocean_menu_typo_transform_tablet":"","ocean_menu_typo_transform_mobile":"","ocean_menu_typo_line_height":0,"ocean_menu_typo_line_height_tablet":0,"ocean_menu_typo_line_height_mobile":0,"ocean_menu_typo_line_height_unit":"","ocean_menu_typo_spacing":0,"ocean_menu_typo_spacing_tablet":0,"ocean_menu_typo_spacing_mobile":0,"ocean_menu_typo_spacing_unit":"","ocean_menu_link_color":"","ocean_menu_link_color_hover":"","ocean_menu_link_color_active":"","ocean_menu_link_background":"","ocean_menu_link_hover_background":"","ocean_menu_link_active_background":"","ocean_menu_social_links_bg":"","ocean_menu_social_hover_links_bg":"","ocean_menu_social_links_color":"","ocean_menu_social_hover_links_color":"","ocean_disable_title":"default","ocean_disable_heading":"default","ocean_post_title":"","ocean_post_subheading":"","ocean_post_title_style":"","ocean_post_title_background_color":"","ocean_post_title_background":0,"ocean_post_title_bg_image_position":"","ocean_post_title_bg_image_attachment":"","ocean_post_title_bg_image_repeat":"","ocean_post_title_bg_image_size":"","ocean_post_title_height":0,"ocean_post_title_bg_overlay":0.5,"ocean_post_title_bg_overlay_color":"","ocean_disable_breadcrumbs":"default","ocean_breadcrumbs_color":"","ocean_breadcrumbs_separator_color":"","ocean_breadcrumbs_links_color":"","ocean_breadcrumbs_links_hover_color":"","ocean_display_footer_widgets":"default","ocean_display_footer_bottom":"default","ocean_custom_footer_template":"0","ocean_post_oembed":"","ocean_post_self_hosted_media":"","ocean_post_video_embed":"","ocean_link_format":"","ocean_link_format_target":"self","ocean_quote_format":"","ocean_quote_format_link":"post","ocean_gallery_link_images":"off","ocean_gallery_id":[],"footnotes":""},"categories":[1],"tags":[],"class_list":["post-4511","post","type-post","status-publish","format-standard","has-post-thumbnail","hentry","category-allgemein","entry","has-media"],"_links":{"self":[{"href":"https:\/\/www.tvluetzelflueh.ch\/wp_2019_PSC\/wp-json\/wp\/v2\/posts\/4511","targetHints":{"allow":["GET"]}}],"collection":[{"href":"https:\/\/www.tvluetzelflueh.ch\/wp_2019_PSC\/wp-json\/wp\/v2\/posts"}],"about":[{"href":"https:\/\/www.tvluetzelflueh.ch\/wp_2019_PSC\/wp-json\/wp\/v2\/types\/post"}],"author":[{"embeddable":true,"href":"https:\/\/www.tvluetzelflueh.ch\/wp_2019_PSC\/wp-json\/wp\/v2\/users\/1"}],"replies":[{"embeddable":true,"href":"https:\/\/www.tvluetzelflueh.ch\/wp_2019_PSC\/wp-json\/wp\/v2\/comments?post=4511"}],"version-history":[{"count":5,"href":"https:\/\/www.tvluetzelflueh.ch\/wp_2019_PSC\/wp-json\/wp\/v2\/posts\/4511\/revisions"}],"predecessor-version":[{"id":4517,"href":"https:\/\/www.tvluetzelflueh.ch\/wp_2019_PSC\/wp-json\/wp\/v2\/posts\/4511\/revisions\/4517"}],"wp:featuredmedia":[{"embeddable":true,"href":"https:\/\/www.tvluetzelflueh.ch\/wp_2019_PSC\/wp-json\/wp\/v2\/media\/4512"}],"wp:attachment":[{"href":"https:\/\/www.tvluetzelflueh.ch\/wp_2019_PSC\/wp-json\/wp\/v2\/media?parent=4511"}],"wp:term":[{"taxonomy":"category","embeddable":true,"href":"https:\/\/www.tvluetzelflueh.ch\/wp_2019_PSC\/wp-json\/wp\/v2\/categories?post=4511"},{"taxonomy":"post_tag","embeddable":true,"href":"https:\/\/www.tvluetzelflueh.ch\/wp_2019_PSC\/wp-json\/wp\/v2\/tags?post=4511"}],"curies":[{"name":"wp","href":"https:\/\/api.w.org\/{rel}","templated":true}]}}