{"id":4531,"date":"2023-07-03T21:09:31","date_gmt":"2023-07-03T19:09:31","guid":{"rendered":"https:\/\/www.tvluetzelflueh.ch\/wp_2019_PSC\/?p=4531"},"modified":"2023-07-03T21:11:26","modified_gmt":"2023-07-03T19:11:26","slug":"visana-sprint-kantonalfinal-interlaken-2023","status":"publish","type":"post","link":"https:\/\/www.tvluetzelflueh.ch\/wp_2019_PSC\/visana-sprint-kantonalfinal-interlaken-2023\/","title":{"rendered":"Visana Sprint Kantonalfinal Interlaken 2023"},"content":{"rendered":"\t\t<div data-elementor-type=\"wp-post\" data-elementor-id=\"4531\" class=\"elementor elementor-4531\">\n\t\t\t\t\t\t<section class=\"elementor-section elementor-top-section elementor-element elementor-element-10f89eb elementor-section-boxed elementor-section-height-default elementor-section-height-default\" data-id=\"10f89eb\" data-element_type=\"section\" data-e-type=\"section\">\n\t\t\t\t\t\t<div class=\"elementor-container elementor-column-gap-default\">\n\t\t\t\t\t<div class=\"elementor-column elementor-col-100 elementor-top-column elementor-element elementor-element-dea00c0\" data-id=\"dea00c0\" data-element_type=\"column\" data-e-type=\"column\">\n\t\t\t<div class=\"elementor-widget-wrap elementor-element-populated\">\n\t\t\t\t\t\t<div class=\"elementor-element elementor-element-2f951aa elementor-widget elementor-widget-text-editor\" data-id=\"2f951aa\" data-element_type=\"widget\" data-e-type=\"widget\" data-widget_type=\"text-editor.default\">\n\t\t\t\t<div class=\"elementor-widget-container\">\n\t\t\t\t\t\t\t\t\t<p><strong>Bericht Visana Sprint Kantonalfinal Interlaken 2023<\/strong><\/p><p><em>Von Remo Liechti<br \/><\/em><\/p><p>Der diesj\u00e4hrige Kantonalfinal fand vor spektakul\u00e4rer Kulisse, im Hintergrund die Jungfrau und vor den Toren des legend\u00e4ren Victoria Jungfrau Hotels, statt. F\u00fcr den Wettkampf wurde auf dem ansonsten viel befahrenen H\u00f6heweg in Interlaken eigens eine mobile in blau-rot gef\u00e4rbte Laufbahn ausgelegt. Umgeben von vielen Nebenschaupl\u00e4tzen (Autogrammstunden mit den Kambundji-Schwestern und dem zur\u00fcckgetretenen Schwingerk\u00f6nig Stucki Christian, Alphornbl\u00e4ser und Fahnenschwingern, Essenst\u00e4nde, Wettbewerbe, etc.) fand der Anlass inmitten von vielen Zuschauern und Touristen statt. Gelaufen wird in diesem Wettbewerb \u00fcber die Distanzen 50 m (7- bis 9-J\u00e4hrige), 60 m (10- bis 13-J\u00e4hrige) und 80 m (14- und 15-J\u00e4hrige). Die 12 Besten qualifizieren sich jeweils f\u00fcr die Halbfinals und die 6 Besten f\u00fcr das Finale.<\/p><p>Vom TV L\u00fctzelfl\u00fch Athletics konnten sich total 4 Athletinnen und 5 Athleten f\u00fcr die Ausmarchung des schnellsten Berners qualifizieren. Begonnen wurde mit den J\u00fcngsten. Marlon Galli (M07) war von der L\u00fctzelfl\u00fcher Delegation der erste. Mit einer Zeit von 9.01 sec verbesserte er zwar seine pers\u00f6nliche Bestleistung (pB), konnte sich aber nicht f\u00fcr die Halbfinals qualifizieren.<\/p><p>Anschliessend waren die drei W09-M\u00e4dchen an der Reihe. Ziva Lehmann (8.04), Sophie Hug (8.09) und Valentina Mosimann (8.18) erreichten allesamt problemlos die Halbfinals. Als 7. der Halbfinals erreichte Valentina ganz knapp das Finale nicht, Ziva und Sophie jedoch schon. Im Finale gaben die beiden M\u00e4dchen alles und erreichten dort die tollen Pl\u00e4tze 5 (Sophie, 8.06) und 6 (Ziva, 8.19). An der Rangverk\u00fcndigung durften sich die beiden deshalb das verdiente Diplom abholen. Alle 3 konnten ihre pB w\u00e4hrend des Wettkampfes mindestens 1-mal verbessern.<\/p><p>Der N\u00e4chste am Start war Crispin Krause (M11). Den Vorlauf gewann er in 9.01 souver\u00e4n. Im Halbfinale steigerte er sich auf 8.94, was ebenfalls f\u00fcr die Finalqualifikation reichte. Im Final gabs eine 9.03, was ihm den tollen 5. Rang und ein Diplom einbrachte.<\/p><p>Die gleichaltrige Alissa R\u00fcfenacht (W11) lief im Vorlauf 9.42. Trotz pB reichte es ihr nicht f\u00fcr die n\u00e4chste Runde.<\/p><p>Mit Colin (M12) war nun der erste der beiden anwesenden Eggimann-Br\u00fcder am Start. Als 14. und neuer pB von 9.09 verpasste er die n\u00e4chste Runde ganz knapp.<\/p><p>Das gleiche Schicksal erlitt Jonas B\u00e4rtschi (M14). Auch er lief pB in 10.91 und blieb als 13. ganz knapp in den Vorl\u00e4ufen h\u00e4ngen.<\/p><p>Dem \u00c4ltesten im Bunde, Janik Eggimann (M15), gelang es derweil mit ebenfalls pers\u00f6nlicher Bestleistung von 10.30 sich f\u00fcr die Halbfinals zu qualifizieren. Dort konnte er sich mit 10.20 nochmals steigern, die Finalqualifikation blieb ihm aber verwehrt (11. Schlussrang).<\/p><p>Mit drei Diplomen, zwei Halbfinal-Qualifikationen und etlichen pers\u00f6nlichen Bestleistungen darf sich die Bilanz des TV L\u00fctzelfl\u00fch Athletics sehen lassen.<\/p><p>\u00a0<\/p>\t\t\t\t\t\t\t\t<\/div>\n\t\t\t\t<\/div>\n\t\t\t\t<div class=\"elementor-element elementor-element-dbd6b3b elementor-widget elementor-widget-button\" data-id=\"dbd6b3b\" data-element_type=\"widget\" data-e-type=\"widget\" data-widget_type=\"button.default\">\n\t\t\t\t<div class=\"elementor-widget-container\">\n\t\t\t\t\t\t\t\t\t<div class=\"elementor-button-wrapper\">\n\t\t\t\t\t<a class=\"elementor-button elementor-button-link elementor-size-sm\" href=\"https:\/\/visanasprint.ch\/de\/wettkaempfe\/ergebnisse\/ranglisten\/\" target=\"_blank\">\n\t\t\t\t\t\t<span class=\"elementor-button-content-wrapper\">\n\t\t\t\t\t\t\t\t\t<span class=\"elementor-button-text\">Geamtrangliste (Homepage Visana-Sprint, nach Kanton und Anlass suchen)<\/span>\n\t\t\t\t\t<\/span>\n\t\t\t\t\t<\/a>\n\t\t\t\t<\/div>\n\t\t\t\t\t\t\t\t<\/div>\n\t\t\t\t<\/div>\n\t\t\t\t<div class=\"elementor-element elementor-element-c282e5e elementor-widget elementor-widget-button\" data-id=\"c282e5e\" data-element_type=\"widget\" data-e-type=\"widget\" data-widget_type=\"button.default\">\n\t\t\t\t<div class=\"elementor-widget-container\">\n\t\t\t\t\t\t\t\t\t<div class=\"elementor-button-wrapper\">\n\t\t\t\t\t<a class=\"elementor-button elementor-size-sm\" role=\"button\">\n\t\t\t\t\t\t<span class=\"elementor-button-content-wrapper\">\n\t\t\t\t\t\t\t\t\t<span class=\"elementor-button-text\">Fotos folgen....<\/span>\n\t\t\t\t\t<\/span>\n\t\t\t\t\t<\/a>\n\t\t\t\t<\/div>\n\t\t\t\t\t\t\t\t<\/div>\n\t\t\t\t<\/div>\n\t\t\t\t\t<\/div>\n\t\t<\/div>\n\t\t\t\t\t<\/div>\n\t\t<\/section>\n\t\t\t\t<\/div>\n\t\t","protected":false},"excerpt":{"rendered":"<p>Bericht Visana Sprint Kantonalfinal Interlaken 2023 Von Remo Liechti Der diesj\u00e4hrige Kantonalfinal fand vor spektakul\u00e4rer Kulisse, im Hintergrund die Jungfrau und vor den Toren des legend\u00e4ren Victoria Jungfrau Hotels, statt. F\u00fcr den Wettkampf wurde auf dem ansonsten viel befahrenen H\u00f6heweg in Interlaken eigens eine mobile in blau-rot gef\u00e4rbte Laufbahn ausgelegt. Umgeben von vielen Nebenschaupl\u00e4tzen (Autogrammstunden [&hellip;]<\/p>\n","protected":false},"author":1,"featured_media":4532,"comment_status":"open","ping_status":"open","sticky":false,"template":"","format":"standard","meta":{"ocean_post_layout":"","ocean_both_sidebars_style":"","ocean_both_sidebars_content_width":0,"ocean_both_sidebars_sidebars_width":0,"ocean_sidebar":"0","ocean_second_sidebar":"0","ocean_disable_margins":"enable","ocean_add_body_class":"","ocean_shortcode_before_top_bar":"","ocean_shortcode_after_top_bar":"","ocean_shortcode_before_header":"","ocean_shortcode_after_header":"","ocean_has_shortcode":"","ocean_shortcode_after_title":"","ocean_shortcode_before_footer_widgets":"","ocean_shortcode_after_footer_widgets":"","ocean_shortcode_before_footer_bottom":"","ocean_shortcode_after_footer_bottom":"","ocean_display_top_bar":"default","ocean_display_header":"default","ocean_header_style":"","ocean_center_header_left_menu":"0","ocean_custom_header_template":"0","ocean_custom_logo":0,"ocean_custom_retina_logo":0,"ocean_custom_logo_max_width":0,"ocean_custom_logo_tablet_max_width":0,"ocean_custom_logo_mobile_max_width":0,"ocean_custom_logo_max_height":0,"ocean_custom_logo_tablet_max_height":0,"ocean_custom_logo_mobile_max_height":0,"ocean_header_custom_menu":"0","ocean_menu_typo_font_family":"0","ocean_menu_typo_font_subset":"","ocean_menu_typo_font_size":0,"ocean_menu_typo_font_size_tablet":0,"ocean_menu_typo_font_size_mobile":0,"ocean_menu_typo_font_size_unit":"px","ocean_menu_typo_font_weight":"","ocean_menu_typo_font_weight_tablet":"","ocean_menu_typo_font_weight_mobile":"","ocean_menu_typo_transform":"","ocean_menu_typo_transform_tablet":"","ocean_menu_typo_transform_mobile":"","ocean_menu_typo_line_height":0,"ocean_menu_typo_line_height_tablet":0,"ocean_menu_typo_line_height_mobile":0,"ocean_menu_typo_line_height_unit":"","ocean_menu_typo_spacing":0,"ocean_menu_typo_spacing_tablet":0,"ocean_menu_typo_spacing_mobile":0,"ocean_menu_typo_spacing_unit":"","ocean_menu_link_color":"","ocean_menu_link_color_hover":"","ocean_menu_link_color_active":"","ocean_menu_link_background":"","ocean_menu_link_hover_background":"","ocean_menu_link_active_background":"","ocean_menu_social_links_bg":"","ocean_menu_social_hover_links_bg":"","ocean_menu_social_links_color":"","ocean_menu_social_hover_links_color":"","ocean_disable_title":"default","ocean_disable_heading":"default","ocean_post_title":"","ocean_post_subheading":"","ocean_post_title_style":"","ocean_post_title_background_color":"","ocean_post_title_background":0,"ocean_post_title_bg_image_position":"","ocean_post_title_bg_image_attachment":"","ocean_post_title_bg_image_repeat":"","ocean_post_title_bg_image_size":"","ocean_post_title_height":0,"ocean_post_title_bg_overlay":0.5,"ocean_post_title_bg_overlay_color":"","ocean_disable_breadcrumbs":"default","ocean_breadcrumbs_color":"","ocean_breadcrumbs_separator_color":"","ocean_breadcrumbs_links_color":"","ocean_breadcrumbs_links_hover_color":"","ocean_display_footer_widgets":"default","ocean_display_footer_bottom":"default","ocean_custom_footer_template":"0","ocean_post_oembed":"","ocean_post_self_hosted_media":"","ocean_post_video_embed":"","ocean_link_format":"","ocean_link_format_target":"self","ocean_quote_format":"","ocean_quote_format_link":"post","ocean_gallery_link_images":"off","ocean_gallery_id":[],"footnotes":""},"categories":[1],"tags":[],"class_list":["post-4531","post","type-post","status-publish","format-standard","has-post-thumbnail","hentry","category-allgemein","entry","has-media"],"_links":{"self":[{"href":"https:\/\/www.tvluetzelflueh.ch\/wp_2019_PSC\/wp-json\/wp\/v2\/posts\/4531","targetHints":{"allow":["GET"]}}],"collection":[{"href":"https:\/\/www.tvluetzelflueh.ch\/wp_2019_PSC\/wp-json\/wp\/v2\/posts"}],"about":[{"href":"https:\/\/www.tvluetzelflueh.ch\/wp_2019_PSC\/wp-json\/wp\/v2\/types\/post"}],"author":[{"embeddable":true,"href":"https:\/\/www.tvluetzelflueh.ch\/wp_2019_PSC\/wp-json\/wp\/v2\/users\/1"}],"replies":[{"embeddable":true,"href":"https:\/\/www.tvluetzelflueh.ch\/wp_2019_PSC\/wp-json\/wp\/v2\/comments?post=4531"}],"version-history":[{"count":5,"href":"https:\/\/www.tvluetzelflueh.ch\/wp_2019_PSC\/wp-json\/wp\/v2\/posts\/4531\/revisions"}],"predecessor-version":[{"id":4537,"href":"https:\/\/www.tvluetzelflueh.ch\/wp_2019_PSC\/wp-json\/wp\/v2\/posts\/4531\/revisions\/4537"}],"wp:featuredmedia":[{"embeddable":true,"href":"https:\/\/www.tvluetzelflueh.ch\/wp_2019_PSC\/wp-json\/wp\/v2\/media\/4532"}],"wp:attachment":[{"href":"https:\/\/www.tvluetzelflueh.ch\/wp_2019_PSC\/wp-json\/wp\/v2\/media?parent=4531"}],"wp:term":[{"taxonomy":"category","embeddable":true,"href":"https:\/\/www.tvluetzelflueh.ch\/wp_2019_PSC\/wp-json\/wp\/v2\/categories?post=4531"},{"taxonomy":"post_tag","embeddable":true,"href":"https:\/\/www.tvluetzelflueh.ch\/wp_2019_PSC\/wp-json\/wp\/v2\/tags?post=4531"}],"curies":[{"name":"wp","href":"https:\/\/api.w.org\/{rel}","templated":true}]}}