{"id":4553,"date":"2023-07-10T21:21:56","date_gmt":"2023-07-10T19:21:56","guid":{"rendered":"https:\/\/www.tvluetzelflueh.ch\/wp_2019_PSC\/?p=4553"},"modified":"2023-07-10T21:26:11","modified_gmt":"2023-07-10T19:26:11","slug":"ubs-kids-cup-und-gelaendelauf-affoltern-2023","status":"publish","type":"post","link":"https:\/\/www.tvluetzelflueh.ch\/wp_2019_PSC\/ubs-kids-cup-und-gelaendelauf-affoltern-2023\/","title":{"rendered":"UBS Kids Cup und Gel\u00e4ndelauf Affoltern 2023"},"content":{"rendered":"\t\t<div data-elementor-type=\"wp-post\" data-elementor-id=\"4553\" class=\"elementor elementor-4553\">\n\t\t\t\t\t\t<section class=\"elementor-section elementor-top-section elementor-element elementor-element-10f89eb elementor-section-boxed elementor-section-height-default elementor-section-height-default\" data-id=\"10f89eb\" data-element_type=\"section\" data-e-type=\"section\">\n\t\t\t\t\t\t<div class=\"elementor-container elementor-column-gap-default\">\n\t\t\t\t\t<div class=\"elementor-column elementor-col-100 elementor-top-column elementor-element elementor-element-dea00c0\" data-id=\"dea00c0\" data-element_type=\"column\" data-e-type=\"column\">\n\t\t\t<div class=\"elementor-widget-wrap elementor-element-populated\">\n\t\t\t\t\t\t<div class=\"elementor-element elementor-element-2f951aa elementor-widget elementor-widget-text-editor\" data-id=\"2f951aa\" data-element_type=\"widget\" data-e-type=\"widget\" data-widget_type=\"text-editor.default\">\n\t\t\t\t<div class=\"elementor-widget-container\">\n\t\t\t\t\t\t\t\t\t<p><strong>UBS Kids Cup und Gel\u00e4ndelauf Affoltern 2023<\/strong><\/p><p><em>Von Lino Stalder<\/em><\/p><p>F\u00fcr 26 Athletinnen und Athleten hiess es am Samstag den 08.07.2023 los zum UBS Kids Cup und dem Gel\u00e4ndelauf nach Affoltern im Emmental. Insgesamt erreichten die 26 Kinder bei beiden Wettk\u00e4mpfen gesamthaft 20 Medaillen, bei warmen Temperaturen. Betreut wurden die Kinder an diesem Tag von Eva Senn, Martina Kuhn, Nicole Bernhard, Hanspeter W\u00fcthrich und Lino Stalder.<\/p><p>Samstagmorgen, 08:10 Uhr Besammlung auf dem Badi Parkplatz. Der Wetterbericht meldete wunderbares Wetter, mit viel Sonnenschein, bei sehr heissen Temperaturen \u00fcber 30\u00b0 Grad. Jedoch regnete es am Morgen in Str\u00f6men beim Treffpunkt. Da hiess es schnell in den Bus einsteigen und nach Affoltern fahren, wo hoffentlich die Sonne scheint. Zuerst luden wir noch schnell die Zelte ein, damit wir dann aber auch w\u00e4hrend des Wettkampfes vor der Sonne oder vielleicht auch vor dem Regen gesch\u00fctzt sind. Auch unsere TVL-Fahne haben wir noch eingeladen und auch der Bus wurde noch vollgetankt.<\/p><p>Auf dem Wettkampfareal angekommen, regnete es noch immer leicht, jedoch war die Motivation zum einw\u00e4rmen vor dem Wettkampf trotzdem vorhanden. Also, dann schnell die Zelte aufschlagen, Sport Taschen deponieren und in verschieden Gruppen einw\u00e4rmen gehen.<\/p><p>Anschliessend ging es auch gleich schon f\u00fcr alle los zum Weitsprung. Auf beiden Anlagen verteilt, sprangen die Athletinnen und Athleten einen guten Sprung nach dem anderen. \u00dcbrigens, es hat mit dem Wettkampfstart auch aufgeh\u00f6rt zu regnen. Nachdem alle ihre drei Spr\u00fcnge absolviert haben, ging es auch direkt weiter, f\u00fcr zwei Gruppen zu der Sprintbahn und f\u00fcr eine zum Ballweitwurf. Die Sprintbahn war mal etwas anders als sonst. N\u00e4mlich waren nicht vier oder sechs Bahnen, sondern nur zwei nebeneinander. So rennten immer zwei Kinder gegeneinander, aber nat\u00fcrlich auch um f\u00fcr sich eine schnelle Zeit f\u00fcr die 60 Meter zu erreichen. Trotzdem, dass die Bahn nass und dadurch sehr rutschig war, wurden sehr gute Zeiten gerannt. Nun sind alle drei Gruppen beim Ballweitwurf angelangt, wo die Kinder zeitgleich auf zwei Anlagen werfen konnten. Als alle ihre drei B\u00e4lle nach einem gelungen Anlauf mit voller Kraft geworfen hatten, ging es noch f\u00fcr die letzte Gruppe zum Sprint, welcher nat\u00fcrlich auch gut verlief. Dann um 11:20 Uhr waren schon alle drei Disziplinen beendet.<\/p><p>Nun konnte etwas zu Mittag gegessen werden und ein bisschen erholt oder auch rumgetobt werden. Auch bewiesen sich viele Kinder als Heuschreckenf\u00e4nger*innen. Um etwa 12:15 Uhr, nachdem das Gruppenfoto im Kasten war, liefen wir noch die verschiedenen Strecken f\u00fcr den anstehenden Gel\u00e4ndelauf ab. Nachdem alle Fragen gekl\u00e4rt und die Strecke rekognosziert waren, ging es f\u00fcr uns um 13:00 Uhr zum Mitfiebern von den Finallaufen der Schnellste*n Affouterer*in. Nach langem und geduldigen Warten, ging es um 13:30 Uhr los mit der Rangverk\u00fcndigung des UBS Kids Cups.<\/p><p><strong>Valentina Mosimann (W09), Crispin Krause (M11) und Jonas B\u00e4rtschi (M14)<\/strong> haben es geschafft, sich gegen alle andern in ihrer Kategorie durchzusetzen und erreichten mit ihren Starken Leistungen den grandiosen <strong>1. Rang.<\/strong>\ud83e\udd47\ud83e\udd47\ud83e\udd47<\/p><p><strong>Elea Hausammann (W09), Mira Bernhard (W11) und Janine Schifferli (W13)<\/strong> gelang es, mit ihren super Resultaten in ihren Kategorien auf den sehr guten <strong>2. Rang.<\/strong><strong>\ud83e\udd48\ud83e\udd48\ud83e\udd48<\/strong><\/p><p><strong>Nathanael Stucki (M07), Marlon Galli (M08), Giuliano Mosimann (M11) und Adrian Fl\u00fckiger (M12) <\/strong>erreichten in ihrer Kategorie den unglaublich guten <strong>3. Rang.<\/strong>\ud83e\udd49\ud83e\udd49\ud83e\udd49\ud83e\udd49<\/p><p>\u00a0<\/p><p><strong>Auch alle weiteren Athletinnen und Athleten erreichten sehr gute Rangierungen:<\/strong><\/p><ol start=\"4\"><li><strong> Rang: Sophie Hug (W09) und Lenny Hug (M12)<\/strong><\/li><li><strong> Rang: Lina R\u00fcfenacht (W09), Lindsey Sch\u00fctz (W11) und Seraina Sch\u00fctz (W13)<\/strong><\/li><li><strong> Rang: Mehmet Atli (M08)<\/strong><\/li><li><strong> Rang: L\u00e9onie Hug (W09)<\/strong><\/li><li><strong> Rang: G\u00fclciya Atli (W11)<\/strong><\/li><li><strong> Rang: Christina Morgenthaler (W09)<\/strong><\/li><li><strong> Rang: Salome Stucki (W07) und Mala Hirsbrunner (W08)<\/strong><\/li><li><strong> Rang: Lucy Hirsbrunner (W07) und Andrin Bernhard (M09)<\/strong><\/li><\/ol><p>Nun nochmals Sonnencr\u00e8me eincremen und viel trinken. Dann aber los zum Gel\u00e4ndelauf.<\/p><p>Als erstes starteten die Soft Knaben und M\u00e4dchen mit dem 300 Meter Lauf. Im Anschluss kamen dann die Cross Knaben und M\u00e4dchen, jene die 600 Meter absolvieren mussten. Weiter ging es mit den Rock Knaben und M\u00e4dchen, sie mussten 1.1 Kilometer absolvieren. Die Mega Knaben und M\u00e4dchen begannen auch ihren Lauf von 1.4 Kilometer. Als letzte Gruppe ging es noch f\u00fcr die Hard Knaben und M\u00e4dchen an den Start des 1.7 Kilometerlauf. Im Anschluss ging es auch sehr bald schon los mit der Rangverk\u00fcndigung.<\/p><p><strong>Janine Schifferli<\/strong> erreichte in unglaublich schnellen 05.27,0 nach 1.4 Kilometer das Ziel und somit in ihrer Kategorie den tollen <strong>1. Rang.<\/strong>\ud83e\udd47<\/p><p><strong>Nathanael Stucki, Valentina Mosimann, Mira Bernhard, Leonie Bernhard und Jonas B\u00e4rtschi<\/strong> rannten unglaubliche Zeiten und erzielten dadurch in ihren Kategorien den super <strong>2. Rang.<\/strong><strong>\ud83e\udd48\ud83e\udd48\ud83e\udd48\ud83e\udd48\ud83e\udd48<\/strong><\/p><p><strong>Salome Stucki, Lina R\u00fcfenacht, Lenny Hug und Seraina Sch\u00fctz<\/strong> schafften es mit guten L\u00e4ufen in ihren Kategorein auf den verdienten <strong>3. Rang.<\/strong> \ud83e\udd49\ud83e\udd49\ud83e\udd49\ud83e\udd49<\/p><p><strong>Weiter sehr starke Top-Ten Rangierungen erzielten:<\/strong><\/p><ol start=\"4\"><li><strong> Rang: Marlon Galli bei Cross Knaben (600m)<\/strong><\/li><li><strong> Rang: Elea Hausammann bei Cross M\u00e4dchen (600m)<\/strong><\/li><li><strong> Rang: Giuliano Mosimann bei Rock Knaben (1.1km)<\/strong><\/li><li><strong> Rang: Lucy Hirsbrunner bei Soft M\u00e4dchen (300m)<\/strong><\/li><li><strong> Rang: Jenish Uthayakumar bei Rock Knaben (1.1km)<\/strong><\/li><li><strong> Rang: Lindsey Sch\u00fctz bei Rock M\u00e4dchen (1.1km)<\/strong><\/li><li><strong> Rang: G\u00fclciya Atli bei Rock M\u00e4dchen (1.1km)<\/strong><\/li><\/ol><p>Zudem ist zu erw\u00e4hnen, dass Janine, Leonie und Seraina in der Kategorie Mega M\u00e4dchen (1.4 km) ein volles Podest mit TVL-Athletinnen erreichen konnten.<strong>\ud83e\udd48<\/strong>\ud83e\udd47\ud83e\udd49<\/p><p>Nun waren alle sehr gl\u00fccklich \u00fcber ihre guten Leistungen. Viele bekamen eine Medaille und zus\u00e4tzlich noch verschiedene Sponsorengeschenke und leckere Naturalien. Alle die beim UBS Kids Cup oder beim Gel\u00e4ndelauf mitmachten erhielten noch eine Sonnenblume geschenkt.<\/p><p>Vielen herzlichen Dank an den Sportverein Affoltern-Weier f\u00fcr die Organisation dieses gelungenen Anlasses! Herzliche Gratulation an alle Athletinnen und Athleten, zu diesen starken Leistungen<\/p>\t\t\t\t\t\t\t\t<\/div>\n\t\t\t\t<\/div>\n\t\t\t\t<div class=\"elementor-element elementor-element-dbd6b3b elementor-widget elementor-widget-button\" data-id=\"dbd6b3b\" data-element_type=\"widget\" data-e-type=\"widget\" data-widget_type=\"button.default\">\n\t\t\t\t<div class=\"elementor-widget-container\">\n\t\t\t\t\t\t\t\t\t<div class=\"elementor-button-wrapper\">\n\t\t\t\t\t<a class=\"elementor-button elementor-button-link elementor-size-sm\" href=\"https:\/\/www.tvluetzelflueh.ch\/wp_2019_PSC\/wp-content\/uploads\/2023\/07\/UBS-Kids-Cup_Affoltern-Rangliste_2023.pdf\" target=\"_blank\">\n\t\t\t\t\t\t<span class=\"elementor-button-content-wrapper\">\n\t\t\t\t\t\t\t\t\t<span class=\"elementor-button-text\">Rangliste UBS Kids Cup<\/span>\n\t\t\t\t\t<\/span>\n\t\t\t\t\t<\/a>\n\t\t\t\t<\/div>\n\t\t\t\t\t\t\t\t<\/div>\n\t\t\t\t<\/div>\n\t\t\t\t<div class=\"elementor-element elementor-element-322a6d8 elementor-widget elementor-widget-button\" data-id=\"322a6d8\" data-element_type=\"widget\" data-e-type=\"widget\" data-widget_type=\"button.default\">\n\t\t\t\t<div class=\"elementor-widget-container\">\n\t\t\t\t\t\t\t\t\t<div class=\"elementor-button-wrapper\">\n\t\t\t\t\t<a class=\"elementor-button elementor-button-link elementor-size-sm\" href=\"https:\/\/www.tvluetzelflueh.ch\/wp_2019_PSC\/wp-content\/uploads\/2023\/07\/Gelaendelauf-Affoltern-Rangliste_2023.pdf\" target=\"_blank\">\n\t\t\t\t\t\t<span class=\"elementor-button-content-wrapper\">\n\t\t\t\t\t\t\t\t\t<span class=\"elementor-button-text\">Rangliste Gel\u00e4ndelauf<\/span>\n\t\t\t\t\t<\/span>\n\t\t\t\t\t<\/a>\n\t\t\t\t<\/div>\n\t\t\t\t\t\t\t\t<\/div>\n\t\t\t\t<\/div>\n\t\t\t\t<div class=\"elementor-element elementor-element-c282e5e elementor-widget elementor-widget-button\" data-id=\"c282e5e\" data-element_type=\"widget\" data-e-type=\"widget\" data-widget_type=\"button.default\">\n\t\t\t\t<div class=\"elementor-widget-container\">\n\t\t\t\t\t\t\t\t\t<div class=\"elementor-button-wrapper\">\n\t\t\t\t\t<a class=\"elementor-button elementor-button-link elementor-size-sm\" href=\"https:\/\/flic.kr\/s\/aHBqjALYbb\" target=\"_blank\">\n\t\t\t\t\t\t<span class=\"elementor-button-content-wrapper\">\n\t\t\t\t\t\t\t\t\t<span class=\"elementor-button-text\">Fotos<\/span>\n\t\t\t\t\t<\/span>\n\t\t\t\t\t<\/a>\n\t\t\t\t<\/div>\n\t\t\t\t\t\t\t\t<\/div>\n\t\t\t\t<\/div>\n\t\t\t\t\t<\/div>\n\t\t<\/div>\n\t\t\t\t\t<\/div>\n\t\t<\/section>\n\t\t\t\t<\/div>\n\t\t","protected":false},"excerpt":{"rendered":"<p>UBS Kids Cup und Gel\u00e4ndelauf Affoltern 2023 Von Lino Stalder F\u00fcr 26 Athletinnen und Athleten hiess es am Samstag den 08.07.2023 los zum UBS Kids Cup und dem Gel\u00e4ndelauf nach Affoltern im Emmental. Insgesamt erreichten die 26 Kinder bei beiden Wettk\u00e4mpfen gesamthaft 20 Medaillen, bei warmen Temperaturen. Betreut wurden die Kinder an diesem Tag von [&hellip;]<\/p>\n","protected":false},"author":1,"featured_media":4554,"comment_status":"open","ping_status":"open","sticky":false,"template":"","format":"standard","meta":{"ocean_post_layout":"","ocean_both_sidebars_style":"","ocean_both_sidebars_content_width":0,"ocean_both_sidebars_sidebars_width":0,"ocean_sidebar":"0","ocean_second_sidebar":"0","ocean_disable_margins":"enable","ocean_add_body_class":"","ocean_shortcode_before_top_bar":"","ocean_shortcode_after_top_bar":"","ocean_shortcode_before_header":"","ocean_shortcode_after_header":"","ocean_has_shortcode":"","ocean_shortcode_after_title":"","ocean_shortcode_before_footer_widgets":"","ocean_shortcode_after_footer_widgets":"","ocean_shortcode_before_footer_bottom":"","ocean_shortcode_after_footer_bottom":"","ocean_display_top_bar":"default","ocean_display_header":"default","ocean_header_style":"","ocean_center_header_left_menu":"0","ocean_custom_header_template":"0","ocean_custom_logo":0,"ocean_custom_retina_logo":0,"ocean_custom_logo_max_width":0,"ocean_custom_logo_tablet_max_width":0,"ocean_custom_logo_mobile_max_width":0,"ocean_custom_logo_max_height":0,"ocean_custom_logo_tablet_max_height":0,"ocean_custom_logo_mobile_max_height":0,"ocean_header_custom_menu":"0","ocean_menu_typo_font_family":"0","ocean_menu_typo_font_subset":"","ocean_menu_typo_font_size":0,"ocean_menu_typo_font_size_tablet":0,"ocean_menu_typo_font_size_mobile":0,"ocean_menu_typo_font_size_unit":"px","ocean_menu_typo_font_weight":"","ocean_menu_typo_font_weight_tablet":"","ocean_menu_typo_font_weight_mobile":"","ocean_menu_typo_transform":"","ocean_menu_typo_transform_tablet":"","ocean_menu_typo_transform_mobile":"","ocean_menu_typo_line_height":0,"ocean_menu_typo_line_height_tablet":0,"ocean_menu_typo_line_height_mobile":0,"ocean_menu_typo_line_height_unit":"","ocean_menu_typo_spacing":0,"ocean_menu_typo_spacing_tablet":0,"ocean_menu_typo_spacing_mobile":0,"ocean_menu_typo_spacing_unit":"","ocean_menu_link_color":"","ocean_menu_link_color_hover":"","ocean_menu_link_color_active":"","ocean_menu_link_background":"","ocean_menu_link_hover_background":"","ocean_menu_link_active_background":"","ocean_menu_social_links_bg":"","ocean_menu_social_hover_links_bg":"","ocean_menu_social_links_color":"","ocean_menu_social_hover_links_color":"","ocean_disable_title":"default","ocean_disable_heading":"default","ocean_post_title":"","ocean_post_subheading":"","ocean_post_title_style":"","ocean_post_title_background_color":"","ocean_post_title_background":0,"ocean_post_title_bg_image_position":"","ocean_post_title_bg_image_attachment":"","ocean_post_title_bg_image_repeat":"","ocean_post_title_bg_image_size":"","ocean_post_title_height":0,"ocean_post_title_bg_overlay":0.5,"ocean_post_title_bg_overlay_color":"","ocean_disable_breadcrumbs":"default","ocean_breadcrumbs_color":"","ocean_breadcrumbs_separator_color":"","ocean_breadcrumbs_links_color":"","ocean_breadcrumbs_links_hover_color":"","ocean_display_footer_widgets":"default","ocean_display_footer_bottom":"default","ocean_custom_footer_template":"0","ocean_post_oembed":"","ocean_post_self_hosted_media":"","ocean_post_video_embed":"","ocean_link_format":"","ocean_link_format_target":"self","ocean_quote_format":"","ocean_quote_format_link":"post","ocean_gallery_link_images":"off","ocean_gallery_id":[],"footnotes":""},"categories":[1],"tags":[],"class_list":["post-4553","post","type-post","status-publish","format-standard","has-post-thumbnail","hentry","category-allgemein","entry","has-media"],"_links":{"self":[{"href":"https:\/\/www.tvluetzelflueh.ch\/wp_2019_PSC\/wp-json\/wp\/v2\/posts\/4553","targetHints":{"allow":["GET"]}}],"collection":[{"href":"https:\/\/www.tvluetzelflueh.ch\/wp_2019_PSC\/wp-json\/wp\/v2\/posts"}],"about":[{"href":"https:\/\/www.tvluetzelflueh.ch\/wp_2019_PSC\/wp-json\/wp\/v2\/types\/post"}],"author":[{"embeddable":true,"href":"https:\/\/www.tvluetzelflueh.ch\/wp_2019_PSC\/wp-json\/wp\/v2\/users\/1"}],"replies":[{"embeddable":true,"href":"https:\/\/www.tvluetzelflueh.ch\/wp_2019_PSC\/wp-json\/wp\/v2\/comments?post=4553"}],"version-history":[{"count":9,"href":"https:\/\/www.tvluetzelflueh.ch\/wp_2019_PSC\/wp-json\/wp\/v2\/posts\/4553\/revisions"}],"predecessor-version":[{"id":4565,"href":"https:\/\/www.tvluetzelflueh.ch\/wp_2019_PSC\/wp-json\/wp\/v2\/posts\/4553\/revisions\/4565"}],"wp:featuredmedia":[{"embeddable":true,"href":"https:\/\/www.tvluetzelflueh.ch\/wp_2019_PSC\/wp-json\/wp\/v2\/media\/4554"}],"wp:attachment":[{"href":"https:\/\/www.tvluetzelflueh.ch\/wp_2019_PSC\/wp-json\/wp\/v2\/media?parent=4553"}],"wp:term":[{"taxonomy":"category","embeddable":true,"href":"https:\/\/www.tvluetzelflueh.ch\/wp_2019_PSC\/wp-json\/wp\/v2\/categories?post=4553"},{"taxonomy":"post_tag","embeddable":true,"href":"https:\/\/www.tvluetzelflueh.ch\/wp_2019_PSC\/wp-json\/wp\/v2\/tags?post=4553"}],"curies":[{"name":"wp","href":"https:\/\/api.w.org\/{rel}","templated":true}]}}