{"id":4587,"date":"2023-08-19T23:26:42","date_gmt":"2023-08-19T21:26:42","guid":{"rendered":"https:\/\/www.tvluetzelflueh.ch\/wp_2019_PSC\/?p=4587"},"modified":"2023-08-19T23:27:08","modified_gmt":"2023-08-19T21:27:08","slug":"emmenlauf-utzenstorf-2023","status":"publish","type":"post","link":"https:\/\/www.tvluetzelflueh.ch\/wp_2019_PSC\/emmenlauf-utzenstorf-2023\/","title":{"rendered":"Emmenlauf Utzenstorf 2023"},"content":{"rendered":"\t\t<div data-elementor-type=\"wp-post\" data-elementor-id=\"4587\" class=\"elementor elementor-4587\">\n\t\t\t\t\t\t<section class=\"elementor-section elementor-top-section elementor-element elementor-element-10f89eb elementor-section-boxed elementor-section-height-default elementor-section-height-default\" data-id=\"10f89eb\" data-element_type=\"section\" data-e-type=\"section\">\n\t\t\t\t\t\t<div class=\"elementor-container elementor-column-gap-default\">\n\t\t\t\t\t<div class=\"elementor-column elementor-col-100 elementor-top-column elementor-element elementor-element-dea00c0\" data-id=\"dea00c0\" data-element_type=\"column\" data-e-type=\"column\">\n\t\t\t<div class=\"elementor-widget-wrap elementor-element-populated\">\n\t\t\t\t\t\t<div class=\"elementor-element elementor-element-2f951aa elementor-widget elementor-widget-text-editor\" data-id=\"2f951aa\" data-element_type=\"widget\" data-e-type=\"widget\" data-widget_type=\"text-editor.default\">\n\t\t\t\t<div class=\"elementor-widget-container\">\n\t\t\t\t\t\t\t\t\t<p><strong>Bericht Emmenlauf 2023 in Utzenstorf<\/strong><\/p><p><em>Von Pascal Sch\u00e4kel<\/em><\/p><p>Der traditionelle Emmenlauf in Utzenstorf l\u00e4utet den zweiten Teil der Laufsaison ein. An diesem Lauf kann man testen, ob man nach den langen Sommerferien genug oder vielleicht doch ein bisschen zu wenig Training bekommen hat.\u00a0<span style=\"font-size: 15px; color: var( --e-global-color-text );\">Am Emmenlauf kann man sich zwischen einem 5,5km oder einem 10,5km langen Hauptlauf, oder einem der zahlreichen Kinderl\u00e4ufe (500m bis 3km) entscheiden.<\/span><\/p><p>Der TV L\u00fctzelfl\u00fch Athletics reiste neben ein paar Coaches gleich mit 24 Sportlerinnen und Sportlern an. Ausser im 10,5km Lauf, waren in allen Kategorien L\u00fctzelfl\u00fcher TV-Shirts mit am Start. F\u00fcr einige Athleten war es der erste Emmenlauf, andere waren bereits alte Hasen. So gab es f\u00fcr die L\u00fctzelfl\u00fcher Fans immer etwas zu schauen.<\/p><p>Da Petrus immer noch in den Sommerferien weilte, war von schlechtem Wetter weit und breit nichts zu sehen. Da Bew\u00f6lkung und Regen nicht immer nur schlecht ist, zeigte sich daf\u00fcr in der Temperatur. Die nahezu 30 Grad machten vielen L\u00e4ufern das Leben nicht gerade leicht.<\/p><p>Aber da unsere Athleten optimal vorbereitet und motiviert waren, konnte nichts und niemand die Jungs und M\u00e4dels aufhalten. Los ging es\u2026<\/p><p><strong><u>Kinderl\u00e4ufe 500m bis 3km<\/u><\/strong><\/p><p>Die Kinderl\u00e4ufe finden jeweils alle auf der linken Emmeseite statt. Den Start um 16.30 Uhr machten die 500m L\u00e4uferinnen und L\u00e4ufer. Es starteten jeweils rund 70 Kinder in dieser Kategorie. Salome und Nathanael Stucki erreichten also mit ihrem 6. und 13. Platz hervorragende Platzierungen.<\/p><p>N\u00e4chster Programmpunkt um 17 Uhr waren die \u00abCross\u00bb-Kinder. Gleich 10 TVL-Kids standen auf der Startlinie. Es starteten jeweils rund 50 Kids pro Kategorie M\/W. Bei den M\u00e4dchen eilte Valentina Mosimann allen anderen davon und lief mit einer Zeit von 3.36min als erste im Ziel ein. Das war die Goldmedaille f\u00fcr die schnelle TVL\u2019erin. Ein Kinderspiel war das Rennen aber nicht. Nur minimale 4 Sekunden sp\u00e4ter lief auch schon Lina R\u00fcfenacht ins Ziel und erreichte damit den 3. Platz und die Bronzemedaille. Bei den Jungs liefen Marlon Galli und Max Aebi die schnellsten Zeiten unter den TVL\u2019ern. Marlon erreichte mit 3.42 min den 7. und Max mit nur 2 Sekunden R\u00fcckstand den 10. Platz. Weitere tolle Rangierungen erreichten Andrin (16.), Henry (27.) und Mehmet (33.), sowie Cristina (13.), Sophie (16.) und L\u00e9onie H. (33.)<\/p><p>Um 17.30 Uhr standen die \u00abRock-Kids\u00bb am Start, bereit sich auf die 1,6km Strecke zu begeben. Auch hier waren 6 schnelle Kids bereit um Podestpl\u00e4tze zu k\u00e4mpfen. Jeweils rund 30 Startende pro M\/W wollten unseren L\u00e4ufern die besten Pl\u00e4tze streitig machen. Bei den M\u00e4dchen zeigte Alissa R\u00fcfenacht allen anderen Modis die kalte Schulter und lief als erste \u00fcber die Ziellinie. Goldmedaille f\u00fcr Alissa, mit einer Zeit von 6.21 min! Aber auch hier waren die Klubkameradinnen Alissa auf den Fersen. Ayleen holte mit 6.39min den 3. Platz und Mira mit 6.41min den 4. Platz. Auch Lindsey reihte sich mit ihrem tollen 9. Platz in die hervorragende Rangliste ein. Bei den Jungs verpasste Crispin Krause mit seinem grandiosen 4. Platz leider nur sehr knapp das Podest. Nur 10 Sekunden fehlten ihm mit seinen 6.11 min. auf die Bronzemedaille. Giuliano rundete mit seinem 14. Platz die super Rangliste bei den \u00abRock-Kids\u00bb ab.<\/p><p>Bei den \u00abMega-Kids\u00bb, welche \u00fcber 3 Kilometer starteten, hatten wir 3 sehr heisse Eisen am Start. Es konnte also auf Podestpl\u00e4tze gehofft werden. Jeweils rund 20 Konkurrenten standen unseren Drei gegen\u00fcber. Leonie, Seraina und Lenny liessen sich aber nicht den Anke vom Brot nehmen. Leonie Bernhard lief allen anderen M\u00e4dchen davon und holte sich mit 11.42 min die Goldmedaille! Aber nur 14 Sekunden sp\u00e4ter lief auch schon Seraina Sch\u00fctz \u00fcber die Ziellinie und holte sich verdient Silber! Tja, alle anderen M\u00e4dchen hatten das Nachsehen. Bei den Jungs lief Lenny Hug ebenfalls einen sehr tollen Lauf. Gegen den Sieger war aber leider kein Kraut gewachsen. Lenny erreichte aber mit 11.18 min den 3. Platz und somit die Bronzemedaille. Sehr tolle Resultate f\u00fcr die \u00abMega-Kids\u00bb.<\/p><p>Den Abschluss bei den Kinderl\u00e4ufen machten um 17.45 Uhr die \u00abHard-Kids\u00bb. Hier hatten wir mit Julia Gygax eine Vorjahressiegerin (Mega) am Start. Konnte sie ihren Titel verteidigen? JA! Mit einer Zeit von 11.35 min konnte sich Julia gegen alle 13 Gegnerinnen erfolgreich durchsetzen und sich auf dem Podest die Goldmedaille abholen. Bravo Julia!<\/p><p>Mit 4x Gold, 1x Silber und 3x Bronze konnte der TVL nach den Kinderl\u00e4ufen mit ordentlich Metall nach Hause nach L\u00fctzelfl\u00fch reisen. Entsprechen locker war die Stimmung im Bus.<\/p><p><strong><u>Hauptlauf 5,5 km<\/u><\/strong><\/p><p>Nach den Kinderl\u00e4ufen stand um 18.50 Uhr der Start des 5,5km Hauptlaufs auf dem Programm. Da in den Hauptl\u00e4ufen keine Jugendkategorien vorgesehen sind, m\u00fcssen alle L\u00e4uferinnen und L\u00e4ufer bei den Erwachsenen antreten. Am Start waren rund 65 M\u00e4nner und 65 Frauen. Eine grosse Herausforderung stand also f\u00fcr unsere zwei wackeren Athleten auf dem Programm. F\u00fcr den TV L\u00fctzelfl\u00fch Athletics am Start waren Janine Schifferli und Nils Sch\u00e4kel. Beides Wiederholungst\u00e4ter vom letzten Jahr. Ziel: Erfolgreich gegen die Erwachsenen durchsetzen und die Vorjahreszeit verbessern.<\/p><p>Ziemlich vorne im Startfeld liefen die Beiden los um die 5,5 Kilometer zu absolvieren. Mit einer Zeit von 24.42 min sprintete Janine auf dem grandiosen 5. Platz ins Ziel. Sie musste sich nur von 4 Sportlerinnen geschlagen geben, welche mit \u00fcber 20 Jahren einiges \u00e4lter waren. Auch ihre Vorjahreszeit von 25.13 konnte Janine erfolgreich verbessern. Bravo!<\/p><p>Bei den Herren war die Konkurrenz nochmals etwas h\u00e4rter. Die ersten drei Herren liefen bereits nach 20 Minuten ins Ziel. Mit einer Zeit von 26.40 min erreichte Nils das Ziel auf dem 20. Platz. Auch er konnte seine Vorjahreszeit von 26.46 min zwar leicht verbessern, h\u00e4tte sich aber etwas mehr erwartet. Nils war der 4. schnellste Jugendliche unter 20 Jahren. Bravo!<\/p><p><strong><u>Fazit:<\/u><\/strong><\/p><p>Auch im 2023 war der Emmenlauf f\u00fcr die L\u00e4uferinnen und L\u00e4ufer ein voller Erfolg und wird noch gut in Erinnerung bleiben. Die Coaches gratulieren allen Athleten herzlich zu ihren tollen Resultaten und freuen sich auf weitere kommende Rennen.<\/p>\t\t\t\t\t\t\t\t<\/div>\n\t\t\t\t<\/div>\n\t\t\t\t<div class=\"elementor-element elementor-element-3dccbbd elementor-widget elementor-widget-image\" data-id=\"3dccbbd\" data-element_type=\"widget\" data-e-type=\"widget\" data-widget_type=\"image.default\">\n\t\t\t\t<div class=\"elementor-widget-container\">\n\t\t\t\t\t\t\t\t\t\t\t\t\t\t\t<img fetchpriority=\"high\" decoding=\"async\" width=\"1024\" height=\"701\" src=\"https:\/\/www.tvluetzelflueh.ch\/wp_2019_PSC\/wp-content\/uploads\/2023\/08\/Emmenlauf-2023-Rangliste-Screenshot-1024x701.png\" class=\"attachment-large size-large wp-image-4590\" alt=\"\" srcset=\"https:\/\/www.tvluetzelflueh.ch\/wp_2019_PSC\/wp-content\/uploads\/2023\/08\/Emmenlauf-2023-Rangliste-Screenshot-1024x701.png 1024w, https:\/\/www.tvluetzelflueh.ch\/wp_2019_PSC\/wp-content\/uploads\/2023\/08\/Emmenlauf-2023-Rangliste-Screenshot-300x205.png 300w, https:\/\/www.tvluetzelflueh.ch\/wp_2019_PSC\/wp-content\/uploads\/2023\/08\/Emmenlauf-2023-Rangliste-Screenshot-768x526.png 768w, https:\/\/www.tvluetzelflueh.ch\/wp_2019_PSC\/wp-content\/uploads\/2023\/08\/Emmenlauf-2023-Rangliste-Screenshot.png 1092w\" sizes=\"(max-width: 1024px) 100vw, 1024px\" \/>\t\t\t\t\t\t\t\t\t\t\t\t\t\t\t<\/div>\n\t\t\t\t<\/div>\n\t\t\t\t<div class=\"elementor-element elementor-element-c282e5e elementor-widget elementor-widget-button\" data-id=\"c282e5e\" data-element_type=\"widget\" data-e-type=\"widget\" data-widget_type=\"button.default\">\n\t\t\t\t<div class=\"elementor-widget-container\">\n\t\t\t\t\t\t\t\t\t<div class=\"elementor-button-wrapper\">\n\t\t\t\t\t<a class=\"elementor-button elementor-button-link elementor-size-sm\" href=\"https:\/\/flic.kr\/s\/aHBqjARvu7\" target=\"_blank\">\n\t\t\t\t\t\t<span class=\"elementor-button-content-wrapper\">\n\t\t\t\t\t\t\t\t\t<span class=\"elementor-button-text\">Fotos<\/span>\n\t\t\t\t\t<\/span>\n\t\t\t\t\t<\/a>\n\t\t\t\t<\/div>\n\t\t\t\t\t\t\t\t<\/div>\n\t\t\t\t<\/div>\n\t\t\t\t\t<\/div>\n\t\t<\/div>\n\t\t\t\t\t<\/div>\n\t\t<\/section>\n\t\t\t\t<\/div>\n\t\t","protected":false},"excerpt":{"rendered":"<p>Bericht Emmenlauf 2023 in Utzenstorf Von Pascal Sch\u00e4kel Der traditionelle Emmenlauf in Utzenstorf l\u00e4utet den zweiten Teil der Laufsaison ein. An diesem Lauf kann man testen, ob man nach den langen Sommerferien genug oder vielleicht doch ein bisschen zu wenig Training bekommen hat.\u00a0Am Emmenlauf kann man sich zwischen einem 5,5km oder einem 10,5km langen Hauptlauf, [&hellip;]<\/p>\n","protected":false},"author":1,"featured_media":4588,"comment_status":"open","ping_status":"open","sticky":false,"template":"","format":"standard","meta":{"ocean_post_layout":"","ocean_both_sidebars_style":"","ocean_both_sidebars_content_width":0,"ocean_both_sidebars_sidebars_width":0,"ocean_sidebar":"0","ocean_second_sidebar":"0","ocean_disable_margins":"enable","ocean_add_body_class":"","ocean_shortcode_before_top_bar":"","ocean_shortcode_after_top_bar":"","ocean_shortcode_before_header":"","ocean_shortcode_after_header":"","ocean_has_shortcode":"","ocean_shortcode_after_title":"","ocean_shortcode_before_footer_widgets":"","ocean_shortcode_after_footer_widgets":"","ocean_shortcode_before_footer_bottom":"","ocean_shortcode_after_footer_bottom":"","ocean_display_top_bar":"default","ocean_display_header":"default","ocean_header_style":"","ocean_center_header_left_menu":"0","ocean_custom_header_template":"0","ocean_custom_logo":0,"ocean_custom_retina_logo":0,"ocean_custom_logo_max_width":0,"ocean_custom_logo_tablet_max_width":0,"ocean_custom_logo_mobile_max_width":0,"ocean_custom_logo_max_height":0,"ocean_custom_logo_tablet_max_height":0,"ocean_custom_logo_mobile_max_height":0,"ocean_header_custom_menu":"0","ocean_menu_typo_font_family":"0","ocean_menu_typo_font_subset":"","ocean_menu_typo_font_size":0,"ocean_menu_typo_font_size_tablet":0,"ocean_menu_typo_font_size_mobile":0,"ocean_menu_typo_font_size_unit":"px","ocean_menu_typo_font_weight":"","ocean_menu_typo_font_weight_tablet":"","ocean_menu_typo_font_weight_mobile":"","ocean_menu_typo_transform":"","ocean_menu_typo_transform_tablet":"","ocean_menu_typo_transform_mobile":"","ocean_menu_typo_line_height":0,"ocean_menu_typo_line_height_tablet":0,"ocean_menu_typo_line_height_mobile":0,"ocean_menu_typo_line_height_unit":"","ocean_menu_typo_spacing":0,"ocean_menu_typo_spacing_tablet":0,"ocean_menu_typo_spacing_mobile":0,"ocean_menu_typo_spacing_unit":"","ocean_menu_link_color":"","ocean_menu_link_color_hover":"","ocean_menu_link_color_active":"","ocean_menu_link_background":"","ocean_menu_link_hover_background":"","ocean_menu_link_active_background":"","ocean_menu_social_links_bg":"","ocean_menu_social_hover_links_bg":"","ocean_menu_social_links_color":"","ocean_menu_social_hover_links_color":"","ocean_disable_title":"default","ocean_disable_heading":"default","ocean_post_title":"","ocean_post_subheading":"","ocean_post_title_style":"","ocean_post_title_background_color":"","ocean_post_title_background":0,"ocean_post_title_bg_image_position":"","ocean_post_title_bg_image_attachment":"","ocean_post_title_bg_image_repeat":"","ocean_post_title_bg_image_size":"","ocean_post_title_height":0,"ocean_post_title_bg_overlay":0.5,"ocean_post_title_bg_overlay_color":"","ocean_disable_breadcrumbs":"default","ocean_breadcrumbs_color":"","ocean_breadcrumbs_separator_color":"","ocean_breadcrumbs_links_color":"","ocean_breadcrumbs_links_hover_color":"","ocean_display_footer_widgets":"default","ocean_display_footer_bottom":"default","ocean_custom_footer_template":"0","ocean_post_oembed":"","ocean_post_self_hosted_media":"","ocean_post_video_embed":"","ocean_link_format":"","ocean_link_format_target":"self","ocean_quote_format":"","ocean_quote_format_link":"post","ocean_gallery_link_images":"off","ocean_gallery_id":[],"footnotes":""},"categories":[1],"tags":[],"class_list":["post-4587","post","type-post","status-publish","format-standard","has-post-thumbnail","hentry","category-allgemein","entry","has-media"],"_links":{"self":[{"href":"https:\/\/www.tvluetzelflueh.ch\/wp_2019_PSC\/wp-json\/wp\/v2\/posts\/4587","targetHints":{"allow":["GET"]}}],"collection":[{"href":"https:\/\/www.tvluetzelflueh.ch\/wp_2019_PSC\/wp-json\/wp\/v2\/posts"}],"about":[{"href":"https:\/\/www.tvluetzelflueh.ch\/wp_2019_PSC\/wp-json\/wp\/v2\/types\/post"}],"author":[{"embeddable":true,"href":"https:\/\/www.tvluetzelflueh.ch\/wp_2019_PSC\/wp-json\/wp\/v2\/users\/1"}],"replies":[{"embeddable":true,"href":"https:\/\/www.tvluetzelflueh.ch\/wp_2019_PSC\/wp-json\/wp\/v2\/comments?post=4587"}],"version-history":[{"count":5,"href":"https:\/\/www.tvluetzelflueh.ch\/wp_2019_PSC\/wp-json\/wp\/v2\/posts\/4587\/revisions"}],"predecessor-version":[{"id":4594,"href":"https:\/\/www.tvluetzelflueh.ch\/wp_2019_PSC\/wp-json\/wp\/v2\/posts\/4587\/revisions\/4594"}],"wp:featuredmedia":[{"embeddable":true,"href":"https:\/\/www.tvluetzelflueh.ch\/wp_2019_PSC\/wp-json\/wp\/v2\/media\/4588"}],"wp:attachment":[{"href":"https:\/\/www.tvluetzelflueh.ch\/wp_2019_PSC\/wp-json\/wp\/v2\/media?parent=4587"}],"wp:term":[{"taxonomy":"category","embeddable":true,"href":"https:\/\/www.tvluetzelflueh.ch\/wp_2019_PSC\/wp-json\/wp\/v2\/categories?post=4587"},{"taxonomy":"post_tag","embeddable":true,"href":"https:\/\/www.tvluetzelflueh.ch\/wp_2019_PSC\/wp-json\/wp\/v2\/tags?post=4587"}],"curies":[{"name":"wp","href":"https:\/\/api.w.org\/{rel}","templated":true}]}}