{"id":4727,"date":"2023-09-18T20:49:35","date_gmt":"2023-09-18T18:49:35","guid":{"rendered":"https:\/\/www.tvluetzelflueh.ch\/wp_2019_PSC\/?p=4727"},"modified":"2023-09-18T21:09:14","modified_gmt":"2023-09-18T19:09:14","slug":"41-burgdorfer-stadtlauf-2023","status":"publish","type":"post","link":"https:\/\/www.tvluetzelflueh.ch\/wp_2019_PSC\/41-burgdorfer-stadtlauf-2023\/","title":{"rendered":"41. Burgdorfer Stadtlauf 2023"},"content":{"rendered":"\t\t<div data-elementor-type=\"wp-post\" data-elementor-id=\"4727\" class=\"elementor elementor-4727\">\n\t\t\t\t\t\t<section class=\"elementor-section elementor-top-section elementor-element elementor-element-10f89eb elementor-section-boxed elementor-section-height-default elementor-section-height-default\" data-id=\"10f89eb\" data-element_type=\"section\" data-e-type=\"section\">\n\t\t\t\t\t\t<div class=\"elementor-container elementor-column-gap-default\">\n\t\t\t\t\t<div class=\"elementor-column elementor-col-100 elementor-top-column elementor-element elementor-element-dea00c0\" data-id=\"dea00c0\" data-element_type=\"column\" data-e-type=\"column\">\n\t\t\t<div class=\"elementor-widget-wrap elementor-element-populated\">\n\t\t\t\t\t\t<div class=\"elementor-element elementor-element-2f951aa elementor-widget elementor-widget-text-editor\" data-id=\"2f951aa\" data-element_type=\"widget\" data-e-type=\"widget\" data-widget_type=\"text-editor.default\">\n\t\t\t\t<div class=\"elementor-widget-container\">\n\t\t\t\t\t\t\t\t\t<p><strong>41. Burgdorfer Stadtlauf 2023\u00a0<br \/><\/strong><\/p><p><em>Von Pascal Sch\u00e4kel<\/em><\/p><p>Die diesj\u00e4hrige Ausgabe des Burgdorfer Stadtlaufs konnte sich eines wundervollen Wetters erfreuen. Nicht zu heiss, nicht zu kalt, manchmal ein paar wenige Tr\u00f6pfli vom Himmel, sonst aber trocken. Was will man also mehr.\u00a0<\/p><p>Die Stimmung war entsprechend gut in der Altstadt von Burgdorf. Viele Leute standen oder sassen am Strassenrand und sahen sich die vielen L\u00e4uferinnen und L\u00e4ufer, von gross bis klein an.<\/p><p>Der TV L\u00fctzelfl\u00fch Athletics fand sich erst zum 5km Lauf in Burgdorf ein. An den Sch\u00fclerl\u00e4ufen nahm niemand teil.\u00a0<\/p><p>Der 5km Lauf startet in der Altstadt, geht via Metzgergasse ins Bahnhofquartier, nochmals zur\u00fcck Metzgergasse dann die ganze Lyssachstrasse ins Gsteig-Quartier, um dann wieder zur\u00fcck in die Altstadt zur\u00fcckzukehren. Zum Dessert d\u00fcrfen die L\u00e4ufer noch den Stutz zum Schloss hochsprinten um dort die Ziellinie zu \u00fcberqueren.<\/p><p>F\u00fcr unseren Verein waren Nils Sch\u00e4kel, Janine Schifferli und Seraina Sch\u00fctz am Start. Nach gen\u00fcgend Einlaufen in der Altstadt waren die Muskeln p\u00fcnktlich um 17.50 Uhr bereit f\u00fcr den Startschuss. Nach dem Knall machte sich der ganze L\u00e4ufer-Pulk auf die 5km lange Strecke.<\/p><p>Unsere L\u00e4uferinnen und L\u00e4ufer g\u00f6nnten sich gegenseitig nichts. Mal waren sie zusammen, mal wieder auseinander. Als es dann aber zum Schlussaufstieg zum Schloss kam, setzte sich Seraina leicht ab und konnte mit einer hervorragenden Zeit von 23:19 min die beste Zeit der drei TVL&#8217;er ins Ziel laufen. Mit ihrer tollen Leistung war Seraina gar die 4. schnellste Frau von allen 5km L\u00e4uferinnen! Mit nur 17 Sekunden R\u00fcckstand (23:36 min) lief dann Nils ins Ziel, gleich mit Janine im R\u00fcckspiegel, welche mit 23:42 min knapp danach im Schloss ankam.<\/p><p>Diese tollen Resultate brachten f\u00fcr die beiden L\u00e4uferinnen einen Podestplatz ein. Seraina gewann die Kategorie U20 Damen. Janine konnte den 2. Platz feiern. Die beiden nahmen verdient einen sch\u00f6nen Geschenkkorb mit nach Hause.<\/p><p>Obwohl Nils auch eine tolle Zeit lief, reichte es ihm aber nicht f\u00fcr einen Podestplatz. Die Konkurrenz bei den Herren war leider zu stark und somit musste er sich mit dem tollen 11. Platz begn\u00fcgen. Nils konnte sich aber gegen\u00fcber dem letzten Jahr um ein paar Minuten verbessern.<\/p><p>Nach der Siegerehrung trat das tolle TVL-Tr\u00fcppli wieder den Heimweg nach L\u00fctzelfl\u00fch an. Wieder mal mit super Resultaten im Gep\u00e4ck. Ich bin gespannt, was die Laufsaison noch so f\u00fcr uns bereit h\u00e4lt. Ich freue mich.<\/p>\t\t\t\t\t\t\t\t<\/div>\n\t\t\t\t<\/div>\n\t\t\t\t<div class=\"elementor-element elementor-element-d2b7dc3 elementor-widget elementor-widget-image\" data-id=\"d2b7dc3\" data-element_type=\"widget\" data-e-type=\"widget\" data-widget_type=\"image.default\">\n\t\t\t\t<div class=\"elementor-widget-container\">\n\t\t\t\t\t\t\t\t\t\t\t\t\t\t\t<img fetchpriority=\"high\" decoding=\"async\" width=\"1024\" height=\"312\" src=\"https:\/\/www.tvluetzelflueh.ch\/wp_2019_PSC\/wp-content\/uploads\/2023\/09\/2023_09_16_BurgdStadtlauf_Rangliste-WU20-1024x312.png\" class=\"attachment-large size-large wp-image-4733\" alt=\"\" srcset=\"https:\/\/www.tvluetzelflueh.ch\/wp_2019_PSC\/wp-content\/uploads\/2023\/09\/2023_09_16_BurgdStadtlauf_Rangliste-WU20-1024x312.png 1024w, https:\/\/www.tvluetzelflueh.ch\/wp_2019_PSC\/wp-content\/uploads\/2023\/09\/2023_09_16_BurgdStadtlauf_Rangliste-WU20-300x91.png 300w, https:\/\/www.tvluetzelflueh.ch\/wp_2019_PSC\/wp-content\/uploads\/2023\/09\/2023_09_16_BurgdStadtlauf_Rangliste-WU20-768x234.png 768w, https:\/\/www.tvluetzelflueh.ch\/wp_2019_PSC\/wp-content\/uploads\/2023\/09\/2023_09_16_BurgdStadtlauf_Rangliste-WU20.png 1328w\" sizes=\"(max-width: 1024px) 100vw, 1024px\" \/>\t\t\t\t\t\t\t\t\t\t\t\t\t\t\t<\/div>\n\t\t\t\t<\/div>\n\t\t\t\t<div class=\"elementor-element elementor-element-d4a660e elementor-widget elementor-widget-image\" data-id=\"d4a660e\" data-element_type=\"widget\" data-e-type=\"widget\" data-widget_type=\"image.default\">\n\t\t\t\t<div class=\"elementor-widget-container\">\n\t\t\t\t\t\t\t\t\t\t\t\t\t\t\t<img decoding=\"async\" width=\"1024\" height=\"501\" src=\"https:\/\/www.tvluetzelflueh.ch\/wp_2019_PSC\/wp-content\/uploads\/2023\/09\/2023_09_16_BurgdStadtlauf_Rangliste-MU20-1024x501.png\" class=\"attachment-large size-large wp-image-4734\" alt=\"\" srcset=\"https:\/\/www.tvluetzelflueh.ch\/wp_2019_PSC\/wp-content\/uploads\/2023\/09\/2023_09_16_BurgdStadtlauf_Rangliste-MU20-1024x501.png 1024w, https:\/\/www.tvluetzelflueh.ch\/wp_2019_PSC\/wp-content\/uploads\/2023\/09\/2023_09_16_BurgdStadtlauf_Rangliste-MU20-300x147.png 300w, https:\/\/www.tvluetzelflueh.ch\/wp_2019_PSC\/wp-content\/uploads\/2023\/09\/2023_09_16_BurgdStadtlauf_Rangliste-MU20-768x376.png 768w, https:\/\/www.tvluetzelflueh.ch\/wp_2019_PSC\/wp-content\/uploads\/2023\/09\/2023_09_16_BurgdStadtlauf_Rangliste-MU20.png 1322w\" sizes=\"(max-width: 1024px) 100vw, 1024px\" \/>\t\t\t\t\t\t\t\t\t\t\t\t\t\t\t<\/div>\n\t\t\t\t<\/div>\n\t\t\t\t<div class=\"elementor-element elementor-element-0fcfed2 elementor-widget elementor-widget-button\" data-id=\"0fcfed2\" data-element_type=\"widget\" data-e-type=\"widget\" data-widget_type=\"button.default\">\n\t\t\t\t<div class=\"elementor-widget-container\">\n\t\t\t\t\t\t\t\t\t<div class=\"elementor-button-wrapper\">\n\t\t\t\t\t<a class=\"elementor-button elementor-button-link elementor-size-sm\" href=\"https:\/\/flic.kr\/s\/aHBqjAVaFg\" target=\"_blank\">\n\t\t\t\t\t\t<span class=\"elementor-button-content-wrapper\">\n\t\t\t\t\t\t\t\t\t<span class=\"elementor-button-text\">Fotos<\/span>\n\t\t\t\t\t<\/span>\n\t\t\t\t\t<\/a>\n\t\t\t\t<\/div>\n\t\t\t\t\t\t\t\t<\/div>\n\t\t\t\t<\/div>\n\t\t\t\t\t<\/div>\n\t\t<\/div>\n\t\t\t\t\t<\/div>\n\t\t<\/section>\n\t\t\t\t<\/div>\n\t\t","protected":false},"excerpt":{"rendered":"<p>41. Burgdorfer Stadtlauf 2023\u00a0 Von Pascal Sch\u00e4kel Die diesj\u00e4hrige Ausgabe des Burgdorfer Stadtlaufs konnte sich eines wundervollen Wetters erfreuen. Nicht zu heiss, nicht zu kalt, manchmal ein paar wenige Tr\u00f6pfli vom Himmel, sonst aber trocken. Was will man also mehr.\u00a0 Die Stimmung war entsprechend gut in der Altstadt von Burgdorf. Viele Leute standen oder sassen [&hellip;]<\/p>\n","protected":false},"author":1,"featured_media":4728,"comment_status":"open","ping_status":"open","sticky":false,"template":"","format":"standard","meta":{"ocean_post_layout":"","ocean_both_sidebars_style":"","ocean_both_sidebars_content_width":0,"ocean_both_sidebars_sidebars_width":0,"ocean_sidebar":"0","ocean_second_sidebar":"0","ocean_disable_margins":"enable","ocean_add_body_class":"","ocean_shortcode_before_top_bar":"","ocean_shortcode_after_top_bar":"","ocean_shortcode_before_header":"","ocean_shortcode_after_header":"","ocean_has_shortcode":"","ocean_shortcode_after_title":"","ocean_shortcode_before_footer_widgets":"","ocean_shortcode_after_footer_widgets":"","ocean_shortcode_before_footer_bottom":"","ocean_shortcode_after_footer_bottom":"","ocean_display_top_bar":"default","ocean_display_header":"default","ocean_header_style":"","ocean_center_header_left_menu":"0","ocean_custom_header_template":"0","ocean_custom_logo":0,"ocean_custom_retina_logo":0,"ocean_custom_logo_max_width":0,"ocean_custom_logo_tablet_max_width":0,"ocean_custom_logo_mobile_max_width":0,"ocean_custom_logo_max_height":0,"ocean_custom_logo_tablet_max_height":0,"ocean_custom_logo_mobile_max_height":0,"ocean_header_custom_menu":"0","ocean_menu_typo_font_family":"0","ocean_menu_typo_font_subset":"","ocean_menu_typo_font_size":0,"ocean_menu_typo_font_size_tablet":0,"ocean_menu_typo_font_size_mobile":0,"ocean_menu_typo_font_size_unit":"px","ocean_menu_typo_font_weight":"","ocean_menu_typo_font_weight_tablet":"","ocean_menu_typo_font_weight_mobile":"","ocean_menu_typo_transform":"","ocean_menu_typo_transform_tablet":"","ocean_menu_typo_transform_mobile":"","ocean_menu_typo_line_height":0,"ocean_menu_typo_line_height_tablet":0,"ocean_menu_typo_line_height_mobile":0,"ocean_menu_typo_line_height_unit":"","ocean_menu_typo_spacing":0,"ocean_menu_typo_spacing_tablet":0,"ocean_menu_typo_spacing_mobile":0,"ocean_menu_typo_spacing_unit":"","ocean_menu_link_color":"","ocean_menu_link_color_hover":"","ocean_menu_link_color_active":"","ocean_menu_link_background":"","ocean_menu_link_hover_background":"","ocean_menu_link_active_background":"","ocean_menu_social_links_bg":"","ocean_menu_social_hover_links_bg":"","ocean_menu_social_links_color":"","ocean_menu_social_hover_links_color":"","ocean_disable_title":"default","ocean_disable_heading":"default","ocean_post_title":"","ocean_post_subheading":"","ocean_post_title_style":"","ocean_post_title_background_color":"","ocean_post_title_background":0,"ocean_post_title_bg_image_position":"","ocean_post_title_bg_image_attachment":"","ocean_post_title_bg_image_repeat":"","ocean_post_title_bg_image_size":"","ocean_post_title_height":0,"ocean_post_title_bg_overlay":0.5,"ocean_post_title_bg_overlay_color":"","ocean_disable_breadcrumbs":"default","ocean_breadcrumbs_color":"","ocean_breadcrumbs_separator_color":"","ocean_breadcrumbs_links_color":"","ocean_breadcrumbs_links_hover_color":"","ocean_display_footer_widgets":"default","ocean_display_footer_bottom":"default","ocean_custom_footer_template":"0","ocean_post_oembed":"","ocean_post_self_hosted_media":"","ocean_post_video_embed":"","ocean_link_format":"","ocean_link_format_target":"self","ocean_quote_format":"","ocean_quote_format_link":"post","ocean_gallery_link_images":"off","ocean_gallery_id":[],"footnotes":""},"categories":[1],"tags":[],"class_list":["post-4727","post","type-post","status-publish","format-standard","has-post-thumbnail","hentry","category-allgemein","entry","has-media"],"_links":{"self":[{"href":"https:\/\/www.tvluetzelflueh.ch\/wp_2019_PSC\/wp-json\/wp\/v2\/posts\/4727","targetHints":{"allow":["GET"]}}],"collection":[{"href":"https:\/\/www.tvluetzelflueh.ch\/wp_2019_PSC\/wp-json\/wp\/v2\/posts"}],"about":[{"href":"https:\/\/www.tvluetzelflueh.ch\/wp_2019_PSC\/wp-json\/wp\/v2\/types\/post"}],"author":[{"embeddable":true,"href":"https:\/\/www.tvluetzelflueh.ch\/wp_2019_PSC\/wp-json\/wp\/v2\/users\/1"}],"replies":[{"embeddable":true,"href":"https:\/\/www.tvluetzelflueh.ch\/wp_2019_PSC\/wp-json\/wp\/v2\/comments?post=4727"}],"version-history":[{"count":7,"href":"https:\/\/www.tvluetzelflueh.ch\/wp_2019_PSC\/wp-json\/wp\/v2\/posts\/4727\/revisions"}],"predecessor-version":[{"id":4737,"href":"https:\/\/www.tvluetzelflueh.ch\/wp_2019_PSC\/wp-json\/wp\/v2\/posts\/4727\/revisions\/4737"}],"wp:featuredmedia":[{"embeddable":true,"href":"https:\/\/www.tvluetzelflueh.ch\/wp_2019_PSC\/wp-json\/wp\/v2\/media\/4728"}],"wp:attachment":[{"href":"https:\/\/www.tvluetzelflueh.ch\/wp_2019_PSC\/wp-json\/wp\/v2\/media?parent=4727"}],"wp:term":[{"taxonomy":"category","embeddable":true,"href":"https:\/\/www.tvluetzelflueh.ch\/wp_2019_PSC\/wp-json\/wp\/v2\/categories?post=4727"},{"taxonomy":"post_tag","embeddable":true,"href":"https:\/\/www.tvluetzelflueh.ch\/wp_2019_PSC\/wp-json\/wp\/v2\/tags?post=4727"}],"curies":[{"name":"wp","href":"https:\/\/api.w.org\/{rel}","templated":true}]}}