{"id":4804,"date":"2023-11-12T15:46:33","date_gmt":"2023-11-12T14:46:33","guid":{"rendered":"https:\/\/www.tvluetzelflueh.ch\/wp_2019_PSC\/?p=4804"},"modified":"2023-11-12T15:47:18","modified_gmt":"2023-11-12T14:47:18","slug":"tvl-saison-abschlussabend-nachwuchs-und-ein-kleiner-essay-ueber-unseren-oertlichen-sportverein","status":"publish","type":"post","link":"https:\/\/www.tvluetzelflueh.ch\/wp_2019_PSC\/tvl-saison-abschlussabend-nachwuchs-und-ein-kleiner-essay-ueber-unseren-oertlichen-sportverein\/","title":{"rendered":"TVL Saison-Abschlussabend Nachwuchs und ein kleiner Essay \u00fcber unseren \u00f6rtlichen Sportverein"},"content":{"rendered":"\t\t<div data-elementor-type=\"wp-post\" data-elementor-id=\"4804\" class=\"elementor elementor-4804\">\n\t\t\t\t\t\t<section class=\"elementor-section elementor-top-section elementor-element elementor-element-10f89eb elementor-section-boxed elementor-section-height-default elementor-section-height-default\" data-id=\"10f89eb\" data-element_type=\"section\" data-e-type=\"section\">\n\t\t\t\t\t\t<div class=\"elementor-container elementor-column-gap-default\">\n\t\t\t\t\t<div class=\"elementor-column elementor-col-100 elementor-top-column elementor-element elementor-element-dea00c0\" data-id=\"dea00c0\" data-element_type=\"column\" data-e-type=\"column\">\n\t\t\t<div class=\"elementor-widget-wrap elementor-element-populated\">\n\t\t\t\t\t\t<div class=\"elementor-element elementor-element-2f951aa elementor-widget elementor-widget-text-editor\" data-id=\"2f951aa\" data-element_type=\"widget\" data-e-type=\"widget\" data-widget_type=\"text-editor.default\">\n\t\t\t\t<div class=\"elementor-widget-container\">\n\t\t\t\t\t\t\t\t\t<p><strong>TVL Saison-Abschlussabend Nachwuchs und ein kleiner Essay \u00fcber unseren \u00f6rtlichen Sportverein<\/strong><\/p><p><em>Von Pascal Sch\u00e4kel<br \/><\/em><\/p><p>Am Samstagabend des 11. November 2023 fand der traditionelle Saison-Abschlussabend des TV L\u00fctzelfl\u00fch Athletics-Nachwuchs statt. Im Gegensatz zu den letzten Ausf\u00fchrungen, mussten wir die ganze Veranstaltung von der B\u00fchne in die Turnhalle verlegen. Mit fast 120 Anmeldungen wurde die Kapazit\u00e4t der B\u00fchne gesprengt, was uns nat\u00fcrlich sehr gefreut hat. Das grosse Interesse an dieser Veranstaltung zeigt mir, die Verbundenheit der Familien, der Sportlerinnen und Sportler zu unserem kleinen Sportverein.<\/p><p>Nachdem ein paar kleinere technische Probleme von unseren Soundtechnikern B\u00f6fu und Nick (an dieser Stelle nochmals vielen Dank f\u00fcr den Einsatz) souver\u00e4n gel\u00f6st wurden, konnte die Veranstaltung beginnen. Nach ein paar einleitenden Worten zu Wettk\u00e4mpfen, Mitgliederbeitr\u00e4gen, Lizenzen und sonstigen administrativen Dingen, konnte dann endlich auf den wirklich interessanten Teil des Abends \u00fcbergegangen werden.<\/p><p>Zuerst wurde in f\u00fcnf kleinen Fotostories \u00fcber Trainingslager Huttwil, UBS Kids Cup Team und Sommer, Leichtathletik-Sommer und Laufsaison 23 die gesamte Saison 2023 Revue passiert. Solche kleinen Zusammenstellungen finde ich sehr interessant, kann man sich doch in wenigen Minuten die sch\u00f6nsten Erinnerungen an das vergangene Jahr noch mal zur\u00fcckholen. Sch\u00f6n ist es auch zu sehen, wie schnell sich Kinder und Jugendliche in so einem Jahr ver\u00e4ndern k\u00f6nnen. Sei es in sportlicher Hinsicht, oder auch optisch.<\/p><p>Der n\u00e4chste Punkt auf der Traktandenliste waren die \u00abEhrungen f\u00fcr sehr gute Leistungen 2023\u00bb. In dieser Saison konnten wir 17 Einzelsportlerinnen und -Sportler, sowie ein Kids Cup-Team ehren. Auch in diesem Jahr waren die erreichten \u00absehr guten Leistungen\u00bb vielf\u00e4ltig. Einzelne konnten sich Podestpl\u00e4tze in Kids Cup, Kantonalmeisterschaften oder Volksl\u00e4ufen erk\u00e4mpfen, einzelne erreichten sehr gute Rangierungen auf der BLV-Bestenliste, wieder andere konnten gleich alles zusammen erreichen. Verdientermassen konnten sich die Kinder und Jugendlichen vom versammelten Publikum feiern lassen. Die Geehrten erhielten ein kleines Geschenk, mussten sich leider aber auch ein paar kleine Fragen gefallen lassen. Aber wie kleine Medienprofis, waren die Fragen absolut kein Problem und wurden zum Teil sehr spontan und witzig beantwortet. Auf ihren Lorbeeren k\u00f6nnen sich die Geehrten aber nicht ausruhen. Alle anderen Sportlerinnen und Sportler stehen in der kommenden Saison in den Startl\u00f6chern, um ihnen den Ehrenplatz abstreitig zu machen.<\/p><p>Die letzten, aber wichtigen Punkte des Moderators gingen dann praktisch in der Vorfreude auf den abschliessenden Akt des Abschlussabends, dem Spaghetti-Plausch, unter. War ja aber auch verst\u00e4ndlich. Wenn der Magen knurrt ist zuh\u00f6ren nur noch sekund\u00e4r. In diesem Jahr pr\u00e4sentierte D\u00e4nu Mercier seine Spaghettis mit zweierlei Saucen pers\u00f6nlich und charmant vor Ort. Der Plausch schien sehr gut angekommen zu sein, da man doch viele Leute gesehen hatte, welche mehr als einmal sich in die Schlange der Wartenden eingereiht hatten. Im Anschluss konnte eine Unmenge an Geb\u00e4ck und Desserts ausprobiert werden, welches uns gespendet wurde. Vielen herzlichen Dank daf\u00fcr.<\/p><p>Aus meiner Sicht war der Abend ein voller Erfolg. Alles funktionierte wie geplant.<\/p><p><strong>Kleiner Essay \u00fcber unseren \u00f6rtlichen Sportverein<\/strong><\/p><p>Dies verleitet mich aber jetzt mal eine kleine \u00abHommage\u00bb \u00fcber unseren \u00f6rtlichen Sportverein und seine Mitglieder zu schreiben.<\/p><p>Wie ich bereits einleitend erw\u00e4hnt habe, wurde mir gestern das Gef\u00fchl vermittelt, dass die Verbundenheit in den Familien zu unserem Sportverein sehr gross ist. Sonst h\u00e4tten sich nicht so viele Leute mein \u00abGschnurr\u00bb angetan.<\/p><p>Unsere Leiterinnen und Leiter, sowie unser Vorstand (meistens in Personalunion) leisten j\u00e4hrlich eine ungez\u00e4hlte Anzahl Arbeitsstunden f\u00fcr unseren Verein. Daf\u00fcr mein herzliches Dankesch\u00f6n. Dies wird aber nicht gemacht, weil man sich neben der normalen Arbeit noch ein kleines Zusatzeinkommen verdienen will. Dies machen wir aus \u00dcberzeugung f\u00fcr die gute Sache.<\/p><p>An diesem Abend wurde mir dies wieder mal eindr\u00fccklich gezeigt, dass dies, was wir machen, etwas vom Besten ist, was man tun kann im Leben. Unz\u00e4hlige Kinder und Jugendliche aus unterschiedlichen Gemeinden der Region treffen sich mehrmals pro Woche, um gemeinsam Sport zu treiben. Man trainiert, spielt, redet, lacht zusammen und dies meist jahrgangs\u00fcbergreifend. Dabei habe ich nicht das Gef\u00fchl, dass dazu jemand gezwungen werden m\u00fcsste. Ich kann nur f\u00fcr meine Trainings sprechen, aber ich treffe immer nur auf aufgestellte, motivierte Kids und Jugendliche, welche Freude an der Sache haben, welche sie tun.<\/p><p>Wir Leiterinnen und Leiter sind auch nicht immer gleich motiviert, manchmal \u00abdoktert\u00bb man Stundenlang an einem Trainingsprogramm herum, weil man das Gef\u00fchl hat, dass es zu langweilig, zu einseitig oder zu wenig anspruchsvoll ist. Wie es sich dann schlussendlich herausstellt, hat man sich meistens zu viele Gedanken und Sorgen gemacht. Die jungen Leute kommen gerne, vorallem um mit den Kolleginnen und Kollegen zusammen zu sein.<\/p><p>Wir Leiterinnen und Leiter hatten gestern Abend, jeder einzeln, von ein paar Sportlerinnen ein wundervolles Geschenk erhalten. Das war einerseits etwas Gebackenes, welches einmal gegessen, dazu verpflichtet rauszugehen, um sich selbst zu bewegen. Andererseits war dies ein kleiner Brief mit sehr sch\u00f6nen Worten und einem Dankesch\u00f6n an uns Leitende. Genau dies sind kleine Dinge, f\u00fcr welche man die ganze Arbeit macht. Solche Geschenke kann sich keiner mit Geld kaufen, die passieren spontan von Jugendlichen, welche unser Tun sch\u00e4tzen und Freude am Vereinsleben haben. Dies wird uns weiterhin motivieren, weiterzumachen. F\u00fcr die gute Sache.<\/p><p>Ich bin froh, dass sich ehemalige Jugendliche des Vereins ebenfalls dazu entschlossen haben, als Leiterinnen und Leiter mitzuarbeiten. Es ist auch eine tolle Sache, dass sich einzelne Jugendliche bereits w\u00e4hrend der Schul- oder Lehrzeit entschlossen haben, als Hilfsleiter mitzuhelfen oder uns an Wettk\u00e4mpfe zu begleiten. Auch dies ist heute nicht mehr selbstverst\u00e4ndlich und wird uns hoffentlich eine tolle Vereins-Zukunft bescheren, mit vielen jungen motivierten Leitenden, Sportlerinnen und Sportlern, mit demselben sch\u00f6nen Sinn und Zweck, wie wir ihn heute bereits leben.<\/p><p>Ich kann Eltern nur motivieren, sich ebenfalls bei unserem kleinen Verein zu engagieren. Sei es als Leiter oder Leiterin, in einer Vorstandst\u00e4tigkeit oder einfach als helfende Hand an einem unserer Events. Den Input, den man leisten muss kann gross sein, der Output der zur\u00fcckkommt ist aber um einiges gr\u00f6sser. Denkt doch mal dar\u00fcber nach. Meine Kontaktdaten sind bekannt\u2026<\/p><p>Hopp TV L\u00fctzelfl\u00fch Athletics. Auf eine tolle Saison 2024!<\/p><p>\u00a0<\/p><p>Nachfolgend noch die Liste, der geehrten Sportlerinnen und Sportler von der Saison 2023:<\/p><ul><li>Colin Eggimann<\/li><li>Lindsey Sch\u00fctz<\/li><li>Giuliano Mosimann<\/li><li>Alissa R\u00fcfenacht<\/li><li>Leonie Bernhard<\/li><li>Valentina Mosimann<\/li><li>Seraina Sch\u00fctz<\/li><li>Sophie Hug<\/li><li>Janik Eggimann<\/li><li>Crispin Krause<\/li><li>Marlon Galli<\/li><li>Ayleen Burkhalter<\/li><li>Ziva Lehmann<\/li><li>Julia Gygax<\/li><li>Mira Bernhard<\/li><li>Janine Schifferli<\/li><li>Lenny Hug<\/li><li>Team U16 mixed UBS Kids Cup Team (Jael Eggimann, Nils Sch\u00e4kel, Janik Eggimann, Jonas B\u00e4rtschi, Jasmin Hulliger)<\/li><\/ul><p>Herzliche Gratulation!<\/p>\t\t\t\t\t\t\t\t<\/div>\n\t\t\t\t<\/div>\n\t\t\t\t<div class=\"elementor-element elementor-element-301e06e elementor-widget elementor-widget-button\" data-id=\"301e06e\" data-element_type=\"widget\" data-e-type=\"widget\" data-widget_type=\"button.default\">\n\t\t\t\t<div class=\"elementor-widget-container\">\n\t\t\t\t\t\t\t\t\t<div class=\"elementor-button-wrapper\">\n\t\t\t\t\t<a class=\"elementor-button elementor-button-link elementor-size-sm\" href=\"https:\/\/flic.kr\/s\/aHBqjB34ip\" target=\"_blank\">\n\t\t\t\t\t\t<span class=\"elementor-button-content-wrapper\">\n\t\t\t\t\t\t\t\t\t<span class=\"elementor-button-text\">Fotos<\/span>\n\t\t\t\t\t<\/span>\n\t\t\t\t\t<\/a>\n\t\t\t\t<\/div>\n\t\t\t\t\t\t\t\t<\/div>\n\t\t\t\t<\/div>\n\t\t\t\t\t<\/div>\n\t\t<\/div>\n\t\t\t\t\t<\/div>\n\t\t<\/section>\n\t\t\t\t<\/div>\n\t\t","protected":false},"excerpt":{"rendered":"<p>TVL Saison-Abschlussabend Nachwuchs und ein kleiner Essay \u00fcber unseren \u00f6rtlichen Sportverein Von Pascal Sch\u00e4kel Am Samstagabend des 11. November 2023 fand der traditionelle Saison-Abschlussabend des TV L\u00fctzelfl\u00fch Athletics-Nachwuchs statt. Im Gegensatz zu den letzten Ausf\u00fchrungen, mussten wir die ganze Veranstaltung von der B\u00fchne in die Turnhalle verlegen. Mit fast 120 Anmeldungen wurde die Kapazit\u00e4t der [&hellip;]<\/p>\n","protected":false},"author":1,"featured_media":4805,"comment_status":"open","ping_status":"open","sticky":false,"template":"","format":"standard","meta":{"ocean_post_layout":"","ocean_both_sidebars_style":"","ocean_both_sidebars_content_width":0,"ocean_both_sidebars_sidebars_width":0,"ocean_sidebar":"0","ocean_second_sidebar":"0","ocean_disable_margins":"enable","ocean_add_body_class":"","ocean_shortcode_before_top_bar":"","ocean_shortcode_after_top_bar":"","ocean_shortcode_before_header":"","ocean_shortcode_after_header":"","ocean_has_shortcode":"","ocean_shortcode_after_title":"","ocean_shortcode_before_footer_widgets":"","ocean_shortcode_after_footer_widgets":"","ocean_shortcode_before_footer_bottom":"","ocean_shortcode_after_footer_bottom":"","ocean_display_top_bar":"default","ocean_display_header":"default","ocean_header_style":"","ocean_center_header_left_menu":"0","ocean_custom_header_template":"0","ocean_custom_logo":0,"ocean_custom_retina_logo":0,"ocean_custom_logo_max_width":0,"ocean_custom_logo_tablet_max_width":0,"ocean_custom_logo_mobile_max_width":0,"ocean_custom_logo_max_height":0,"ocean_custom_logo_tablet_max_height":0,"ocean_custom_logo_mobile_max_height":0,"ocean_header_custom_menu":"0","ocean_menu_typo_font_family":"0","ocean_menu_typo_font_subset":"","ocean_menu_typo_font_size":0,"ocean_menu_typo_font_size_tablet":0,"ocean_menu_typo_font_size_mobile":0,"ocean_menu_typo_font_size_unit":"px","ocean_menu_typo_font_weight":"","ocean_menu_typo_font_weight_tablet":"","ocean_menu_typo_font_weight_mobile":"","ocean_menu_typo_transform":"","ocean_menu_typo_transform_tablet":"","ocean_menu_typo_transform_mobile":"","ocean_menu_typo_line_height":0,"ocean_menu_typo_line_height_tablet":0,"ocean_menu_typo_line_height_mobile":0,"ocean_menu_typo_line_height_unit":"","ocean_menu_typo_spacing":0,"ocean_menu_typo_spacing_tablet":0,"ocean_menu_typo_spacing_mobile":0,"ocean_menu_typo_spacing_unit":"","ocean_menu_link_color":"","ocean_menu_link_color_hover":"","ocean_menu_link_color_active":"","ocean_menu_link_background":"","ocean_menu_link_hover_background":"","ocean_menu_link_active_background":"","ocean_menu_social_links_bg":"","ocean_menu_social_hover_links_bg":"","ocean_menu_social_links_color":"","ocean_menu_social_hover_links_color":"","ocean_disable_title":"default","ocean_disable_heading":"default","ocean_post_title":"","ocean_post_subheading":"","ocean_post_title_style":"","ocean_post_title_background_color":"","ocean_post_title_background":0,"ocean_post_title_bg_image_position":"","ocean_post_title_bg_image_attachment":"","ocean_post_title_bg_image_repeat":"","ocean_post_title_bg_image_size":"","ocean_post_title_height":0,"ocean_post_title_bg_overlay":0.5,"ocean_post_title_bg_overlay_color":"","ocean_disable_breadcrumbs":"default","ocean_breadcrumbs_color":"","ocean_breadcrumbs_separator_color":"","ocean_breadcrumbs_links_color":"","ocean_breadcrumbs_links_hover_color":"","ocean_display_footer_widgets":"default","ocean_display_footer_bottom":"default","ocean_custom_footer_template":"0","ocean_post_oembed":"","ocean_post_self_hosted_media":"","ocean_post_video_embed":"","ocean_link_format":"","ocean_link_format_target":"self","ocean_quote_format":"","ocean_quote_format_link":"post","ocean_gallery_link_images":"off","ocean_gallery_id":[],"footnotes":""},"categories":[1],"tags":[],"class_list":["post-4804","post","type-post","status-publish","format-standard","has-post-thumbnail","hentry","category-allgemein","entry","has-media"],"_links":{"self":[{"href":"https:\/\/www.tvluetzelflueh.ch\/wp_2019_PSC\/wp-json\/wp\/v2\/posts\/4804","targetHints":{"allow":["GET"]}}],"collection":[{"href":"https:\/\/www.tvluetzelflueh.ch\/wp_2019_PSC\/wp-json\/wp\/v2\/posts"}],"about":[{"href":"https:\/\/www.tvluetzelflueh.ch\/wp_2019_PSC\/wp-json\/wp\/v2\/types\/post"}],"author":[{"embeddable":true,"href":"https:\/\/www.tvluetzelflueh.ch\/wp_2019_PSC\/wp-json\/wp\/v2\/users\/1"}],"replies":[{"embeddable":true,"href":"https:\/\/www.tvluetzelflueh.ch\/wp_2019_PSC\/wp-json\/wp\/v2\/comments?post=4804"}],"version-history":[{"count":4,"href":"https:\/\/www.tvluetzelflueh.ch\/wp_2019_PSC\/wp-json\/wp\/v2\/posts\/4804\/revisions"}],"predecessor-version":[{"id":4809,"href":"https:\/\/www.tvluetzelflueh.ch\/wp_2019_PSC\/wp-json\/wp\/v2\/posts\/4804\/revisions\/4809"}],"wp:featuredmedia":[{"embeddable":true,"href":"https:\/\/www.tvluetzelflueh.ch\/wp_2019_PSC\/wp-json\/wp\/v2\/media\/4805"}],"wp:attachment":[{"href":"https:\/\/www.tvluetzelflueh.ch\/wp_2019_PSC\/wp-json\/wp\/v2\/media?parent=4804"}],"wp:term":[{"taxonomy":"category","embeddable":true,"href":"https:\/\/www.tvluetzelflueh.ch\/wp_2019_PSC\/wp-json\/wp\/v2\/categories?post=4804"},{"taxonomy":"post_tag","embeddable":true,"href":"https:\/\/www.tvluetzelflueh.ch\/wp_2019_PSC\/wp-json\/wp\/v2\/tags?post=4804"}],"curies":[{"name":"wp","href":"https:\/\/api.w.org\/{rel}","templated":true}]}}