{"id":5443,"date":"2024-08-25T10:47:35","date_gmt":"2024-08-25T08:47:35","guid":{"rendered":"https:\/\/www.tvluetzelflueh.ch\/wp_2019_PSC\/?p=5443"},"modified":"2024-08-25T11:01:13","modified_gmt":"2024-08-25T09:01:13","slug":"30-emmenlauf-2024","status":"publish","type":"post","link":"https:\/\/www.tvluetzelflueh.ch\/wp_2019_PSC\/30-emmenlauf-2024\/","title":{"rendered":"30. Emmenlauf 2024"},"content":{"rendered":"\t\t<div data-elementor-type=\"wp-post\" data-elementor-id=\"5443\" class=\"elementor elementor-5443\">\n\t\t\t\t\t\t<section class=\"elementor-section elementor-top-section elementor-element elementor-element-10f89eb elementor-section-boxed elementor-section-height-default elementor-section-height-default\" data-id=\"10f89eb\" data-element_type=\"section\" data-e-type=\"section\">\n\t\t\t\t\t\t<div class=\"elementor-container elementor-column-gap-default\">\n\t\t\t\t\t<div class=\"elementor-column elementor-col-100 elementor-top-column elementor-element elementor-element-dea00c0\" data-id=\"dea00c0\" data-element_type=\"column\" data-e-type=\"column\">\n\t\t\t<div class=\"elementor-widget-wrap elementor-element-populated\">\n\t\t\t\t\t\t<div class=\"elementor-element elementor-element-2f951aa elementor-widget elementor-widget-text-editor\" data-id=\"2f951aa\" data-element_type=\"widget\" data-e-type=\"widget\" data-widget_type=\"text-editor.default\">\n\t\t\t\t<div class=\"elementor-widget-container\">\n\t\t\t\t\t\t\t\t\t<p><strong>Bericht 30. Emmenlauf\u00a0 2024<\/strong><\/p><p><em>Von Pascal Sch\u00e4kel<\/em><\/p><p>Im sp\u00e4ten August startet der zweite Teil der Laufsaison jeweils mit dem Emmenlauf in Utzenstorf. Wobei Utzenstorf allein wohl falsch ist, da der L\u00e4uf eigentlich in B\u00e4tterkinden startet, durch Wiler und Fraubrunnen f\u00fchrt\u2026 aber ist ja auch egal, solange man unterwegs keinen Wegzoll zahlen muss\u2026<\/p><p>Wetterm\u00e4ssig schloss sich der Lauf der letztj\u00e4hrigen Ausgabe an. Es war tolles Wetter, nicht zu heiss, also genau das, was man braucht, um erfolgreich in den zweiten Teil der Saison zu starten.<\/p><p>Von Seiten der Organisation gibt es noch zu erz\u00e4hlen, dass dieser Emmenlauf die 30. Ausgabe war. Also eine Jubil\u00e4umsausgabe. Das Organisationskomitee verteilte dabei Jubil\u00e4ums-Shirts und konnte sich \u00fcber eine ausgebuchte Startliste freuen.<\/p><p>Der TV L\u00fctzelfl\u00fch r\u00fcckte wieder mit einer grossen Anzahl Sportlerinnen und Sportlern, Betreuern und Eltern an. Praktisch in allen Laufkategorien waren TVL-Shirts zu sehen. Wie letztes Jahr nutzte Nicole den Lauf gleich, um ihr Mittwochstraining auf der Laufstrecke durchzuf\u00fchren.<\/p><p><strong><u>Kinderl\u00e4ufe 500m-3000m<\/u><\/strong><\/p><p>P\u00fcnktlich um 16.30 Uhr ging es los, mit den Kleinsten \u00fcber 500m Laufdistanz. \u00dcber diese Distanz stachen vorallem Lucy (9. Platz von 93 M\u00e4dchen, Zeit 2:36min) und Nathanael (5. Platz von 115 Jungs, Zeit 2:13min) heraus. Auch Ron und Nino konnten sich mit tollen Leistungen in der vorderen H\u00e4lfte der grossen Rangliste einreihen lassen.<\/p><p>Um 17.00 Uhr starteten dann die \u00abCrosserinnen und Crosser\u00bb \u00fcber die 900m-Strecke. Am besten gelang dies Marlon, welcher bei 84 gestarteten Jungs den tollen 4. Platz erreichen konnte (Zeit 3:32min). Nur eine kleine Sekunde fehlte Marlon auf den 3. Platz. In der gleichen Kategorie starteten noch Aaron, L\u00e9an und Mehmet, welche sich mit guten Leistungen im Mittelfeld klassieren konnten. Bei den M\u00e4dchen startete Mala, welche sich mit einer Zeit von 4:02min den tollen 15. Platz von 54 M\u00e4dchen sichern konnte.<\/p><p>Im Anschluss war die Kategorie \u00abRock\u00bb an der Reihe. 1600m Laufstrecke war angesagt. Die Laufstrecke f\u00fchrte einen grossen Teil \u00fcber das offene Feld und durch ein Quartier, wo die Temperaturen nicht mehr so angenehm wie im Wald waren. Die Sportlerinnen des Vereins schlugen sich aber auch unter diesen Bedingungen gut. In die TopTen konnte sich Lina laufen. Mit einer Zeit von 6:55min erreichte Lina den tollen 7. Platz von total 57 M\u00e4dchen. Weiter tolle R\u00e4nge erliefen sich Sophie (17.), Valentina (27.) und L\u00e9onie (34.).<\/p><p>Dann war die Reihe an den 3000m-L\u00e4uferinnen und L\u00e4ufern. Dies waren die Kategorien Mega und Hard (Jg. 2009 bis 2012). Bei den j\u00fcngeren Jungs starteten Lenny und Giuliano ins Rennen. 26 Jungs waren total am Start. Lenny konnte sich mit einer tollen Zeit von 10:39min den super 3. Platz sichern und damit Platz auf dem Podest nehmen und sich von der Menge feiern lassen. Aber auch Giuliano liess sich nicht lumpen und lief ein tolles Rennen. Mit 12:02min lief er auf den tollen 7. Platz. Bei den M\u00e4dchen sahen die Resultate sogar noch etwas besser aus. Mira und Lindsey duellierten sich dabei um die Pl\u00e4tze 2 und 3. Das bessere Ende hatte dann Mira. Mit einer Zeit von 12:21min erreichte sie den 2. Platz von 34 gestarteten M\u00e4dchen. Nur eine mickerige Sekunde mehr war der Grund warum Lindsey sich von Mira geschlagen geben musste. Aber der 3. Platz war auch f\u00fcr sie ein wunderbarer Erfolg. So konnte sich das TVL-Duo verdient an der Rangverk\u00fcndigung feiern lassen. Ein weiteres tolles Resultat erreichte G\u00fclciya mit dem 23. Platz.<\/p><p>Schliesslich waren noch die Hard-M\u00e4dchen dran. Am Start, unter den 12 M\u00e4dchen der Kategorie, Leonie und Meera. Wie schon im letzten Jahr liess Leonie dabei nichts anbrennen. Mit einer souver\u00e4nen Zeit von 11:09 ersprintete sich Leonie den unbestrittenen 1. Platz vor allen anderen Teilnehmerinnen und konnte an der Siegerehrung die Goldmedaille entgegennehmen. Meera erreichte an ihrem ersten Lauf \u00fcberhaupt den 12. Platz.<\/p><p>Herzlichen Gl\u00fcckwunsch f\u00fcr die tollen Resultate.<\/p><p><strong><u>5.5 km Kurz-Lauf \/ 10.5 km Hauptlauf<\/u><\/strong><\/p><p>Der 5.5km Kurz-Lauf ist f\u00fcr die Jugendlichen immer etwas ein undankbarer Lauf. Grund: Es gibt keine Altersklassen. Es gibt nur eine Erwachsenen-Kategorie. Dies hiess auch in diesem Jahr, dass sich die Jungen gegen die Alten durchsetzen mussten. Und wie kann man sich als Jugendlicher unter den vielen Teilnehmerinnen und Teilnehmer hervorheben? Klar, indem man eine granatenstarke Leistung zeigt.<\/p><p>Diesen Vorsatz wollten sich in diesem Jahr wieder Nils Sch\u00e4kel, Janine Schifferli und Seraina Sch\u00fctz vornehmen. Auch TVL-Leiterin Sarina Rothenb\u00fchler startete in diesem Jahr zum 5.5km Lauf.<\/p><p>Punkt 19.05 Uhr erfolgte der Startschuss bei der Emmenbr\u00fccke in B\u00e4tterkinden. Die Strecke verlief um den Hinterschachenwald in Kr\u00e4iligen, \u00fcber die Emme und auf der anderen Seite wieder zur\u00fcck, um dann \u00fcber die Emmenbr\u00fccke wieder ins Ziel zu kommen.<\/p><p>Janine, Nils und Seraina liessen keine Diskussion offen, was f\u00fcr Ziele sie verfolgten. In der Spitzengruppe ging es auf den Startkilometer.<\/p><p>Ja, was macht man als Betreuer so, wenn die Sch\u00fctzlinge unterwegs sind? Man schaut sich mal den Start des 10,5km-Laufs an. Interessantes Detail dieses Laufs, alle starten miteinander. In diesem Jahr waren das wirklich viele L\u00e4uferinnen und L\u00e4ufer. Kurz nach dem passieren der Hauptstrasse wird der Weg sehr eng und es gibt bei einem Sprint noch etwas zu gewinnen. Es ist also von Vorteil, wenn man schnell wegkommt, wenn man etwas gewinnen will. Und da gab es einige, die sprinteten los, als w\u00e4ren die W\u00f6lfe hinter ihnen her. Aber ja, es waren dann auch die, welche sp\u00e4ter gewonnen haben. Wer\u2019s kann\u2026 Ich k\u00f6nnte es nicht\u2026 Chapeau. Mit am Start in diesem Jahr TVL-Leiterin Celina Gugger, welche sich mit ihrer Schwester Livia angemeldet hatte.<\/p><p>Jetzt aber schnell zum Zieleinlauf des 5.5km Laufs. Handy bereit machen und auf die L\u00e4ufer und L\u00e4uferinnen warten.<\/p><p>Es musste nicht lange gewartet werden. Bereits nach 18 Minuten kam der erste L\u00e4ufer (Jg. 1998) \u00fcber die Emmenbr\u00fccke. Ein erster Test f\u00fcrs Handyfotografieren. Naja, Handykameras sind nicht f\u00fcr Laufevents gemacht. Weitere Tests konnten (Zum Gl\u00fcck!) nicht gemacht werden. Denn bereits 4 Minuten sp\u00e4ter lief der schnellste TVLer \u00fcber die Br\u00fccke ins Ziel. Nils erreichte mit einer Zeit von 22:38min den hervorragenden 10. Platz von 82 gestarteten M\u00e4nnern aller Altersklassen.<\/p><p>Die Kamera kam nicht zur Ruhe. Nur 1:20, bzw. 1:50min sp\u00e4ter liefen auch schon Janine und Seraina dem Ziel entgegen. Da vor den beiden 2010er Modis nur eine andere Frau (Jg. 2002) passiert hatte, waren die Podestpl\u00e4tze bei den Frauen bereits nach dem Einlaufen von Seraina vergeben. Janine lief mit 23:59min auf den Silbermedaillenplatz und Seraina gesellte sich mit 24:20min und der Bronzemedaille zu Janine aufs Treppchen. Aber auch Sarina erreichte eine Superzeit. Mit 25:49min erlief sie sich den tollen 6. Platz. Und dies wohlgemerkt bei 87 gestarteten Frauen aller Altersklassen.<\/p><p>Fazit zum 5.5km-Lauf: \u00abWOW!\u00bb<\/p><p>Als der Schweiss schon etwas getrocknet war, liefen auch die 10,5km L\u00e4uferinnen und L\u00e4ufer dem Ziel entgegen. Celina lief bei ihrem ersten 10,5km-Emmenlauf mit einer Zeit von 58:15min auf den tollen 13. Platz. Das familieninterne Duell mit ihrer Schwester ging dann aber doch an Livia, welche 7 Minuten schneller im Ziel war. Bravo Celina und Livia.<\/p><p>Der Lauf-Herbst ist nun lanciert. Es werden in den n\u00e4chsten Monaten noch viele L\u00e4ufe gestartet. Mal schauen, wie sich unsere \u00abheissen Eisen\u00bb im TVL-Shirt so schlagen werden. Wir werden darauf trainieren.<\/p>\t\t\t\t\t\t\t\t<\/div>\n\t\t\t\t<\/div>\n\t\t\t\t<div class=\"elementor-element elementor-element-95cff88 elementor-widget elementor-widget-image\" data-id=\"95cff88\" data-element_type=\"widget\" data-e-type=\"widget\" data-widget_type=\"image.default\">\n\t\t\t\t<div class=\"elementor-widget-container\">\n\t\t\t\t\t\t\t\t\t\t\t\t\t\t\t<img fetchpriority=\"high\" decoding=\"async\" width=\"1024\" height=\"795\" src=\"https:\/\/www.tvluetzelflueh.ch\/wp_2019_PSC\/wp-content\/uploads\/2024\/08\/2024_08_21_Rangliste-Emmenlauf2-1024x795.png\" class=\"attachment-large size-large wp-image-5454\" alt=\"\" srcset=\"https:\/\/www.tvluetzelflueh.ch\/wp_2019_PSC\/wp-content\/uploads\/2024\/08\/2024_08_21_Rangliste-Emmenlauf2-1024x795.png 1024w, https:\/\/www.tvluetzelflueh.ch\/wp_2019_PSC\/wp-content\/uploads\/2024\/08\/2024_08_21_Rangliste-Emmenlauf2-300x233.png 300w, https:\/\/www.tvluetzelflueh.ch\/wp_2019_PSC\/wp-content\/uploads\/2024\/08\/2024_08_21_Rangliste-Emmenlauf2-768x596.png 768w, https:\/\/www.tvluetzelflueh.ch\/wp_2019_PSC\/wp-content\/uploads\/2024\/08\/2024_08_21_Rangliste-Emmenlauf2.png 1082w\" sizes=\"(max-width: 1024px) 100vw, 1024px\" \/>\t\t\t\t\t\t\t\t\t\t\t\t\t\t\t<\/div>\n\t\t\t\t<\/div>\n\t\t\t\t<div class=\"elementor-element elementor-element-a64482b elementor-widget elementor-widget-button\" data-id=\"a64482b\" data-element_type=\"widget\" data-e-type=\"widget\" data-widget_type=\"button.default\">\n\t\t\t\t<div class=\"elementor-widget-container\">\n\t\t\t\t\t\t\t\t\t<div class=\"elementor-button-wrapper\">\n\t\t\t\t\t<a class=\"elementor-button elementor-button-link elementor-size-sm\" href=\"https:\/\/flic.kr\/s\/aHBqjBEz1S\" target=\"_blank\">\n\t\t\t\t\t\t<span class=\"elementor-button-content-wrapper\">\n\t\t\t\t\t\t\t\t\t<span class=\"elementor-button-text\">Fotos<\/span>\n\t\t\t\t\t<\/span>\n\t\t\t\t\t<\/a>\n\t\t\t\t<\/div>\n\t\t\t\t\t\t\t\t<\/div>\n\t\t\t\t<\/div>\n\t\t\t\t\t<\/div>\n\t\t<\/div>\n\t\t\t\t\t<\/div>\n\t\t<\/section>\n\t\t\t\t<\/div>\n\t\t","protected":false},"excerpt":{"rendered":"<p>Bericht 30. Emmenlauf\u00a0 2024 Von Pascal Sch\u00e4kel Im sp\u00e4ten August startet der zweite Teil der Laufsaison jeweils mit dem Emmenlauf in Utzenstorf. Wobei Utzenstorf allein wohl falsch ist, da der L\u00e4uf eigentlich in B\u00e4tterkinden startet, durch Wiler und Fraubrunnen f\u00fchrt\u2026 aber ist ja auch egal, solange man unterwegs keinen Wegzoll zahlen muss\u2026 Wetterm\u00e4ssig schloss sich [&hellip;]<\/p>\n","protected":false},"author":1,"featured_media":5444,"comment_status":"open","ping_status":"open","sticky":false,"template":"","format":"standard","meta":{"ocean_post_layout":"","ocean_both_sidebars_style":"","ocean_both_sidebars_content_width":0,"ocean_both_sidebars_sidebars_width":0,"ocean_sidebar":"0","ocean_second_sidebar":"0","ocean_disable_margins":"enable","ocean_add_body_class":"","ocean_shortcode_before_top_bar":"","ocean_shortcode_after_top_bar":"","ocean_shortcode_before_header":"","ocean_shortcode_after_header":"","ocean_has_shortcode":"","ocean_shortcode_after_title":"","ocean_shortcode_before_footer_widgets":"","ocean_shortcode_after_footer_widgets":"","ocean_shortcode_before_footer_bottom":"","ocean_shortcode_after_footer_bottom":"","ocean_display_top_bar":"default","ocean_display_header":"default","ocean_header_style":"","ocean_center_header_left_menu":"0","ocean_custom_header_template":"0","ocean_custom_logo":0,"ocean_custom_retina_logo":0,"ocean_custom_logo_max_width":0,"ocean_custom_logo_tablet_max_width":0,"ocean_custom_logo_mobile_max_width":0,"ocean_custom_logo_max_height":0,"ocean_custom_logo_tablet_max_height":0,"ocean_custom_logo_mobile_max_height":0,"ocean_header_custom_menu":"0","ocean_menu_typo_font_family":"0","ocean_menu_typo_font_subset":"","ocean_menu_typo_font_size":0,"ocean_menu_typo_font_size_tablet":0,"ocean_menu_typo_font_size_mobile":0,"ocean_menu_typo_font_size_unit":"px","ocean_menu_typo_font_weight":"","ocean_menu_typo_font_weight_tablet":"","ocean_menu_typo_font_weight_mobile":"","ocean_menu_typo_transform":"","ocean_menu_typo_transform_tablet":"","ocean_menu_typo_transform_mobile":"","ocean_menu_typo_line_height":0,"ocean_menu_typo_line_height_tablet":0,"ocean_menu_typo_line_height_mobile":0,"ocean_menu_typo_line_height_unit":"","ocean_menu_typo_spacing":0,"ocean_menu_typo_spacing_tablet":0,"ocean_menu_typo_spacing_mobile":0,"ocean_menu_typo_spacing_unit":"","ocean_menu_link_color":"","ocean_menu_link_color_hover":"","ocean_menu_link_color_active":"","ocean_menu_link_background":"","ocean_menu_link_hover_background":"","ocean_menu_link_active_background":"","ocean_menu_social_links_bg":"","ocean_menu_social_hover_links_bg":"","ocean_menu_social_links_color":"","ocean_menu_social_hover_links_color":"","ocean_disable_title":"default","ocean_disable_heading":"default","ocean_post_title":"","ocean_post_subheading":"","ocean_post_title_style":"","ocean_post_title_background_color":"","ocean_post_title_background":0,"ocean_post_title_bg_image_position":"","ocean_post_title_bg_image_attachment":"","ocean_post_title_bg_image_repeat":"","ocean_post_title_bg_image_size":"","ocean_post_title_height":0,"ocean_post_title_bg_overlay":0.5,"ocean_post_title_bg_overlay_color":"","ocean_disable_breadcrumbs":"default","ocean_breadcrumbs_color":"","ocean_breadcrumbs_separator_color":"","ocean_breadcrumbs_links_color":"","ocean_breadcrumbs_links_hover_color":"","ocean_display_footer_widgets":"default","ocean_display_footer_bottom":"default","ocean_custom_footer_template":"0","ocean_post_oembed":"","ocean_post_self_hosted_media":"","ocean_post_video_embed":"","ocean_link_format":"","ocean_link_format_target":"self","ocean_quote_format":"","ocean_quote_format_link":"post","ocean_gallery_link_images":"off","ocean_gallery_id":[],"footnotes":""},"categories":[1],"tags":[],"class_list":["post-5443","post","type-post","status-publish","format-standard","has-post-thumbnail","hentry","category-allgemein","entry","has-media"],"_links":{"self":[{"href":"https:\/\/www.tvluetzelflueh.ch\/wp_2019_PSC\/wp-json\/wp\/v2\/posts\/5443","targetHints":{"allow":["GET"]}}],"collection":[{"href":"https:\/\/www.tvluetzelflueh.ch\/wp_2019_PSC\/wp-json\/wp\/v2\/posts"}],"about":[{"href":"https:\/\/www.tvluetzelflueh.ch\/wp_2019_PSC\/wp-json\/wp\/v2\/types\/post"}],"author":[{"embeddable":true,"href":"https:\/\/www.tvluetzelflueh.ch\/wp_2019_PSC\/wp-json\/wp\/v2\/users\/1"}],"replies":[{"embeddable":true,"href":"https:\/\/www.tvluetzelflueh.ch\/wp_2019_PSC\/wp-json\/wp\/v2\/comments?post=5443"}],"version-history":[{"count":10,"href":"https:\/\/www.tvluetzelflueh.ch\/wp_2019_PSC\/wp-json\/wp\/v2\/posts\/5443\/revisions"}],"predecessor-version":[{"id":5457,"href":"https:\/\/www.tvluetzelflueh.ch\/wp_2019_PSC\/wp-json\/wp\/v2\/posts\/5443\/revisions\/5457"}],"wp:featuredmedia":[{"embeddable":true,"href":"https:\/\/www.tvluetzelflueh.ch\/wp_2019_PSC\/wp-json\/wp\/v2\/media\/5444"}],"wp:attachment":[{"href":"https:\/\/www.tvluetzelflueh.ch\/wp_2019_PSC\/wp-json\/wp\/v2\/media?parent=5443"}],"wp:term":[{"taxonomy":"category","embeddable":true,"href":"https:\/\/www.tvluetzelflueh.ch\/wp_2019_PSC\/wp-json\/wp\/v2\/categories?post=5443"},{"taxonomy":"post_tag","embeddable":true,"href":"https:\/\/www.tvluetzelflueh.ch\/wp_2019_PSC\/wp-json\/wp\/v2\/tags?post=5443"}],"curies":[{"name":"wp","href":"https:\/\/api.w.org\/{rel}","templated":true}]}}