{"id":5648,"date":"2024-12-16T20:31:09","date_gmt":"2024-12-16T19:31:09","guid":{"rendered":"https:\/\/www.tvluetzelflueh.ch\/wp_2019_PSC\/?p=5648"},"modified":"2024-12-16T20:35:48","modified_gmt":"2024-12-16T19:35:48","slug":"ubs-kids-cup-team-bern-2024","status":"publish","type":"post","link":"https:\/\/www.tvluetzelflueh.ch\/wp_2019_PSC\/ubs-kids-cup-team-bern-2024\/","title":{"rendered":"UBS Kids Cup Team Bern 2024"},"content":{"rendered":"\t\t<div data-elementor-type=\"wp-post\" data-elementor-id=\"5648\" class=\"elementor elementor-5648\">\n\t\t\t\t\t\t<section class=\"elementor-section elementor-top-section elementor-element elementor-element-10f89eb elementor-section-boxed elementor-section-height-default elementor-section-height-default\" data-id=\"10f89eb\" data-element_type=\"section\" data-e-type=\"section\">\n\t\t\t\t\t\t<div class=\"elementor-container elementor-column-gap-default\">\n\t\t\t\t\t<div class=\"elementor-column elementor-col-100 elementor-top-column elementor-element elementor-element-dea00c0\" data-id=\"dea00c0\" data-element_type=\"column\" data-e-type=\"column\">\n\t\t\t<div class=\"elementor-widget-wrap elementor-element-populated\">\n\t\t\t\t\t\t<div class=\"elementor-element elementor-element-2f951aa elementor-widget elementor-widget-text-editor\" data-id=\"2f951aa\" data-element_type=\"widget\" data-e-type=\"widget\" data-widget_type=\"text-editor.default\">\n\t\t\t\t<div class=\"elementor-widget-container\">\n\t\t\t\t\t\t\t\t\t<p><strong>Bericht UBS Kids Cup Team Bern 2024<\/strong><\/p><p><strong><em>Von Lino Stalder (Vormittag)<\/em><\/strong><\/p><p>In diesem Jahr \u00fcberraschte der Veranstalter der Regionalen UBS Kids Cup Team Ausscheidung in Bern, mit einem etwas anderen Zeitplan als gewohnt. So hiess es am Sonntag den 08.12.24 einmal f\u00fcr die j\u00fcngeren, also U10 und U12, fr\u00fch aus den Federn zu gelangen. Um 06:20 fand die Besammlung auf dem Badi Parkplatz statt. Ich vermutete, dass es f\u00fcr die Kinder noch ungewohnt ist, schon so fr\u00fch wach zu sein. Die Anreise mit dem Bus zeigte dann, dass die Kinder jedoch bereits hellwach waren und bereits schon viel quatschen und singen mochten.<\/p><p>In Bern starteten wir in den G\u00e4ngen der grossen Sportanlage mit einem Warmup. Dank den vielen Stockwerken, hiess es oft St\u00e4geli uf, St\u00e4geli ab, juhhee! Sobald dann noch die Startnummer gefasst waren, ging es zu Warmup 2, denn mit dem \u00dcben auf der Anlage konnten vor allem die Coaches nochmals sicherstellen, in welcher Tagesform die Kinder waren. Dies klappte eigentlich sehr gut, bis auf den Ringlisprint. Dieses Manko war jedoch der technischen Einrichtung der Anlage zu zuweisen.<\/p><p>Nun ging es endlich los, mit dem eigentlichen Wettkampf. F\u00fcr unser U10 und unser U12 Mixed Team, ging es jeweils mit der Sprungdisziplin los. Weiter ging es dann direkt f\u00fcr die U10 mit der Stafette und den U12 mit dem Ringlisprint. Bei der Stafette konnten sich die Kinder im Vergleich zu der ersten Ausscheidung in Herzogenbuchsee deutlich verbessern. Auch die U12 erreichten im Ringlisprint tolle Resultate.<\/p><p>So um die 09:30 war bereits Halbzeit des Wettkampfes. Also gab es f\u00fcr jene die Hunger hatten, sicherlich etwas zwischen die Z\u00e4hne. Am Vormittag schon Mittagspause zu haben, war f\u00fcr viele sicherlich ungewohnt.<\/p><p>Als dritte Disziplin kam der Biathlon an die Reihe. Diesen haben wir ja in den Trainings ge\u00fcbt, bis zum umfallen. So war die Erwartung hoch, dass auch viele H\u00fcttchen von den B\u00e4nkli purzeln. Drei Minuten lang flogen also die B\u00e4lle und es wurden fleissig Runden gesammelt. Fazit: Ganz so viele H\u00fcttchen waren nicht mehr oben.<\/p><p>Nun nochmals ein wenig P\u00e4uselen, bevor es dann zum Warmup 3, oder besser gesagt, zu der Besichtigung des Crosslaufes ging. Ein Blick auf den Zeitplan, liess jedoch vermuten, dass ein wenig Versp\u00e4tung zu Stande kommen wird. Durch die schlechte Planung, liessen wir uns nicht verunsichern und waren dann nach der Besichtigung ready f\u00fcr den Crosslauf. Dieser wurde von unseren Teams gut geleistet, trotz herausfordernden Hindernissen und auch ein paar St\u00fcrzen. Beide Teams konnten das Rennen auf dem 8. Rang beenden.<\/p><p>So\u2026.geschafft! F\u00fcr einen Podestplatz reichte es, trotz den guten Leistungen, jedoch leider nicht. Das U10 Mixed Team bestehend aus Elena, Lucy, Salome, Nathanael, Samuel und L\u00e9an erreichte den sehr tollen 6. Rang. Das U12 Mixed Team bestehend aus Valentina, Kaja, Mala, Ziva, Mika und Kilian konnte den guten 9. Rang erzielen.<\/p><p>Rangierung hin oder her, die Coaches Leonie, Nicole und Lino, welche die Kinder durch den Wettkampf geleitet haben, sind stolz auf die guten Leistungen!<\/p><p>Wir warteten dann noch die Rangverk\u00fcndigung ab, denn am Schluss gab es f\u00fcr alle Kindern noch einen Grittib\u00e4nz und ein Darvida. Schlussendlich fand diese dann mit einer Versp\u00e4tung von satten 40 Minuten statt. Die Berner Veranstalter haben es bei diesem Wettkampf irgendwie noch nie so mit einem p\u00fcnktlichen Zeitplan gehabt. Wir k\u00f6nnen nur hoffen, dass dies n\u00e4chstes Jahr besser wird. F\u00fcr uns war dann jedoch trotzdem fr\u00fcher als sonst gewohnt der Feierabend angesagt. Bereits vor halb drei waren wir wieder zur\u00fcck in L\u00fctzelfl\u00fch.<\/p><p><strong><em>Von Pascal Sch\u00e4kel (Nachmittag)<\/em><\/strong><\/p><p>Das Zeitmanagement der Deutschen Bahn wurde auch am Nachmittag \u00fcbernommen \u2013 oftmals viel zu sp\u00e4t und manchmal kam es ganz anders als geplant. Man musste schon einen halben Jakob-Markt voller Geduldsf\u00e4den mitbringen, um an diesem Nachmittag k\u00fchlen Kopf zu behalten.<\/p><p>Aber von Anfang an\u2026 P\u00e4scu reiste mit dem U14er-Team Mira, Alissa, Lindsey, Ayleen und Til zeitgerecht in der Wankdorfhalle zu Bern an. Bereits bei Ankunft merkte man, dass man den Zeitplan nicht allzu ernst nehmen konnte. Aber das Team war bereit und motiviert, eine super Leistung zu zeigen. Zuerst ging es zum Einlaufen auf die anschliessende Laufbahn. Neben dem normalen Einlaufen, wurde noch einmal ausgiebig die Stab\u00fcbergabe f\u00fcr die H\u00fcrden-Stafette ge\u00fcbt. Der Anfang war etwas harzig, danach lief aber alles wie am Schn\u00fcrchen. Mit diesen Erkenntnissen konnte die Challenge \u201eQuali Kids Cup Team\u201c in Angriff genommen werden.<\/p><p>P\u00fcnktlich gem, Plan, fanden sich alle Teams im Gang vor dem Halleneingang ein, um die beiden Disziplinen zu testen. Aber die Organisatoren liessen sich Zeit\u2026 sehr viel Zeit. Die Scheiben beschlugen sich schon, die Luft im Gang war zum Schneiden. Dann ging es los. Wir wollten prim\u00e4r die Mehrfach-Sprungchallenge \u00fcben, da noch nicht ganz klar war, mit welcher Nummer gestartet werden sollte. Aber \u201el\u00e4ckdochmir\u201c\u2026 Es war so wenig Platz da, dass sich die Sportler auf den F\u00fcssen rumgetreten sind. Dann kamen noch orientierungslose Leute dazu, die einfach quer \u00fcber die ganze Anlage spazierten. Fazit, wir konnten die n\u00f6tigen Tests machen, mehr schlecht als recht. F\u00fcr die Stafette reichte es nicht mehr. Der Stossverkehr vor der Anlage war viel zu dicht.<\/p><p>Dann ging der Ernstkampf los. Unsere wackeren F\u00fcnf starteten gleich mit der Sprung-Challenge. Ziel m\u00f6glichst viele Punkte, m\u00f6glichst wenig Nuller. Und genau so wurde es auch umgesetzt. In professioneller Art und Weise wurde dies Umgesetzt. Das Team, unter Chef Mira, erreichte gleich den tollen 5. Platz von 15 Teams.<\/p><p>Danach H\u00fcrdenstafette. Gem\u00e4ss Plan mussten wir auf Bahn B starten. Dumm nur, dass die Bahnen mit 1 und 2 angeschrieben waren. Nicht weiter schlimm, aber es passte halt ins Bild. Konnten die guten \u00dcbergaben vom Einlaufen \u00fcbernommen werden. Oh ja, und wie. Blitzschnell und ohne einen einzigen Fehler spulte das Team die Stafette ab. Wiederum konnte der 5. Platz erreicht werden.<\/p><p>Dann Biathlon. Immer wieder ge\u00fcbt. Trotzdem die \u201eAchillesferse\u201c des TV L\u00fctzelfl\u00fch. Das Rennen ging los. Gleich nach der ersten Runde purzelten die Pylonen. Was f\u00fcr eine Freude. Aber dann\u2026 ja eben\u2026 dem Achilles seine Ferse. Nur noch wenige Pylonen fielen den Sch\u00fcssen zum Opfer. Am Schluss blieben leider deren 5 stehen.<\/p><p>Nun wurde es taktisch. Welchen Rang m\u00fcssen wir im Cross machen, damit es aufs Podest reicht? Dazu h\u00e4tte man wissen m\u00fcssen, wie die Rangliste nach dem Biathlon ausgesehen h\u00e4tte. F\u00fcr die U16er schafften es die Organisatoren, die Rangliste aufzuh\u00e4ngen. Von den Resultaten der U14 weit und breit keine Spur. Ich greife vor: Auch als wir am Abend die H\u00fctte verliessen, war noch keine Rangliste da. Dann gab es nur eine Taktik. Vollgas. Und das liessen sich die F\u00fcnf nicht zweimal sagen. Sie legten wie die Feuerwehr los, liessen sich weder durch die anderen Teams noch durch das unorganisierte Durcheinander in der Wechselzone beeindrucken und liefen auf den tollen 4. Platz.<\/p><p>Das wars. Was war die Endrangierung? Da die Zwischenrangliste immer noch fehlte, musste die Siegerehrung abgewartet werden. Das U14er Team schaffte es leider nicht ganz aufs Treppchen. Welchen Platz genau, erfuhr man erst viel sp\u00e4ter.<\/p><p>Da es im Biathlon \u201enur\u201c f\u00fcr den 7. Platz gereicht hatte, landete das Team auf dem tollen 5. Platz. Nur 2 Rangpunkte hinter dem 3. Platzierten.<\/p><p>Der Coach konnte sich f\u00fcr die tolle Leistung beim Team bedanken. Sie haben wacker gek\u00e4mpft. Unter 15 Teams war es sehr hart und trotzdem scheiterten sie nur knapp.<\/p><p>Herzlichen Gl\u00fcckwunsch an Mira, Alissa, Lindsey, Ayleen und Til!<\/p>\t\t\t\t\t\t\t\t<\/div>\n\t\t\t\t<\/div>\n\t\t\t\t<div class=\"elementor-element elementor-element-675eea6 elementor-widget elementor-widget-button\" data-id=\"675eea6\" data-element_type=\"widget\" data-e-type=\"widget\" data-widget_type=\"button.default\">\n\t\t\t\t<div class=\"elementor-widget-container\">\n\t\t\t\t\t\t\t\t\t<div class=\"elementor-button-wrapper\">\n\t\t\t\t\t<a class=\"elementor-button elementor-button-link elementor-size-sm\" href=\"https:\/\/flic.kr\/s\/aHBqjBUNXn\" target=\"_blank\">\n\t\t\t\t\t\t<span class=\"elementor-button-content-wrapper\">\n\t\t\t\t\t\t\t\t\t<span class=\"elementor-button-text\">Fotos<\/span>\n\t\t\t\t\t<\/span>\n\t\t\t\t\t<\/a>\n\t\t\t\t<\/div>\n\t\t\t\t\t\t\t\t<\/div>\n\t\t\t\t<\/div>\n\t\t\t\t<div class=\"elementor-element elementor-element-7907d36 elementor-widget elementor-widget-button\" data-id=\"7907d36\" data-element_type=\"widget\" data-e-type=\"widget\" data-widget_type=\"button.default\">\n\t\t\t\t<div class=\"elementor-widget-container\">\n\t\t\t\t\t\t\t\t\t<div class=\"elementor-button-wrapper\">\n\t\t\t\t\t<a class=\"elementor-button elementor-button-link elementor-size-sm\" href=\"https:\/\/www.tvluetzelflueh.ch\/wp_2019_PSC\/wp-content\/uploads\/2024\/12\/Rangliste_UBSKCT_Bern24.pdf\" target=\"_blank\">\n\t\t\t\t\t\t<span class=\"elementor-button-content-wrapper\">\n\t\t\t\t\t\t\t\t\t<span class=\"elementor-button-text\">Gesamtrangliste UBS Kids Cup Team Bern<\/span>\n\t\t\t\t\t<\/span>\n\t\t\t\t\t<\/a>\n\t\t\t\t<\/div>\n\t\t\t\t\t\t\t\t<\/div>\n\t\t\t\t<\/div>\n\t\t\t\t\t<\/div>\n\t\t<\/div>\n\t\t\t\t\t<\/div>\n\t\t<\/section>\n\t\t\t\t<\/div>\n\t\t","protected":false},"excerpt":{"rendered":"<p>Bericht UBS Kids Cup Team Bern 2024 Von Lino Stalder (Vormittag) In diesem Jahr \u00fcberraschte der Veranstalter der Regionalen UBS Kids Cup Team Ausscheidung in Bern, mit einem etwas anderen Zeitplan als gewohnt. So hiess es am Sonntag den 08.12.24 einmal f\u00fcr die j\u00fcngeren, also U10 und U12, fr\u00fch aus den Federn zu gelangen. Um [&hellip;]<\/p>\n","protected":false},"author":1,"featured_media":5649,"comment_status":"open","ping_status":"open","sticky":false,"template":"","format":"standard","meta":{"ocean_post_layout":"","ocean_both_sidebars_style":"","ocean_both_sidebars_content_width":0,"ocean_both_sidebars_sidebars_width":0,"ocean_sidebar":"0","ocean_second_sidebar":"0","ocean_disable_margins":"enable","ocean_add_body_class":"","ocean_shortcode_before_top_bar":"","ocean_shortcode_after_top_bar":"","ocean_shortcode_before_header":"","ocean_shortcode_after_header":"","ocean_has_shortcode":"","ocean_shortcode_after_title":"","ocean_shortcode_before_footer_widgets":"","ocean_shortcode_after_footer_widgets":"","ocean_shortcode_before_footer_bottom":"","ocean_shortcode_after_footer_bottom":"","ocean_display_top_bar":"default","ocean_display_header":"default","ocean_header_style":"","ocean_center_header_left_menu":"0","ocean_custom_header_template":"0","ocean_custom_logo":0,"ocean_custom_retina_logo":0,"ocean_custom_logo_max_width":0,"ocean_custom_logo_tablet_max_width":0,"ocean_custom_logo_mobile_max_width":0,"ocean_custom_logo_max_height":0,"ocean_custom_logo_tablet_max_height":0,"ocean_custom_logo_mobile_max_height":0,"ocean_header_custom_menu":"0","ocean_menu_typo_font_family":"0","ocean_menu_typo_font_subset":"","ocean_menu_typo_font_size":0,"ocean_menu_typo_font_size_tablet":0,"ocean_menu_typo_font_size_mobile":0,"ocean_menu_typo_font_size_unit":"px","ocean_menu_typo_font_weight":"","ocean_menu_typo_font_weight_tablet":"","ocean_menu_typo_font_weight_mobile":"","ocean_menu_typo_transform":"","ocean_menu_typo_transform_tablet":"","ocean_menu_typo_transform_mobile":"","ocean_menu_typo_line_height":0,"ocean_menu_typo_line_height_tablet":0,"ocean_menu_typo_line_height_mobile":0,"ocean_menu_typo_line_height_unit":"","ocean_menu_typo_spacing":0,"ocean_menu_typo_spacing_tablet":0,"ocean_menu_typo_spacing_mobile":0,"ocean_menu_typo_spacing_unit":"","ocean_menu_link_color":"","ocean_menu_link_color_hover":"","ocean_menu_link_color_active":"","ocean_menu_link_background":"","ocean_menu_link_hover_background":"","ocean_menu_link_active_background":"","ocean_menu_social_links_bg":"","ocean_menu_social_hover_links_bg":"","ocean_menu_social_links_color":"","ocean_menu_social_hover_links_color":"","ocean_disable_title":"default","ocean_disable_heading":"default","ocean_post_title":"","ocean_post_subheading":"","ocean_post_title_style":"","ocean_post_title_background_color":"","ocean_post_title_background":0,"ocean_post_title_bg_image_position":"","ocean_post_title_bg_image_attachment":"","ocean_post_title_bg_image_repeat":"","ocean_post_title_bg_image_size":"","ocean_post_title_height":0,"ocean_post_title_bg_overlay":0.5,"ocean_post_title_bg_overlay_color":"","ocean_disable_breadcrumbs":"default","ocean_breadcrumbs_color":"","ocean_breadcrumbs_separator_color":"","ocean_breadcrumbs_links_color":"","ocean_breadcrumbs_links_hover_color":"","ocean_display_footer_widgets":"default","ocean_display_footer_bottom":"default","ocean_custom_footer_template":"0","ocean_post_oembed":"","ocean_post_self_hosted_media":"","ocean_post_video_embed":"","ocean_link_format":"","ocean_link_format_target":"self","ocean_quote_format":"","ocean_quote_format_link":"post","ocean_gallery_link_images":"off","ocean_gallery_id":[],"footnotes":""},"categories":[1],"tags":[],"class_list":["post-5648","post","type-post","status-publish","format-standard","has-post-thumbnail","hentry","category-allgemein","entry","has-media"],"_links":{"self":[{"href":"https:\/\/www.tvluetzelflueh.ch\/wp_2019_PSC\/wp-json\/wp\/v2\/posts\/5648","targetHints":{"allow":["GET"]}}],"collection":[{"href":"https:\/\/www.tvluetzelflueh.ch\/wp_2019_PSC\/wp-json\/wp\/v2\/posts"}],"about":[{"href":"https:\/\/www.tvluetzelflueh.ch\/wp_2019_PSC\/wp-json\/wp\/v2\/types\/post"}],"author":[{"embeddable":true,"href":"https:\/\/www.tvluetzelflueh.ch\/wp_2019_PSC\/wp-json\/wp\/v2\/users\/1"}],"replies":[{"embeddable":true,"href":"https:\/\/www.tvluetzelflueh.ch\/wp_2019_PSC\/wp-json\/wp\/v2\/comments?post=5648"}],"version-history":[{"count":7,"href":"https:\/\/www.tvluetzelflueh.ch\/wp_2019_PSC\/wp-json\/wp\/v2\/posts\/5648\/revisions"}],"predecessor-version":[{"id":5657,"href":"https:\/\/www.tvluetzelflueh.ch\/wp_2019_PSC\/wp-json\/wp\/v2\/posts\/5648\/revisions\/5657"}],"wp:featuredmedia":[{"embeddable":true,"href":"https:\/\/www.tvluetzelflueh.ch\/wp_2019_PSC\/wp-json\/wp\/v2\/media\/5649"}],"wp:attachment":[{"href":"https:\/\/www.tvluetzelflueh.ch\/wp_2019_PSC\/wp-json\/wp\/v2\/media?parent=5648"}],"wp:term":[{"taxonomy":"category","embeddable":true,"href":"https:\/\/www.tvluetzelflueh.ch\/wp_2019_PSC\/wp-json\/wp\/v2\/categories?post=5648"},{"taxonomy":"post_tag","embeddable":true,"href":"https:\/\/www.tvluetzelflueh.ch\/wp_2019_PSC\/wp-json\/wp\/v2\/tags?post=5648"}],"curies":[{"name":"wp","href":"https:\/\/api.w.org\/{rel}","templated":true}]}}