{"id":5678,"date":"2025-01-22T19:08:07","date_gmt":"2025-01-22T18:08:07","guid":{"rendered":"https:\/\/www.tvluetzelflueh.ch\/wp_2019_PSC\/?p=5678"},"modified":"2025-01-27T20:39:39","modified_gmt":"2025-01-27T19:39:39","slug":"ubs-kids-cup-team-duedingen-2024","status":"publish","type":"post","link":"https:\/\/www.tvluetzelflueh.ch\/wp_2019_PSC\/ubs-kids-cup-team-duedingen-2024\/","title":{"rendered":"UBS Kids Cup Team D\u00fcdingen 2025"},"content":{"rendered":"\t\t<div data-elementor-type=\"wp-post\" data-elementor-id=\"5678\" class=\"elementor elementor-5678\">\n\t\t\t\t\t\t<section class=\"elementor-section elementor-top-section elementor-element elementor-element-10f89eb elementor-section-boxed elementor-section-height-default elementor-section-height-default\" data-id=\"10f89eb\" data-element_type=\"section\" data-e-type=\"section\">\n\t\t\t\t\t\t<div class=\"elementor-container elementor-column-gap-default\">\n\t\t\t\t\t<div class=\"elementor-column elementor-col-100 elementor-top-column elementor-element elementor-element-dea00c0\" data-id=\"dea00c0\" data-element_type=\"column\" data-e-type=\"column\">\n\t\t\t<div class=\"elementor-widget-wrap elementor-element-populated\">\n\t\t\t\t\t\t<div class=\"elementor-element elementor-element-2f951aa elementor-widget elementor-widget-text-editor\" data-id=\"2f951aa\" data-element_type=\"widget\" data-e-type=\"widget\" data-widget_type=\"text-editor.default\">\n\t\t\t\t<div class=\"elementor-widget-container\">\n\t\t\t\t\t\t\t\t\t<p><strong>Bericht UBS Kids Cup Team D\u00fcdingen 2025<\/strong><\/p><p><strong><em>Von Celina Gugger<\/em><\/strong><\/p><p>Zum dritten Mal in der laufenden Hallensaison nahmen vier Teams des TV L\u00fctzelfl\u00fch Athletics an einer Ausscheidung des UBS Kids Cup Team teil. Erstmals reisten die Teams mit ihren Coaches daf\u00fcr in den Kanton Freiburg nach D\u00fcdingen. Der TSV D\u00fcdingen \u00fcberzeugte mit einer sehr effizienten und reibungslosen Organisation des Wettkampftages, was die Teilnahme sehr angenehm gestaltete.<\/p><p>Fr\u00fch morgens machte sich das U14 mixed Team mit Giuliano Mosimann, Alissa R\u00fcfenacht, Bente Thye, Lindsey Sch\u00fctz und Mira Bernhard auf den Weg nach D\u00fcdingen. Nachdem sich das Team an den letzten beiden Ausscheidungen mit dem 5. Platz jeweils knapp neben dem Podest rangierte, war das Ziel klar, eine Medaille und damit die Qualifikation f\u00fcr den Regionalfinal. Das Team zeigte grosse mentale St\u00e4rke, war absolut parat und hatte einen sehr grossen Willen, dieses Ziel endlich zu erreichen. Mit soliden Leistungen in den beiden ersten Disziplinen Sprungchallenge und H\u00fcrdenstafette legte das Team den Grundstein f\u00fcr ein tolles Resultat. Auf der Zwischenrangliste nach zwei von vier Disziplinen teilten sie sich mit einem weiteren Team den dritten Zwischenrang. Das spornte die Athlet*innen nat\u00fcrlich weiter an. Im dreimin\u00fctigen Biathlonlauf wurden die Nerven der Coaches zuerst m\u00e4chtig strapaziert. Die Markierh\u00fctchen wollten in der ersten H\u00e4lfte einfach nicht runterfallen. Daf\u00fcr spulten die f\u00fcnf Sportler*innen ordentlich Runden ab, und dann klappte es auch noch mit pr\u00e4zisen W\u00fcrfen. Das brachte ihnen wenige zwei Rangpunkte ein, von allen Teams lief das U14 mixed Team des TV L\u00fctzelfl\u00fch am meisten Runden. Kurz vor der letzten Disziplin, dem Crosslauf, wurde klar, das Team lag \u2013 nun mit einem komfortablen Vorsprung \u2013 immer noch auf Zwischenrang drei. Dieser wurde im Crosslauf souver\u00e4n verteidigt. Endlich konnten sich Giuliano, Alissa, Bente, Lindsey und Mira eine wohlverdiente und hart erk\u00e4mpfte Bronzemedaille umh\u00e4ngen lassen und darf sich nun auf einen Start am Regionalfinal im M\u00e4rz in Burgdorf freuen.<\/p><p>Am Nachmittag standen ein U10 mixed Team und zwei U12 mixed Teams aus den Reihen des TV L\u00fctzelfl\u00fch Athletics am Start. Alle Athlet*innen kamen mit viel Begeisterung und Freude in D\u00fcdingen an. Wiederum waren Kinder dabei, welche zuvor noch nie an einem Wettkampf teilgenommen hatten und ihre Premiere absolvierten.<\/p><p>Das U10-Team startete gleich mit einem Disziplinensieg im Sprung. Im anschliessenden UBS-Goldsprint, wie auch im Biathlon erreichten sie den 6. Platz. Damit konnte das Team als Drittplatzierte auf der Zwischenrangliste in den Team-Cross starten. Die Coaches erkl\u00e4rten den Athlet*innen, dass sie, um eine Medaille zu holen, als Dritte ins Ziel laufen m\u00fcssten. Sie fragten darauf, was passieren w\u00fcrde, wenn sie als Erste ins Ziel laufen w\u00fcrden. Die Antwort: &#8222;Dann gibt es einen Podestplatz.&#8220; Ihre Reaktion: &#8222;Also, gewinnen wir!&#8220;. Mit diesem Kampfgeist setzten sie dieses Zeil um: gleich in der ersten Kurve \u00fcbernahmen sie die F\u00fchrung und gaben diese nicht mehr ab. So konnte das Team den Cross gewinnen und sich den dritten Schlussrang sichern. Elena Piskovic, Nathanael Stucki, Lucy Hirsbrunner, Salome Stucki, Ron Hirsbrunner und L\u00e9an Geering konnten sich somit ebenfalls eine Bronzemedaille umh\u00e4ngen lassen und freuen sich auch auf den Start am Regionalfinal.<\/p><p>Bei den U12-Teams starteten Team 1 und Team 2 beide mit der Disziplin Sprung. Bei beiden Teams lief der Sprung sehr gut, und viele Athlet*innen erzielten mehr Punkte als sonst. Im Ringlisprint musste Team 1 jedoch einen R\u00fcckschlag einstecken: Ihnen wurde ein &#8222;Nuller&#8220; geschrieben. Bei Team 2 lief es deutlich besser, und jedes Kind konnte Punkte sammeln. Beide Teams fragten immer wieder begeistert, wann der Biathlon endlich starten w\u00fcrde. Top motiviert wollten alle unbedingt wieder antreten. Im Biathlon liefen beide Teams sehr stark, mit vielen Runden und Treffern. Zum Abschluss stand auch bei diesen beiden Teams der Team-Cross auf dem Programm. Team 1 zeigte dort eine starke Leistung und konnte sich in der Endabrechnung auf den 7. Schlussrang verbessern. Team 2 erreichte am Ende Rang 11.<\/p><p>Die Coaches sind alle sehr stolz darauf, was die Athlet*innen des TV L\u00fctzelfl\u00fch Athletics den ganzen Tag \u00fcber geleistet haben.<\/p>\t\t\t\t\t\t\t\t<\/div>\n\t\t\t\t<\/div>\n\t\t\t\t<div class=\"elementor-element elementor-element-675eea6 elementor-widget elementor-widget-button\" data-id=\"675eea6\" data-element_type=\"widget\" data-e-type=\"widget\" data-widget_type=\"button.default\">\n\t\t\t\t<div class=\"elementor-widget-container\">\n\t\t\t\t\t\t\t\t\t<div class=\"elementor-button-wrapper\">\n\t\t\t\t\t<a class=\"elementor-button elementor-button-link elementor-size-sm\" href=\"https:\/\/flic.kr\/s\/aHBqjBYW6B\" target=\"_blank\">\n\t\t\t\t\t\t<span class=\"elementor-button-content-wrapper\">\n\t\t\t\t\t\t\t\t\t<span class=\"elementor-button-text\">Fotos<\/span>\n\t\t\t\t\t<\/span>\n\t\t\t\t\t<\/a>\n\t\t\t\t<\/div>\n\t\t\t\t\t\t\t\t<\/div>\n\t\t\t\t<\/div>\n\t\t\t\t<div class=\"elementor-element elementor-element-7907d36 elementor-widget elementor-widget-button\" data-id=\"7907d36\" data-element_type=\"widget\" data-e-type=\"widget\" data-widget_type=\"button.default\">\n\t\t\t\t<div class=\"elementor-widget-container\">\n\t\t\t\t\t\t\t\t\t<div class=\"elementor-button-wrapper\">\n\t\t\t\t\t<a class=\"elementor-button elementor-button-link elementor-size-sm\" href=\"https:\/\/www.tvluetzelflueh.ch\/wp_2019_PSC\/wp-content\/uploads\/2025\/01\/Rangliste-A4_Gesamtrangliste-Duedingen.pdf\" target=\"_blank\">\n\t\t\t\t\t\t<span class=\"elementor-button-content-wrapper\">\n\t\t\t\t\t\t\t\t\t<span class=\"elementor-button-text\">Gesamtrangliste UBS Kids Cup Team D\u00fcdingen<\/span>\n\t\t\t\t\t<\/span>\n\t\t\t\t\t<\/a>\n\t\t\t\t<\/div>\n\t\t\t\t\t\t\t\t<\/div>\n\t\t\t\t<\/div>\n\t\t\t\t\t<\/div>\n\t\t<\/div>\n\t\t\t\t\t<\/div>\n\t\t<\/section>\n\t\t\t\t<\/div>\n\t\t","protected":false},"excerpt":{"rendered":"<p>Bericht UBS Kids Cup Team D\u00fcdingen 2025 Von Celina Gugger Zum dritten Mal in der laufenden Hallensaison nahmen vier Teams des TV L\u00fctzelfl\u00fch Athletics an einer Ausscheidung des UBS Kids Cup Team teil. Erstmals reisten die Teams mit ihren Coaches daf\u00fcr in den Kanton Freiburg nach D\u00fcdingen. Der TSV D\u00fcdingen \u00fcberzeugte mit einer sehr effizienten [&hellip;]<\/p>\n","protected":false},"author":1,"featured_media":5679,"comment_status":"open","ping_status":"open","sticky":false,"template":"","format":"standard","meta":{"ocean_post_layout":"","ocean_both_sidebars_style":"","ocean_both_sidebars_content_width":0,"ocean_both_sidebars_sidebars_width":0,"ocean_sidebar":"0","ocean_second_sidebar":"0","ocean_disable_margins":"enable","ocean_add_body_class":"","ocean_shortcode_before_top_bar":"","ocean_shortcode_after_top_bar":"","ocean_shortcode_before_header":"","ocean_shortcode_after_header":"","ocean_has_shortcode":"","ocean_shortcode_after_title":"","ocean_shortcode_before_footer_widgets":"","ocean_shortcode_after_footer_widgets":"","ocean_shortcode_before_footer_bottom":"","ocean_shortcode_after_footer_bottom":"","ocean_display_top_bar":"default","ocean_display_header":"default","ocean_header_style":"","ocean_center_header_left_menu":"0","ocean_custom_header_template":"0","ocean_custom_logo":0,"ocean_custom_retina_logo":0,"ocean_custom_logo_max_width":0,"ocean_custom_logo_tablet_max_width":0,"ocean_custom_logo_mobile_max_width":0,"ocean_custom_logo_max_height":0,"ocean_custom_logo_tablet_max_height":0,"ocean_custom_logo_mobile_max_height":0,"ocean_header_custom_menu":"0","ocean_menu_typo_font_family":"0","ocean_menu_typo_font_subset":"","ocean_menu_typo_font_size":0,"ocean_menu_typo_font_size_tablet":0,"ocean_menu_typo_font_size_mobile":0,"ocean_menu_typo_font_size_unit":"px","ocean_menu_typo_font_weight":"","ocean_menu_typo_font_weight_tablet":"","ocean_menu_typo_font_weight_mobile":"","ocean_menu_typo_transform":"","ocean_menu_typo_transform_tablet":"","ocean_menu_typo_transform_mobile":"","ocean_menu_typo_line_height":0,"ocean_menu_typo_line_height_tablet":0,"ocean_menu_typo_line_height_mobile":0,"ocean_menu_typo_line_height_unit":"","ocean_menu_typo_spacing":0,"ocean_menu_typo_spacing_tablet":0,"ocean_menu_typo_spacing_mobile":0,"ocean_menu_typo_spacing_unit":"","ocean_menu_link_color":"","ocean_menu_link_color_hover":"","ocean_menu_link_color_active":"","ocean_menu_link_background":"","ocean_menu_link_hover_background":"","ocean_menu_link_active_background":"","ocean_menu_social_links_bg":"","ocean_menu_social_hover_links_bg":"","ocean_menu_social_links_color":"","ocean_menu_social_hover_links_color":"","ocean_disable_title":"default","ocean_disable_heading":"default","ocean_post_title":"","ocean_post_subheading":"","ocean_post_title_style":"","ocean_post_title_background_color":"","ocean_post_title_background":0,"ocean_post_title_bg_image_position":"","ocean_post_title_bg_image_attachment":"","ocean_post_title_bg_image_repeat":"","ocean_post_title_bg_image_size":"","ocean_post_title_height":0,"ocean_post_title_bg_overlay":0.5,"ocean_post_title_bg_overlay_color":"","ocean_disable_breadcrumbs":"default","ocean_breadcrumbs_color":"","ocean_breadcrumbs_separator_color":"","ocean_breadcrumbs_links_color":"","ocean_breadcrumbs_links_hover_color":"","ocean_display_footer_widgets":"default","ocean_display_footer_bottom":"default","ocean_custom_footer_template":"0","ocean_post_oembed":"","ocean_post_self_hosted_media":"","ocean_post_video_embed":"","ocean_link_format":"","ocean_link_format_target":"self","ocean_quote_format":"","ocean_quote_format_link":"post","ocean_gallery_link_images":"off","ocean_gallery_id":[],"footnotes":""},"categories":[1],"tags":[],"class_list":["post-5678","post","type-post","status-publish","format-standard","has-post-thumbnail","hentry","category-allgemein","entry","has-media"],"_links":{"self":[{"href":"https:\/\/www.tvluetzelflueh.ch\/wp_2019_PSC\/wp-json\/wp\/v2\/posts\/5678","targetHints":{"allow":["GET"]}}],"collection":[{"href":"https:\/\/www.tvluetzelflueh.ch\/wp_2019_PSC\/wp-json\/wp\/v2\/posts"}],"about":[{"href":"https:\/\/www.tvluetzelflueh.ch\/wp_2019_PSC\/wp-json\/wp\/v2\/types\/post"}],"author":[{"embeddable":true,"href":"https:\/\/www.tvluetzelflueh.ch\/wp_2019_PSC\/wp-json\/wp\/v2\/users\/1"}],"replies":[{"embeddable":true,"href":"https:\/\/www.tvluetzelflueh.ch\/wp_2019_PSC\/wp-json\/wp\/v2\/comments?post=5678"}],"version-history":[{"count":8,"href":"https:\/\/www.tvluetzelflueh.ch\/wp_2019_PSC\/wp-json\/wp\/v2\/posts\/5678\/revisions"}],"predecessor-version":[{"id":5695,"href":"https:\/\/www.tvluetzelflueh.ch\/wp_2019_PSC\/wp-json\/wp\/v2\/posts\/5678\/revisions\/5695"}],"wp:featuredmedia":[{"embeddable":true,"href":"https:\/\/www.tvluetzelflueh.ch\/wp_2019_PSC\/wp-json\/wp\/v2\/media\/5679"}],"wp:attachment":[{"href":"https:\/\/www.tvluetzelflueh.ch\/wp_2019_PSC\/wp-json\/wp\/v2\/media?parent=5678"}],"wp:term":[{"taxonomy":"category","embeddable":true,"href":"https:\/\/www.tvluetzelflueh.ch\/wp_2019_PSC\/wp-json\/wp\/v2\/categories?post=5678"},{"taxonomy":"post_tag","embeddable":true,"href":"https:\/\/www.tvluetzelflueh.ch\/wp_2019_PSC\/wp-json\/wp\/v2\/tags?post=5678"}],"curies":[{"name":"wp","href":"https:\/\/api.w.org\/{rel}","templated":true}]}}