{"id":6257,"date":"2026-01-22T21:24:14","date_gmt":"2026-01-22T20:24:14","guid":{"rendered":"https:\/\/www.tvluetzelflueh.ch\/wp_2019_PSC\/?p=6257"},"modified":"2026-01-22T21:25:11","modified_gmt":"2026-01-22T20:25:11","slug":"ubs-kids-cup-team-ausscheidung-duedingen-2026","status":"publish","type":"post","link":"https:\/\/www.tvluetzelflueh.ch\/wp_2019_PSC\/ubs-kids-cup-team-ausscheidung-duedingen-2026\/","title":{"rendered":"UBS Kids Cup Team, Ausscheidung D\u00fcdingen 2026"},"content":{"rendered":"\t\t<div data-elementor-type=\"wp-post\" data-elementor-id=\"6257\" class=\"elementor elementor-6257\">\n\t\t\t\t\t\t<section class=\"elementor-section elementor-top-section elementor-element elementor-element-10f89eb elementor-section-boxed elementor-section-height-default elementor-section-height-default\" data-id=\"10f89eb\" data-element_type=\"section\" data-e-type=\"section\">\n\t\t\t\t\t\t<div class=\"elementor-container elementor-column-gap-default\">\n\t\t\t\t\t<div class=\"elementor-column elementor-col-100 elementor-top-column elementor-element elementor-element-dea00c0\" data-id=\"dea00c0\" data-element_type=\"column\" data-e-type=\"column\">\n\t\t\t<div class=\"elementor-widget-wrap elementor-element-populated\">\n\t\t\t\t\t\t<div class=\"elementor-element elementor-element-2f951aa elementor-widget elementor-widget-text-editor\" data-id=\"2f951aa\" data-element_type=\"widget\" data-e-type=\"widget\" data-widget_type=\"text-editor.default\">\n\t\t\t\t<div class=\"elementor-widget-container\">\n\t\t\t\t\t\t\t\t\t<p><strong>UBS Kids Cup Team, Ausscheidung D\u00fcdingen<\/strong><\/p><p><em>Von Martina Kuhn<\/em><\/p><p>Am 17. Januar 2026 ging es f\u00fcr sieben Teams des TV L\u00fctzelfl\u00fch Athletics an die letzte lokale Ausscheidung des UBS Kids Cup Team dieser Saison. Nach Verletzungspech und krankheitsbedingten Ausf\u00e4llen war es keine Selbstverst\u00e4ndlichkeit, dass alle sieben Teams \u00fcberhaupt an den Start gehen konnten.<\/p><p><u>Vormittag<\/u><\/p><p>F\u00fcr die U16- und U14-Athlet*innen hiess es \u2013 nachdem sie bei der lokalen Ausscheidung in Bern erst am Nachmittag gestartet waren \u2013 fr\u00fch aufstehen. Die Besammlung auf dem Badiparkplatz fand bereits um 6:00 Uhr statt, danach folgte die Anreise in den Kanton Freiburg nach D\u00fcdingen.<\/p><p>F\u00fcr das U16 Mixed-Team mit Alissa R\u00fcfenacht, Adrian Fl\u00fcckiger, Bente Thye, Crispin Krause und Mira Bernhard startete der Wettkampf mit dem Stabweitsprung. Dort holten sie mehr Punkte als alle anderen Teams \u2013 Rang 1. Beim anschliessenden Risikosprint erreichten sie den 3. Rang. Nach den ersten beiden Disziplinen lag das U16 Mixed-Team auf dem 1. Platz und war auf idealem Kurs f\u00fcr einen Podestplatz.<\/p><p>Das U14 Mixed-Team, bestehend aus Elea Hausammann, Max Aebi, Mika H\u00e4fliger, Shaiyan Vuillemin und Sophie Hug, begann mit der Sprung-Challenge. Als N\u00e4chstes folgte die H\u00fcrdenstafette. Das U14 Girls-Team mit Anina Moser, Christina Morgenthaler, Eliane Sutter, Lina R\u00fcfenacht und Shila von Gunten startete mit der H\u00fcrdenstafette, bevor die Sprung-Challenge anstand. Nach Verletzungspech war es Shila und Anina zu verdanken, dass \u00fcberhaupt zwei U14-Teams an den Start gehen konnten.<\/p><p>Beide U14-Teams liefen schnell \u00fcber die H\u00fcrden und erzielten auch in der Sprung-Challenge gute Resultate. Nach den ersten beiden Disziplinen lagen sie solide im Mittelfeld. In den Kategorien U14 Mixed und U14 Girls war die Konkurrenz dieses Jahr besonders gross: 20 Teams traten bei den Mixed, 17 bei den Girls an.<\/p><p>F\u00fcr alle Teams stand nun der Biathlon auf dem Programm. Das U14 Mixed-Team erreichte dort den starken 6. Rang. Das U14 Girls-Team belegte den 14. Rang. Das U16 Mixed-Team lief im Biathlon viele Runden \u2013 nur die H\u00fctchen wollten nicht fallen. Ob es f\u00fcr einen Podestplatz und damit f\u00fcr die Qualifikation f\u00fcr den Regionalfinal in Burgdorf reichen w\u00fcrde, entschied sich im abschliessenden Team Cross.<\/p><p>Mit viel Kampfgeist, Einsatz und Teamgeist traten die drei Teams im Team Cross an. Die beiden U14-Teams zeigten dabei einen sehr starken Cross. Das U14 Mixed-Team belegte den hervorragenden 7. Rang, das U14 Girls-Team den sehr guten 11. Rang. Mit dem 2. Rang im Team Cross beendete das U16 Mixed-Team den Wettkampf auf dem 2. Gesamtrang und qualifizierte sich damit f\u00fcr den Regionalfinal in Burgdorf. Das U14 Mixed-Team schloss den Wettkampf auf Rang 8, das U14 Girls-Team auf Rang 12 ab.<\/p><p><u>Nachmittag<\/u><\/p><p>W\u00e4hrend die U14- und U16-Teams den Team Cross liefen, besammelten sich die beiden U12 Mixed- und U10 Mixed-Teams auf dem Badiparkplatz in L\u00fctzelfl\u00fch.<\/p><p>In D\u00fcdingen angekommen, begann der Wettkampf f\u00fcr die U12 Mixed-Teams mit dem Zonenweitsprung, gefolgt vom Ringlisprint. Das Team \u00abTV L\u00fctzelfl\u00fch Athletics 1\u00bb, bestehend aus Anouk Gerber, Linn B\u00e4hler, Mala Hirsbrunner, Marlon Galli, Soiyala Vuillemin und Timeo Kohler, war nach den ersten beiden Disziplinen nur wenige Rangpunkte vom Podest entfernt. Das Team \u00abTV L\u00fctzelfl\u00fch Athletics 2\u00bb mit Aaron L\u00fcthi, Amelie Teixeira, L\u00e9an Geering, Luna Azizi, Samuel Geering und Talita von Allmen zeigte ebenfalls gute und solide Leistungen.<\/p><p>Das \u00abU12 Mixed-Team 2\u00bb war wohl eines der j\u00fcngsten Teams dieser Kategorie. Luna und Talita starteten mit Jahrgang 2019 \u2013 also als deutlich j\u00fcngere Athlet*innen in einer Kategorie mit Jahrg\u00e4ngen 2015 und 2016. Beim Wettkampf fiel das aber kaum auf: Sie \u00fcberzeugten mit viel Einsatzfreude und Mut.<\/p><p>Die beiden U10 Mixed-Teams starteten mit dem Weltklassesprung, gefolgt vom UBS Gold Sprint. Mit 31 Punkten und klarem Vorsprung auf Rang 2 gewann das Team \u00abTV L\u00fctzelfl\u00fch Athletics 1\u00bb den Weltklassesprung souver\u00e4n. Das Team mit Ben Z\u00fcrcher, Leo Gerber, Leonie Z\u00fcrcher, Lucy Hirsbrunner, Nathanael Stucki und Salome Stucki sprang weiter als alle anderen. Beim UBS Gold Sprint erreichten sie trotz einiger Stabfehler den 2. Rang. Auch das Team \u00abTV L\u00fctzelfl\u00fch Athletics 2\u00bb, bestehend aus Anouk Z\u00fcrcher, Gabriel Teixeira, Jo\u00eblle Dellenbach, Jodie Gerber, Nino Geering und Yoshua von Allmen, \u00fcberzeugte.<\/p><p>Mit sehr guten Aussichten auf ein Podest f\u00fcr das \u00abU10 Mixed-Team 1\u00bb und Hoffnung auf Rang 3 beim \u00abU12 Mixed-Team 1\u00bb starteten die beiden Teams in den Biathlon. Beide erk\u00e4mpften sich in dieser Disziplin den 1. Rang. Das \u00abU10 Mixed-Team 2\u00bb erreichte den 5. und das \u00abU12 Mixed-Team 2\u00bb den 13. Platz.<\/p><p>Vor dem abschliessenden Cross lag das \u00abU10 Mixed-Team 1\u00bb auf Rang 1. Das \u00abU12 Mixed-Team 1\u00bb hatte weiterhin nur wenige Punkte R\u00fcckstand auf das Podest. Mit mehr als einer Runde Vorsprung beendete das \u00abU10 Mixed-Team 1\u00bb den Cross und damit auch den gesamten Wettkampf auf dem 1. Rang \u2013 drei Mal Rang 1 und einmal Rang 2: Qualifikation f\u00fcr den Regionalfinal und eine hervorragende Bilanz! Das \u00abU12 Mixed-Team 1\u00bb erlief den ausgezeichneten 2. Rang. Leider lief der Schlussl\u00e4ufer des Teams des TV L\u00e4nggasse Bern als Dritter ein. Trotz grossem Einsatz im Biathlon und im Team Cross verpasste das Team mit nur einem Rangpunkt zu viel das Podest und belegte den undankbaren 4. Platz.<\/p><p>Auch die anderen beiden TV L\u00fctzelfl\u00fch Athletics Teams gingen mit viel Kampfgeist, Einsatz und Teamgeist an den Start und zeigten tolle Leistungen. Am Ende beendete das \u00abU12 Mixed-Team 2\u00bb den Wettkampf auf Rang 13 und das \u00abU10 Mixed-Team 2\u00bb den Wettkampf auf Rang 9.<\/p><p><u>Bemerkung zum Schluss<\/u><\/p><p>Alle sieben Teams des TV L\u00fctzelfl\u00fch Athletics d\u00fcrfen wirklich stolz auf sich sein. \u00dcber den ganzen Wettkampftag hinweg zeigten die Athlet*innen tolle Leistungen, beeindruckenden Einsatz und vor allem grossartigen Teamgeist \u2013 eine rundum starke Teamleistung!<\/p>\t\t\t\t\t\t\t\t<\/div>\n\t\t\t\t<\/div>\n\t\t\t\t\t<\/div>\n\t\t<\/div>\n\t\t\t\t\t<\/div>\n\t\t<\/section>\n\t\t\t\t<section class=\"elementor-section elementor-top-section elementor-element elementor-element-3a0369f elementor-section-boxed elementor-section-height-default elementor-section-height-default\" data-id=\"3a0369f\" data-element_type=\"section\" data-e-type=\"section\">\n\t\t\t\t\t\t<div class=\"elementor-container elementor-column-gap-default\">\n\t\t\t\t\t<div class=\"elementor-column elementor-col-100 elementor-top-column elementor-element elementor-element-1ecacb7\" data-id=\"1ecacb7\" data-element_type=\"column\" data-e-type=\"column\">\n\t\t\t<div class=\"elementor-widget-wrap elementor-element-populated\">\n\t\t\t\t\t\t<div class=\"elementor-element elementor-element-23ab389 elementor-widget elementor-widget-button\" data-id=\"23ab389\" data-element_type=\"widget\" data-e-type=\"widget\" data-widget_type=\"button.default\">\n\t\t\t\t<div class=\"elementor-widget-container\">\n\t\t\t\t\t\t\t\t\t<div class=\"elementor-button-wrapper\">\n\t\t\t\t\t<a class=\"elementor-button elementor-button-link elementor-size-sm\" href=\"https:\/\/flic.kr\/s\/aHBqjCHjMV\" target=\"_blank\">\n\t\t\t\t\t\t<span class=\"elementor-button-content-wrapper\">\n\t\t\t\t\t\t\t\t\t<span class=\"elementor-button-text\">Fotos<\/span>\n\t\t\t\t\t<\/span>\n\t\t\t\t\t<\/a>\n\t\t\t\t<\/div>\n\t\t\t\t\t\t\t\t<\/div>\n\t\t\t\t<\/div>\n\t\t\t\t<div class=\"elementor-element elementor-element-a211f38 elementor-widget elementor-widget-button\" data-id=\"a211f38\" data-element_type=\"widget\" data-e-type=\"widget\" data-widget_type=\"button.default\">\n\t\t\t\t<div class=\"elementor-widget-container\">\n\t\t\t\t\t\t\t\t\t<div class=\"elementor-button-wrapper\">\n\t\t\t\t\t<a class=\"elementor-button elementor-button-link elementor-size-sm\" href=\"https:\/\/tsvd.ch\/wp-content\/uploads\/2026\/01\/Gesamtrangliste_2026.pdf\" target=\"_blank\">\n\t\t\t\t\t\t<span class=\"elementor-button-content-wrapper\">\n\t\t\t\t\t\t\t\t\t<span class=\"elementor-button-text\">Ranglisten (Homepage TSV D\u00fcdingen)<\/span>\n\t\t\t\t\t<\/span>\n\t\t\t\t\t<\/a>\n\t\t\t\t<\/div>\n\t\t\t\t\t\t\t\t<\/div>\n\t\t\t\t<\/div>\n\t\t\t\t\t<\/div>\n\t\t<\/div>\n\t\t\t\t\t<\/div>\n\t\t<\/section>\n\t\t\t\t<\/div>\n\t\t","protected":false},"excerpt":{"rendered":"<p>UBS Kids Cup Team, Ausscheidung D\u00fcdingen Von Martina Kuhn Am 17. Januar 2026 ging es f\u00fcr sieben Teams des TV L\u00fctzelfl\u00fch Athletics an die letzte lokale Ausscheidung des UBS Kids Cup Team dieser Saison. Nach Verletzungspech und krankheitsbedingten Ausf\u00e4llen war es keine Selbstverst\u00e4ndlichkeit, dass alle sieben Teams \u00fcberhaupt an den Start gehen konnten. Vormittag F\u00fcr [&hellip;]<\/p>\n","protected":false},"author":1,"featured_media":6258,"comment_status":"open","ping_status":"open","sticky":false,"template":"","format":"standard","meta":{"ocean_post_layout":"","ocean_both_sidebars_style":"","ocean_both_sidebars_content_width":0,"ocean_both_sidebars_sidebars_width":0,"ocean_sidebar":"0","ocean_second_sidebar":"0","ocean_disable_margins":"enable","ocean_add_body_class":"","ocean_shortcode_before_top_bar":"","ocean_shortcode_after_top_bar":"","ocean_shortcode_before_header":"","ocean_shortcode_after_header":"","ocean_has_shortcode":"","ocean_shortcode_after_title":"","ocean_shortcode_before_footer_widgets":"","ocean_shortcode_after_footer_widgets":"","ocean_shortcode_before_footer_bottom":"","ocean_shortcode_after_footer_bottom":"","ocean_display_top_bar":"default","ocean_display_header":"default","ocean_header_style":"","ocean_center_header_left_menu":"0","ocean_custom_header_template":"0","ocean_custom_logo":0,"ocean_custom_retina_logo":0,"ocean_custom_logo_max_width":0,"ocean_custom_logo_tablet_max_width":0,"ocean_custom_logo_mobile_max_width":0,"ocean_custom_logo_max_height":0,"ocean_custom_logo_tablet_max_height":0,"ocean_custom_logo_mobile_max_height":0,"ocean_header_custom_menu":"0","ocean_menu_typo_font_family":"0","ocean_menu_typo_font_subset":"","ocean_menu_typo_font_size":0,"ocean_menu_typo_font_size_tablet":0,"ocean_menu_typo_font_size_mobile":0,"ocean_menu_typo_font_size_unit":"px","ocean_menu_typo_font_weight":"","ocean_menu_typo_font_weight_tablet":"","ocean_menu_typo_font_weight_mobile":"","ocean_menu_typo_transform":"","ocean_menu_typo_transform_tablet":"","ocean_menu_typo_transform_mobile":"","ocean_menu_typo_line_height":0,"ocean_menu_typo_line_height_tablet":0,"ocean_menu_typo_line_height_mobile":0,"ocean_menu_typo_line_height_unit":"","ocean_menu_typo_spacing":0,"ocean_menu_typo_spacing_tablet":0,"ocean_menu_typo_spacing_mobile":0,"ocean_menu_typo_spacing_unit":"","ocean_menu_link_color":"","ocean_menu_link_color_hover":"","ocean_menu_link_color_active":"","ocean_menu_link_background":"","ocean_menu_link_hover_background":"","ocean_menu_link_active_background":"","ocean_menu_social_links_bg":"","ocean_menu_social_hover_links_bg":"","ocean_menu_social_links_color":"","ocean_menu_social_hover_links_color":"","ocean_disable_title":"default","ocean_disable_heading":"default","ocean_post_title":"","ocean_post_subheading":"","ocean_post_title_style":"","ocean_post_title_background_color":"","ocean_post_title_background":0,"ocean_post_title_bg_image_position":"","ocean_post_title_bg_image_attachment":"","ocean_post_title_bg_image_repeat":"","ocean_post_title_bg_image_size":"","ocean_post_title_height":0,"ocean_post_title_bg_overlay":0.5,"ocean_post_title_bg_overlay_color":"","ocean_disable_breadcrumbs":"default","ocean_breadcrumbs_color":"","ocean_breadcrumbs_separator_color":"","ocean_breadcrumbs_links_color":"","ocean_breadcrumbs_links_hover_color":"","ocean_display_footer_widgets":"default","ocean_display_footer_bottom":"default","ocean_custom_footer_template":"0","ocean_post_oembed":"","ocean_post_self_hosted_media":"","ocean_post_video_embed":"","ocean_link_format":"","ocean_link_format_target":"self","ocean_quote_format":"","ocean_quote_format_link":"post","ocean_gallery_link_images":"off","ocean_gallery_id":[],"footnotes":""},"categories":[1],"tags":[],"class_list":["post-6257","post","type-post","status-publish","format-standard","has-post-thumbnail","hentry","category-allgemein","entry","has-media"],"_links":{"self":[{"href":"https:\/\/www.tvluetzelflueh.ch\/wp_2019_PSC\/wp-json\/wp\/v2\/posts\/6257","targetHints":{"allow":["GET"]}}],"collection":[{"href":"https:\/\/www.tvluetzelflueh.ch\/wp_2019_PSC\/wp-json\/wp\/v2\/posts"}],"about":[{"href":"https:\/\/www.tvluetzelflueh.ch\/wp_2019_PSC\/wp-json\/wp\/v2\/types\/post"}],"author":[{"embeddable":true,"href":"https:\/\/www.tvluetzelflueh.ch\/wp_2019_PSC\/wp-json\/wp\/v2\/users\/1"}],"replies":[{"embeddable":true,"href":"https:\/\/www.tvluetzelflueh.ch\/wp_2019_PSC\/wp-json\/wp\/v2\/comments?post=6257"}],"version-history":[{"count":4,"href":"https:\/\/www.tvluetzelflueh.ch\/wp_2019_PSC\/wp-json\/wp\/v2\/posts\/6257\/revisions"}],"predecessor-version":[{"id":6262,"href":"https:\/\/www.tvluetzelflueh.ch\/wp_2019_PSC\/wp-json\/wp\/v2\/posts\/6257\/revisions\/6262"}],"wp:featuredmedia":[{"embeddable":true,"href":"https:\/\/www.tvluetzelflueh.ch\/wp_2019_PSC\/wp-json\/wp\/v2\/media\/6258"}],"wp:attachment":[{"href":"https:\/\/www.tvluetzelflueh.ch\/wp_2019_PSC\/wp-json\/wp\/v2\/media?parent=6257"}],"wp:term":[{"taxonomy":"category","embeddable":true,"href":"https:\/\/www.tvluetzelflueh.ch\/wp_2019_PSC\/wp-json\/wp\/v2\/categories?post=6257"},{"taxonomy":"post_tag","embeddable":true,"href":"https:\/\/www.tvluetzelflueh.ch\/wp_2019_PSC\/wp-json\/wp\/v2\/tags?post=6257"}],"curies":[{"name":"wp","href":"https:\/\/api.w.org\/{rel}","templated":true}]}}